{"id":1027,"date":"2020-07-17T16:10:21","date_gmt":"2020-07-17T13:10:21","guid":{"rendered":"https:\/\/sey.fi\/kaakkois-suomi\/?p=1027"},"modified":"2020-07-17T16:10:58","modified_gmt":"2020-07-17T13:10:58","slug":"elainkoti-pesalla-vietetaan-kesalomaa-20-7-16-8-2020","status":"publish","type":"post","link":"https:\/\/sey.fi\/kaakkois-suomi\/2020\/07\/17\/elainkoti-pesalla-vietetaan-kesalomaa-20-7-16-8-2020\/","title":{"rendered":"El\u00e4inkoti Pes\u00e4ll\u00e4 vietet\u00e4\u00e4n kes\u00e4lomaa 20.7.-16.8.2020"},"content":{"rendered":"\n<p>El\u00e4inkoti Pes\u00e4n kes\u00e4loman aikana Pes\u00e4n numerossa ei ole puhelinp\u00e4ivystyst\u00e4. Kissat hoidetaan normaalisti my\u00f6s loman ajan.  Vierailuaikoja jatketaan 1.9.2020 alkaen parillisten viikkojen sunnuntaihin koronatilanteen niin salliessa.   <\/p>\n\n\n\n<p>Loman aikana voit olla yhteydess\u00e4 seuraaviin numeroihin:<\/p>\n\n\n\n<p>LUONNONVARAISTEN ASIAT p. 050 555 1466<\/p>\n\n\n\n<p>HAUTAUSMAAN ASIAT p.  050 432 4942\u00a0 <\/p>\n\n\n\n<p>MUUT YLEISET ASIAT p. 050 555 1197<\/p>\n\n\n\n<p>ETEL\u00c4-KARJALAN SIJAISKOTIASIAT p.  045 694 9597 <\/p>\n\n\n\n<p>ETEL\u00c4-KYMENLAAKSON SIJAISKOTIASIAT p. 050 555 1197<\/p>\n","protected":false},"excerpt":{"rendered":"<p>El\u00e4inkoti Pes\u00e4n kes\u00e4loman aikana Pes\u00e4n numerossa ei ole puhelinp\u00e4ivystyst\u00e4. Kissat hoidetaan normaalisti my\u00f6s loman ajan. Vierailuaikoja jatketaan 1.9.2020 alkaen parillisten viikkojen sunnuntaihin koronatilanteen niin salliessa. Loman aikana voit olla yhteydess\u00e4 seuraaviin numeroihin: LUONNONVARAISTEN ASIAT p. 050 555 1466 HAUTAUSMAAN ASIAT p. 050 432 4942\u00a0 MUUT YLEISET ASIAT p. 050 555 1197 ETEL\u00c4-KARJALAN SIJAISKOTIASIAT p. 045 [&hellip;]<\/p>\n","protected":false},"author":9,"featured_media":0,"comment_status":"closed","ping_status":"closed","sticky":false,"template":"","format":"standard","meta":{"_acf_changed":false,"footnotes":""},"categories":[1],"class_list":["post-1027","post","type-post","status-publish","format-standard","hentry","category-yleinen"],"acf":[],"yoast_head":"<!-- This site is optimized with the Yoast SEO plugin v27.1.1 - https:\/\/yoast.com\/product\/yoast-seo-wordpress\/ -->\n<title>El\u00e4inkoti Pes\u00e4ll\u00e4 vietet\u00e4\u00e4n kes\u00e4lomaa 20.7.-16.8.2020 - Kaakkois-Suomen el\u00e4insuojeluyhdistys<\/title>\n<meta name=\"robots\" content=\"index, follow, max-snippet:-1, max-image-preview:large, max-video-preview:-1\" \/>\n<link rel=\"canonical\" href=\"https:\/\/sey.fi\/kaakkois-suomi\/2020\/07\/17\/elainkoti-pesalla-vietetaan-kesalomaa-20-7-16-8-2020\/\" \/>\n<meta property=\"og:locale\" content=\"fi_FI\" \/>\n<meta property=\"og:type\" content=\"article\" \/>\n<meta property=\"og:title\" content=\"El\u00e4inkoti Pes\u00e4ll\u00e4 vietet\u00e4\u00e4n kes\u00e4lomaa 20.7.-16.8.2020 - Kaakkois-Suomen el\u00e4insuojeluyhdistys\" \/>\n<meta property=\"og:description\" content=\"El\u00e4inkoti Pes\u00e4n kes\u00e4loman aikana Pes\u00e4n numerossa ei ole puhelinp\u00e4ivystyst\u00e4. Kissat hoidetaan normaalisti my\u00f6s loman ajan. Vierailuaikoja jatketaan 1.9.2020 alkaen parillisten viikkojen sunnuntaihin koronatilanteen niin salliessa. Loman aikana voit olla yhteydess\u00e4 seuraaviin numeroihin: LUONNONVARAISTEN ASIAT p. 050 555 1466 HAUTAUSMAAN ASIAT p. 050 432 4942\u00a0 MUUT YLEISET ASIAT p. 050 555 1197 ETEL\u00c4-KARJALAN SIJAISKOTIASIAT p. 045 [&hellip;]\" \/>\n<meta property=\"og:url\" content=\"https:\/\/sey.fi\/kaakkois-suomi\/2020\/07\/17\/elainkoti-pesalla-vietetaan-kesalomaa-20-7-16-8-2020\/\" \/>\n<meta property=\"og:site_name\" content=\"Kaakkois-Suomen el\u00e4insuojeluyhdistys\" \/>\n<meta property=\"article:published_time\" content=\"2020-07-17T13:10:21+00:00\" \/>\n<meta property=\"article:modified_time\" content=\"2020-07-17T13:10:58+00:00\" \/>\n<meta name=\"author\" content=\"kasey\" \/>\n<meta name=\"twitter:card\" content=\"summary_large_image\" \/>\n<meta name=\"twitter:label1\" content=\"Kirjoittanut\" \/>\n\t<meta name=\"twitter:data1\" content=\"kasey\" \/>\n<script type=\"application\/ld+json\" class=\"yoast-schema-graph\">{\"@context\":\"https:\/\/schema.org\",\"@graph\":[{\"@type\":\"Article\",\"@id\":\"https:\/\/sey.fi\/kaakkois-suomi\/2020\/07\/17\/elainkoti-pesalla-vietetaan-kesalomaa-20-7-16-8-2020\/#article\",\"isPartOf\":{\"@id\":\"https:\/\/sey.fi\/kaakkois-suomi\/2020\/07\/17\/elainkoti-pesalla-vietetaan-kesalomaa-20-7-16-8-2020\/\"},\"author\":{\"name\":\"kasey\",\"@id\":\"https:\/\/sey.fi\/kaakkois-suomi\/#\/schema\/person\/27347e716209da4e173eea894d8510a4\"},\"headline\":\"El\u00e4inkoti Pes\u00e4ll\u00e4 vietet\u00e4\u00e4n kes\u00e4lomaa 20.7.-16.8.2020\",\"datePublished\":\"2020-07-17T13:10:21+00:00\",\"dateModified\":\"2020-07-17T13:10:58+00:00\",\"mainEntityOfPage\":{\"@id\":\"https:\/\/sey.fi\/kaakkois-suomi\/2020\/07\/17\/elainkoti-pesalla-vietetaan-kesalomaa-20-7-16-8-2020\/\"},\"wordCount\":64,\"inLanguage\":\"fi\"},{\"@type\":\"WebPage\",\"@id\":\"https:\/\/sey.fi\/kaakkois-suomi\/2020\/07\/17\/elainkoti-pesalla-vietetaan-kesalomaa-20-7-16-8-2020\/\",\"url\":\"https:\/\/sey.fi\/kaakkois-suomi\/2020\/07\/17\/elainkoti-pesalla-vietetaan-kesalomaa-20-7-16-8-2020\/\",\"name\":\"El\u00e4inkoti Pes\u00e4ll\u00e4 vietet\u00e4\u00e4n kes\u00e4lomaa 20.7.-16.8.2020 - Kaakkois-Suomen el\u00e4insuojeluyhdistys\",\"isPartOf\":{\"@id\":\"https:\/\/sey.fi\/kaakkois-suomi\/#website\"},\"datePublished\":\"2020-07-17T13:10:21+00:00\",\"dateModified\":\"2020-07-17T13:10:58+00:00\",\"author\":{\"@id\":\"https:\/\/sey.fi\/kaakkois-suomi\/#\/schema\/person\/27347e716209da4e173eea894d8510a4\"},\"breadcrumb\":{\"@id\":\"https:\/\/sey.fi\/kaakkois-suomi\/2020\/07\/17\/elainkoti-pesalla-vietetaan-kesalomaa-20-7-16-8-2020\/#breadcrumb\"},\"inLanguage\":\"fi\",\"potentialAction\":[{\"@type\":\"ReadAction\",\"target\":[\"https:\/\/sey.fi\/kaakkois-suomi\/2020\/07\/17\/elainkoti-pesalla-vietetaan-kesalomaa-20-7-16-8-2020\/\"]}]},{\"@type\":\"BreadcrumbList\",\"@id\":\"https:\/\/sey.fi\/kaakkois-suomi\/2020\/07\/17\/elainkoti-pesalla-vietetaan-kesalomaa-20-7-16-8-2020\/#breadcrumb\",\"itemListElement\":[{\"@type\":\"ListItem\",\"position\":1,\"name\":\"Home\",\"item\":\"https:\/\/sey.fi\/kaakkois-suomi\/\"},{\"@type\":\"ListItem\",\"position\":2,\"name\":\"El\u00e4inkoti Pes\u00e4ll\u00e4 vietet\u00e4\u00e4n kes\u00e4lomaa 20.7.-16.8.2020\"}]},{\"@type\":\"WebSite\",\"@id\":\"https:\/\/sey.fi\/kaakkois-suomi\/#website\",\"url\":\"https:\/\/sey.fi\/kaakkois-suomi\/\",\"name\":\"Kaakkois-Suomen el\u00e4insuojeluyhdistys\",\"description\":\"Uusi SEY J\u00e4senyhdistykset -sivusto\",\"potentialAction\":[{\"@type\":\"SearchAction\",\"target\":{\"@type\":\"EntryPoint\",\"urlTemplate\":\"https:\/\/sey.fi\/kaakkois-suomi\/?s={search_term_string}\"},\"query-input\":{\"@type\":\"PropertyValueSpecification\",\"valueRequired\":true,\"valueName\":\"search_term_string\"}}],\"inLanguage\":\"fi\"},{\"@type\":\"Person\",\"@id\":\"https:\/\/sey.fi\/kaakkois-suomi\/#\/schema\/person\/27347e716209da4e173eea894d8510a4\",\"name\":\"kasey\",\"image\":{\"@type\":\"ImageObject\",\"inLanguage\":\"fi\",\"@id\":\"https:\/\/sey.fi\/kaakkois-suomi\/#\/schema\/person\/image\/\",\"url\":\"https:\/\/secure.gravatar.com\/avatar\/1fc3d7174d1815bf1775f3e7361a0422ef85a4ba1f94d4f991c4adbbe1d006d9?s=96&d=mm&r=g\",\"contentUrl\":\"https:\/\/secure.gravatar.com\/avatar\/1fc3d7174d1815bf1775f3e7361a0422ef85a4ba1f94d4f991c4adbbe1d006d9?s=96&d=mm&r=g\",\"caption\":\"kasey\"},\"url\":\"https:\/\/sey.fi\/kaakkois-suomi\/author\/ksesy\/\"}]}<\/script>\n<!-- \/ Yoast SEO plugin. -->","yoast_head_json":{"title":"El\u00e4inkoti Pes\u00e4ll\u00e4 vietet\u00e4\u00e4n kes\u00e4lomaa 20.7.-16.8.2020 - Kaakkois-Suomen el\u00e4insuojeluyhdistys","robots":{"index":"index","follow":"follow","max-snippet":"max-snippet:-1","max-image-preview":"max-image-preview:large","max-video-preview":"max-video-preview:-1"},"canonical":"https:\/\/sey.fi\/kaakkois-suomi\/2020\/07\/17\/elainkoti-pesalla-vietetaan-kesalomaa-20-7-16-8-2020\/","og_locale":"fi_FI","og_type":"article","og_title":"El\u00e4inkoti Pes\u00e4ll\u00e4 vietet\u00e4\u00e4n kes\u00e4lomaa 20.7.-16.8.2020 - Kaakkois-Suomen el\u00e4insuojeluyhdistys","og_description":"El\u00e4inkoti Pes\u00e4n kes\u00e4loman aikana Pes\u00e4n numerossa ei ole puhelinp\u00e4ivystyst\u00e4. Kissat hoidetaan normaalisti my\u00f6s loman ajan. Vierailuaikoja jatketaan 1.9.2020 alkaen parillisten viikkojen sunnuntaihin koronatilanteen niin salliessa. Loman aikana voit olla yhteydess\u00e4 seuraaviin numeroihin: LUONNONVARAISTEN ASIAT p. 050 555 1466 HAUTAUSMAAN ASIAT p. 050 432 4942\u00a0 MUUT YLEISET ASIAT p. 050 555 1197 ETEL\u00c4-KARJALAN SIJAISKOTIASIAT p. 045 [&hellip;]","og_url":"https:\/\/sey.fi\/kaakkois-suomi\/2020\/07\/17\/elainkoti-pesalla-vietetaan-kesalomaa-20-7-16-8-2020\/","og_site_name":"Kaakkois-Suomen el\u00e4insuojeluyhdistys","article_published_time":"2020-07-17T13:10:21+00:00","article_modified_time":"2020-07-17T13:10:58+00:00","author":"kasey","twitter_card":"summary_large_image","twitter_misc":{"Kirjoittanut":"kasey"},"schema":{"@context":"https:\/\/schema.org","@graph":[{"@type":"Article","@id":"https:\/\/sey.fi\/kaakkois-suomi\/2020\/07\/17\/elainkoti-pesalla-vietetaan-kesalomaa-20-7-16-8-2020\/#article","isPartOf":{"@id":"https:\/\/sey.fi\/kaakkois-suomi\/2020\/07\/17\/elainkoti-pesalla-vietetaan-kesalomaa-20-7-16-8-2020\/"},"author":{"name":"kasey","@id":"https:\/\/sey.fi\/kaakkois-suomi\/#\/schema\/person\/27347e716209da4e173eea894d8510a4"},"headline":"El\u00e4inkoti Pes\u00e4ll\u00e4 vietet\u00e4\u00e4n kes\u00e4lomaa 20.7.-16.8.2020","datePublished":"2020-07-17T13:10:21+00:00","dateModified":"2020-07-17T13:10:58+00:00","mainEntityOfPage":{"@id":"https:\/\/sey.fi\/kaakkois-suomi\/2020\/07\/17\/elainkoti-pesalla-vietetaan-kesalomaa-20-7-16-8-2020\/"},"wordCount":64,"inLanguage":"fi"},{"@type":"WebPage","@id":"https:\/\/sey.fi\/kaakkois-suomi\/2020\/07\/17\/elainkoti-pesalla-vietetaan-kesalomaa-20-7-16-8-2020\/","url":"https:\/\/sey.fi\/kaakkois-suomi\/2020\/07\/17\/elainkoti-pesalla-vietetaan-kesalomaa-20-7-16-8-2020\/","name":"El\u00e4inkoti Pes\u00e4ll\u00e4 vietet\u00e4\u00e4n kes\u00e4lomaa 20.7.-16.8.2020 - Kaakkois-Suomen el\u00e4insuojeluyhdistys","isPartOf":{"@id":"https:\/\/sey.fi\/kaakkois-suomi\/#website"},"datePublished":"2020-07-17T13:10:21+00:00","dateModified":"2020-07-17T13:10:58+00:00","author":{"@id":"https:\/\/sey.fi\/kaakkois-suomi\/#\/schema\/person\/27347e716209da4e173eea894d8510a4"},"breadcrumb":{"@id":"https:\/\/sey.fi\/kaakkois-suomi\/2020\/07\/17\/elainkoti-pesalla-vietetaan-kesalomaa-20-7-16-8-2020\/#breadcrumb"},"inLanguage":"fi","potentialAction":[{"@type":"ReadAction","target":["https:\/\/sey.fi\/kaakkois-suomi\/2020\/07\/17\/elainkoti-pesalla-vietetaan-kesalomaa-20-7-16-8-2020\/"]}]},{"@type":"BreadcrumbList","@id":"https:\/\/sey.fi\/kaakkois-suomi\/2020\/07\/17\/elainkoti-pesalla-vietetaan-kesalomaa-20-7-16-8-2020\/#breadcrumb","itemListElement":[{"@type":"ListItem","position":1,"name":"Home","item":"https:\/\/sey.fi\/kaakkois-suomi\/"},{"@type":"ListItem","position":2,"name":"El\u00e4inkoti Pes\u00e4ll\u00e4 vietet\u00e4\u00e4n kes\u00e4lomaa 20.7.-16.8.2020"}]},{"@type":"WebSite","@id":"https:\/\/sey.fi\/kaakkois-suomi\/#website","url":"https:\/\/sey.fi\/kaakkois-suomi\/","name":"Kaakkois-Suomen el\u00e4insuojeluyhdistys","description":"Uusi SEY J\u00e4senyhdistykset -sivusto","potentialAction":[{"@type":"SearchAction","target":{"@type":"EntryPoint","urlTemplate":"https:\/\/sey.fi\/kaakkois-suomi\/?s={search_term_string}"},"query-input":{"@type":"PropertyValueSpecification","valueRequired":true,"valueName":"search_term_string"}}],"inLanguage":"fi"},{"@type":"Person","@id":"https:\/\/sey.fi\/kaakkois-suomi\/#\/schema\/person\/27347e716209da4e173eea894d8510a4","name":"kasey","image":{"@type":"ImageObject","inLanguage":"fi","@id":"https:\/\/sey.fi\/kaakkois-suomi\/#\/schema\/person\/image\/","url":"https:\/\/secure.gravatar.com\/avatar\/1fc3d7174d1815bf1775f3e7361a0422ef85a4ba1f94d4f991c4adbbe1d006d9?s=96&d=mm&r=g","contentUrl":"https:\/\/secure.gravatar.com\/avatar\/1fc3d7174d1815bf1775f3e7361a0422ef85a4ba1f94d4f991c4adbbe1d006d9?s=96&d=mm&r=g","caption":"kasey"},"url":"https:\/\/sey.fi\/kaakkois-suomi\/author\/ksesy\/"}]}},"_links":{"self":[{"href":"https:\/\/sey.fi\/kaakkois-suomi\/wp-json\/wp\/v2\/posts\/1027","targetHints":{"allow":["GET"]}}],"collection":[{"href":"https:\/\/sey.fi\/kaakkois-suomi\/wp-json\/wp\/v2\/posts"}],"about":[{"href":"https:\/\/sey.fi\/kaakkois-suomi\/wp-json\/wp\/v2\/types\/post"}],"author":[{"embeddable":true,"href":"https:\/\/sey.fi\/kaakkois-suomi\/wp-json\/wp\/v2\/users\/9"}],"replies":[{"embeddable":true,"href":"https:\/\/sey.fi\/kaakkois-suomi\/wp-json\/wp\/v2\/comments?post=1027"}],"version-history":[{"count":2,"href":"https:\/\/sey.fi\/kaakkois-suomi\/wp-json\/wp\/v2\/posts\/1027\/revisions"}],"predecessor-version":[{"id":1029,"href":"https:\/\/sey.fi\/kaakkois-suomi\/wp-json\/wp\/v2\/posts\/1027\/revisions\/1029"}],"wp:attachment":[{"href":"https:\/\/sey.fi\/kaakkois-suomi\/wp-json\/wp\/v2\/media?parent=1027"}],"wp:term":[{"taxonomy":"category","embeddable":true,"href":"https:\/\/sey.fi\/kaakkois-suomi\/wp-json\/wp\/v2\/categories?post=1027"}],"curies":[{"name":"wp","href":"https:\/\/api.w.org\/{rel}","templated":true}]}}