{"id":1845,"date":"2021-07-12T16:51:24","date_gmt":"2021-07-12T13:51:24","guid":{"rendered":"https:\/\/sey.fi\/kaakkois-suomi\/?p=1845"},"modified":"2021-07-12T16:51:27","modified_gmt":"2021-07-12T13:51:27","slug":"miun-kahvilapaivat-16-18-7-2021","status":"publish","type":"post","link":"https:\/\/sey.fi\/kaakkois-suomi\/2021\/07\/12\/miun-kahvilapaivat-16-18-7-2021\/","title":{"rendered":"Miun kahvilap\u00e4iv\u00e4t 16.-18.7.2021"},"content":{"rendered":"\n<p>Miun Kahvila on avoinna ensimm\u00e4ist\u00e4 kertaa 16.7.-18.7.2021. Kahvila sijaitsee Lappeenrannassa El\u00e4insuojelukeskus Miun p\u00e4\u00e4dyss\u00e4 aivan Saimaan kanavan laidalla, Mustolan sulun vieress\u00e4. Kahvila on auki erikseen ilmoitettuina ajankohtina ja kahvilan toiminta tehd\u00e4\u00e4n vapaaehtoisvoimin.<\/p>\n\n\n\n<p>Miun Kahvilassa on kaksi kissahuonetta, joiden asukkaita kahvilavieraat p\u00e4\u00e4sev\u00e4t ihastelemaan suurista ikkunoista. Kahvilap\u00e4ivin\u00e4 ei ole mahdollista p\u00e4\u00e4st\u00e4 silitt\u00e4m\u00e4\u00e4n kissoja tai vierailemaan rakennuksen muissa tiloissa. El\u00e4insuojelukeskus Miun avajaisia vietet\u00e4\u00e4n my\u00f6hemmin, jonka j\u00e4lkeen koko keskus on avoinna yleis\u00f6lle.<\/p>\n\n\n\n<p>Ensimm\u00e4isten kahvilap\u00e4ivien tarkemmat aukioloajat ovat seuraavat:<br>16.7. klo 16-19<br>17.7. klo 12-16<br>18.7 klo 12-16<\/p>\n\n\n\n<p>El\u00e4insuojelukeskus Miu, It\u00e4inen Kanavatie 6, 53420 Lappeenranta<\/p>\n\n\n\n<p>L\u00e4mpim\u00e4sti tervetuloa Miulle!\u00a0<\/p>\n","protected":false},"excerpt":{"rendered":"<p>Miun Kahvila on avoinna ensimm\u00e4ist\u00e4 kertaa 16.7.-18.7.2021. Kahvila sijaitsee Lappeenrannassa El\u00e4insuojelukeskus Miun p\u00e4\u00e4dyss\u00e4 aivan Saimaan kanavan laidalla, Mustolan sulun vieress\u00e4. Kahvila on auki erikseen ilmoitettuina ajankohtina ja kahvilan toiminta tehd\u00e4\u00e4n vapaaehtoisvoimin. Miun Kahvilassa on kaksi kissahuonetta, joiden asukkaita kahvilavieraat p\u00e4\u00e4sev\u00e4t ihastelemaan suurista ikkunoista. Kahvilap\u00e4ivin\u00e4 ei ole mahdollista p\u00e4\u00e4st\u00e4 silitt\u00e4m\u00e4\u00e4n kissoja tai vierailemaan rakennuksen muissa tiloissa. [&hellip;]<\/p>\n","protected":false},"author":9,"featured_media":0,"comment_status":"closed","ping_status":"closed","sticky":false,"template":"","format":"standard","meta":{"_acf_changed":false,"footnotes":""},"categories":[1],"class_list":["post-1845","post","type-post","status-publish","format-standard","hentry","category-yleinen"],"acf":[],"yoast_head":"<!-- This site is optimized with the Yoast SEO plugin v27.1.1 - https:\/\/yoast.com\/product\/yoast-seo-wordpress\/ -->\n<title>Miun kahvilap\u00e4iv\u00e4t 16.-18.7.2021 - Kaakkois-Suomen el\u00e4insuojeluyhdistys<\/title>\n<meta name=\"robots\" content=\"index, follow, max-snippet:-1, max-image-preview:large, max-video-preview:-1\" \/>\n<link rel=\"canonical\" href=\"https:\/\/sey.fi\/kaakkois-suomi\/2021\/07\/12\/miun-kahvilapaivat-16-18-7-2021\/\" \/>\n<meta property=\"og:locale\" content=\"fi_FI\" \/>\n<meta property=\"og:type\" content=\"article\" \/>\n<meta property=\"og:title\" content=\"Miun kahvilap\u00e4iv\u00e4t 16.-18.7.2021 - Kaakkois-Suomen el\u00e4insuojeluyhdistys\" \/>\n<meta property=\"og:description\" content=\"Miun Kahvila on avoinna ensimm\u00e4ist\u00e4 kertaa 16.7.-18.7.2021. Kahvila sijaitsee Lappeenrannassa El\u00e4insuojelukeskus Miun p\u00e4\u00e4dyss\u00e4 aivan Saimaan kanavan laidalla, Mustolan sulun vieress\u00e4. Kahvila on auki erikseen ilmoitettuina ajankohtina ja kahvilan toiminta tehd\u00e4\u00e4n vapaaehtoisvoimin. Miun Kahvilassa on kaksi kissahuonetta, joiden asukkaita kahvilavieraat p\u00e4\u00e4sev\u00e4t ihastelemaan suurista ikkunoista. Kahvilap\u00e4ivin\u00e4 ei ole mahdollista p\u00e4\u00e4st\u00e4 silitt\u00e4m\u00e4\u00e4n kissoja tai vierailemaan rakennuksen muissa tiloissa. [&hellip;]\" \/>\n<meta property=\"og:url\" content=\"https:\/\/sey.fi\/kaakkois-suomi\/2021\/07\/12\/miun-kahvilapaivat-16-18-7-2021\/\" \/>\n<meta property=\"og:site_name\" content=\"Kaakkois-Suomen el\u00e4insuojeluyhdistys\" \/>\n<meta property=\"article:published_time\" content=\"2021-07-12T13:51:24+00:00\" \/>\n<meta property=\"article:modified_time\" content=\"2021-07-12T13:51:27+00:00\" \/>\n<meta name=\"author\" content=\"kasey\" \/>\n<meta name=\"twitter:card\" content=\"summary_large_image\" \/>\n<meta name=\"twitter:label1\" content=\"Kirjoittanut\" \/>\n\t<meta name=\"twitter:data1\" content=\"kasey\" \/>\n\t<meta name=\"twitter:label2\" content=\"Arvioitu lukuaika\" \/>\n\t<meta name=\"twitter:data2\" content=\"1 minuutti\" \/>\n<script type=\"application\/ld+json\" class=\"yoast-schema-graph\">{\"@context\":\"https:\/\/schema.org\",\"@graph\":[{\"@type\":\"Article\",\"@id\":\"https:\/\/sey.fi\/kaakkois-suomi\/2021\/07\/12\/miun-kahvilapaivat-16-18-7-2021\/#article\",\"isPartOf\":{\"@id\":\"https:\/\/sey.fi\/kaakkois-suomi\/2021\/07\/12\/miun-kahvilapaivat-16-18-7-2021\/\"},\"author\":{\"name\":\"kasey\",\"@id\":\"https:\/\/sey.fi\/kaakkois-suomi\/#\/schema\/person\/27347e716209da4e173eea894d8510a4\"},\"headline\":\"Miun kahvilap\u00e4iv\u00e4t 16.-18.7.2021\",\"datePublished\":\"2021-07-12T13:51:24+00:00\",\"dateModified\":\"2021-07-12T13:51:27+00:00\",\"mainEntityOfPage\":{\"@id\":\"https:\/\/sey.fi\/kaakkois-suomi\/2021\/07\/12\/miun-kahvilapaivat-16-18-7-2021\/\"},\"wordCount\":113,\"inLanguage\":\"fi\"},{\"@type\":\"WebPage\",\"@id\":\"https:\/\/sey.fi\/kaakkois-suomi\/2021\/07\/12\/miun-kahvilapaivat-16-18-7-2021\/\",\"url\":\"https:\/\/sey.fi\/kaakkois-suomi\/2021\/07\/12\/miun-kahvilapaivat-16-18-7-2021\/\",\"name\":\"Miun kahvilap\u00e4iv\u00e4t 16.-18.7.2021 - Kaakkois-Suomen el\u00e4insuojeluyhdistys\",\"isPartOf\":{\"@id\":\"https:\/\/sey.fi\/kaakkois-suomi\/#website\"},\"datePublished\":\"2021-07-12T13:51:24+00:00\",\"dateModified\":\"2021-07-12T13:51:27+00:00\",\"author\":{\"@id\":\"https:\/\/sey.fi\/kaakkois-suomi\/#\/schema\/person\/27347e716209da4e173eea894d8510a4\"},\"breadcrumb\":{\"@id\":\"https:\/\/sey.fi\/kaakkois-suomi\/2021\/07\/12\/miun-kahvilapaivat-16-18-7-2021\/#breadcrumb\"},\"inLanguage\":\"fi\",\"potentialAction\":[{\"@type\":\"ReadAction\",\"target\":[\"https:\/\/sey.fi\/kaakkois-suomi\/2021\/07\/12\/miun-kahvilapaivat-16-18-7-2021\/\"]}]},{\"@type\":\"BreadcrumbList\",\"@id\":\"https:\/\/sey.fi\/kaakkois-suomi\/2021\/07\/12\/miun-kahvilapaivat-16-18-7-2021\/#breadcrumb\",\"itemListElement\":[{\"@type\":\"ListItem\",\"position\":1,\"name\":\"Home\",\"item\":\"https:\/\/sey.fi\/kaakkois-suomi\/\"},{\"@type\":\"ListItem\",\"position\":2,\"name\":\"Miun kahvilap\u00e4iv\u00e4t 16.-18.7.2021\"}]},{\"@type\":\"WebSite\",\"@id\":\"https:\/\/sey.fi\/kaakkois-suomi\/#website\",\"url\":\"https:\/\/sey.fi\/kaakkois-suomi\/\",\"name\":\"Kaakkois-Suomen el\u00e4insuojeluyhdistys\",\"description\":\"Uusi SEY J\u00e4senyhdistykset -sivusto\",\"potentialAction\":[{\"@type\":\"SearchAction\",\"target\":{\"@type\":\"EntryPoint\",\"urlTemplate\":\"https:\/\/sey.fi\/kaakkois-suomi\/?s={search_term_string}\"},\"query-input\":{\"@type\":\"PropertyValueSpecification\",\"valueRequired\":true,\"valueName\":\"search_term_string\"}}],\"inLanguage\":\"fi\"},{\"@type\":\"Person\",\"@id\":\"https:\/\/sey.fi\/kaakkois-suomi\/#\/schema\/person\/27347e716209da4e173eea894d8510a4\",\"name\":\"kasey\",\"image\":{\"@type\":\"ImageObject\",\"inLanguage\":\"fi\",\"@id\":\"https:\/\/sey.fi\/kaakkois-suomi\/#\/schema\/person\/image\/\",\"url\":\"https:\/\/secure.gravatar.com\/avatar\/1fc3d7174d1815bf1775f3e7361a0422ef85a4ba1f94d4f991c4adbbe1d006d9?s=96&d=mm&r=g\",\"contentUrl\":\"https:\/\/secure.gravatar.com\/avatar\/1fc3d7174d1815bf1775f3e7361a0422ef85a4ba1f94d4f991c4adbbe1d006d9?s=96&d=mm&r=g\",\"caption\":\"kasey\"},\"url\":\"https:\/\/sey.fi\/kaakkois-suomi\/author\/ksesy\/\"}]}<\/script>\n<!-- \/ Yoast SEO plugin. -->","yoast_head_json":{"title":"Miun kahvilap\u00e4iv\u00e4t 16.-18.7.2021 - Kaakkois-Suomen el\u00e4insuojeluyhdistys","robots":{"index":"index","follow":"follow","max-snippet":"max-snippet:-1","max-image-preview":"max-image-preview:large","max-video-preview":"max-video-preview:-1"},"canonical":"https:\/\/sey.fi\/kaakkois-suomi\/2021\/07\/12\/miun-kahvilapaivat-16-18-7-2021\/","og_locale":"fi_FI","og_type":"article","og_title":"Miun kahvilap\u00e4iv\u00e4t 16.-18.7.2021 - Kaakkois-Suomen el\u00e4insuojeluyhdistys","og_description":"Miun Kahvila on avoinna ensimm\u00e4ist\u00e4 kertaa 16.7.-18.7.2021. Kahvila sijaitsee Lappeenrannassa El\u00e4insuojelukeskus Miun p\u00e4\u00e4dyss\u00e4 aivan Saimaan kanavan laidalla, Mustolan sulun vieress\u00e4. Kahvila on auki erikseen ilmoitettuina ajankohtina ja kahvilan toiminta tehd\u00e4\u00e4n vapaaehtoisvoimin. Miun Kahvilassa on kaksi kissahuonetta, joiden asukkaita kahvilavieraat p\u00e4\u00e4sev\u00e4t ihastelemaan suurista ikkunoista. Kahvilap\u00e4ivin\u00e4 ei ole mahdollista p\u00e4\u00e4st\u00e4 silitt\u00e4m\u00e4\u00e4n kissoja tai vierailemaan rakennuksen muissa tiloissa. [&hellip;]","og_url":"https:\/\/sey.fi\/kaakkois-suomi\/2021\/07\/12\/miun-kahvilapaivat-16-18-7-2021\/","og_site_name":"Kaakkois-Suomen el\u00e4insuojeluyhdistys","article_published_time":"2021-07-12T13:51:24+00:00","article_modified_time":"2021-07-12T13:51:27+00:00","author":"kasey","twitter_card":"summary_large_image","twitter_misc":{"Kirjoittanut":"kasey","Arvioitu lukuaika":"1 minuutti"},"schema":{"@context":"https:\/\/schema.org","@graph":[{"@type":"Article","@id":"https:\/\/sey.fi\/kaakkois-suomi\/2021\/07\/12\/miun-kahvilapaivat-16-18-7-2021\/#article","isPartOf":{"@id":"https:\/\/sey.fi\/kaakkois-suomi\/2021\/07\/12\/miun-kahvilapaivat-16-18-7-2021\/"},"author":{"name":"kasey","@id":"https:\/\/sey.fi\/kaakkois-suomi\/#\/schema\/person\/27347e716209da4e173eea894d8510a4"},"headline":"Miun kahvilap\u00e4iv\u00e4t 16.-18.7.2021","datePublished":"2021-07-12T13:51:24+00:00","dateModified":"2021-07-12T13:51:27+00:00","mainEntityOfPage":{"@id":"https:\/\/sey.fi\/kaakkois-suomi\/2021\/07\/12\/miun-kahvilapaivat-16-18-7-2021\/"},"wordCount":113,"inLanguage":"fi"},{"@type":"WebPage","@id":"https:\/\/sey.fi\/kaakkois-suomi\/2021\/07\/12\/miun-kahvilapaivat-16-18-7-2021\/","url":"https:\/\/sey.fi\/kaakkois-suomi\/2021\/07\/12\/miun-kahvilapaivat-16-18-7-2021\/","name":"Miun kahvilap\u00e4iv\u00e4t 16.-18.7.2021 - Kaakkois-Suomen el\u00e4insuojeluyhdistys","isPartOf":{"@id":"https:\/\/sey.fi\/kaakkois-suomi\/#website"},"datePublished":"2021-07-12T13:51:24+00:00","dateModified":"2021-07-12T13:51:27+00:00","author":{"@id":"https:\/\/sey.fi\/kaakkois-suomi\/#\/schema\/person\/27347e716209da4e173eea894d8510a4"},"breadcrumb":{"@id":"https:\/\/sey.fi\/kaakkois-suomi\/2021\/07\/12\/miun-kahvilapaivat-16-18-7-2021\/#breadcrumb"},"inLanguage":"fi","potentialAction":[{"@type":"ReadAction","target":["https:\/\/sey.fi\/kaakkois-suomi\/2021\/07\/12\/miun-kahvilapaivat-16-18-7-2021\/"]}]},{"@type":"BreadcrumbList","@id":"https:\/\/sey.fi\/kaakkois-suomi\/2021\/07\/12\/miun-kahvilapaivat-16-18-7-2021\/#breadcrumb","itemListElement":[{"@type":"ListItem","position":1,"name":"Home","item":"https:\/\/sey.fi\/kaakkois-suomi\/"},{"@type":"ListItem","position":2,"name":"Miun kahvilap\u00e4iv\u00e4t 16.-18.7.2021"}]},{"@type":"WebSite","@id":"https:\/\/sey.fi\/kaakkois-suomi\/#website","url":"https:\/\/sey.fi\/kaakkois-suomi\/","name":"Kaakkois-Suomen el\u00e4insuojeluyhdistys","description":"Uusi SEY J\u00e4senyhdistykset -sivusto","potentialAction":[{"@type":"SearchAction","target":{"@type":"EntryPoint","urlTemplate":"https:\/\/sey.fi\/kaakkois-suomi\/?s={search_term_string}"},"query-input":{"@type":"PropertyValueSpecification","valueRequired":true,"valueName":"search_term_string"}}],"inLanguage":"fi"},{"@type":"Person","@id":"https:\/\/sey.fi\/kaakkois-suomi\/#\/schema\/person\/27347e716209da4e173eea894d8510a4","name":"kasey","image":{"@type":"ImageObject","inLanguage":"fi","@id":"https:\/\/sey.fi\/kaakkois-suomi\/#\/schema\/person\/image\/","url":"https:\/\/secure.gravatar.com\/avatar\/1fc3d7174d1815bf1775f3e7361a0422ef85a4ba1f94d4f991c4adbbe1d006d9?s=96&d=mm&r=g","contentUrl":"https:\/\/secure.gravatar.com\/avatar\/1fc3d7174d1815bf1775f3e7361a0422ef85a4ba1f94d4f991c4adbbe1d006d9?s=96&d=mm&r=g","caption":"kasey"},"url":"https:\/\/sey.fi\/kaakkois-suomi\/author\/ksesy\/"}]}},"_links":{"self":[{"href":"https:\/\/sey.fi\/kaakkois-suomi\/wp-json\/wp\/v2\/posts\/1845","targetHints":{"allow":["GET"]}}],"collection":[{"href":"https:\/\/sey.fi\/kaakkois-suomi\/wp-json\/wp\/v2\/posts"}],"about":[{"href":"https:\/\/sey.fi\/kaakkois-suomi\/wp-json\/wp\/v2\/types\/post"}],"author":[{"embeddable":true,"href":"https:\/\/sey.fi\/kaakkois-suomi\/wp-json\/wp\/v2\/users\/9"}],"replies":[{"embeddable":true,"href":"https:\/\/sey.fi\/kaakkois-suomi\/wp-json\/wp\/v2\/comments?post=1845"}],"version-history":[{"count":1,"href":"https:\/\/sey.fi\/kaakkois-suomi\/wp-json\/wp\/v2\/posts\/1845\/revisions"}],"predecessor-version":[{"id":1846,"href":"https:\/\/sey.fi\/kaakkois-suomi\/wp-json\/wp\/v2\/posts\/1845\/revisions\/1846"}],"wp:attachment":[{"href":"https:\/\/sey.fi\/kaakkois-suomi\/wp-json\/wp\/v2\/media?parent=1845"}],"wp:term":[{"taxonomy":"category","embeddable":true,"href":"https:\/\/sey.fi\/kaakkois-suomi\/wp-json\/wp\/v2\/categories?post=1845"}],"curies":[{"name":"wp","href":"https:\/\/api.w.org\/{rel}","templated":true}]}}