{"id":1891,"date":"2021-07-28T16:33:47","date_gmt":"2021-07-28T13:33:47","guid":{"rendered":"https:\/\/sey.fi\/kaakkois-suomi\/?p=1891"},"modified":"2021-08-13T16:36:23","modified_gmt":"2021-08-13T13:36:23","slug":"elainsuojelukeskus-miun-avajaiset-pidetaan-22-8-2021-klo-12-18","status":"publish","type":"post","link":"https:\/\/sey.fi\/kaakkois-suomi\/2021\/07\/28\/elainsuojelukeskus-miun-avajaiset-pidetaan-22-8-2021-klo-12-18\/","title":{"rendered":"El\u00e4insuojelukeskus Miun avajaiset PERUTTU!"},"content":{"rendered":"\n<p>El\u00e4insuojelukeskus Miun avajaiset perutaan 22.8.2021.<\/p>\n\n\n\n<p>Kaakkois-Suomen el\u00e4insuojeluyhdistys ry:n hallitus on p\u00e4\u00e4tt\u00e4nyt perua el\u00e4insuojelukeskus Miun avajaiset 22.8. Yhdistyksen toimijoiden ja vierailijoidemme turvallisuus on meille ensisijaisen t\u00e4rke\u00e4\u00e4, ja t\u00e4ll\u00e4 hetkell\u00e4 koronavirusepidemia on alueellamme kiihtymisvaiheessa. Suositusten mukaan yleis\u00f6tilaisuuksissa pit\u00e4\u00e4 pysty\u00e4 v\u00e4ltt\u00e4m\u00e4\u00e4n l\u00e4hikontaktit, ja t\u00e4m\u00e4 olisi ollut haasteellista suuren k\u00e4vij\u00e4m\u00e4\u00e4r\u00e4n my\u00f6t\u00e4. Avajaiset pyrimme edelleen j\u00e4rjest\u00e4m\u00e4\u00e4n.<\/p>\n\n\n\n<p>Seuraamme tilanteen kehittymist\u00e4 ja ilmoitamme uudesta p\u00e4iv\u00e4m\u00e4\u00e4r\u00e4st\u00e4 my\u00f6hemmin.<\/p>\n\n\n\n<p>&#8211;  Kaakkois-Suomen el\u00e4insuojeluyhdistyksen hallitus <\/p>\n\n\n\n<div class=\"wp-block-image\"><figure class=\"aligncenter size-large is-resized\"><img loading=\"lazy\" decoding=\"async\" src=\"https:\/\/sey.fi\/wp-content\/uploads\/sites\/18\/2021\/07\/219409717_978813776252623_470496665172413564_n-1024x768.jpg\" alt=\"\" class=\"wp-image-1892\" width=\"556\" height=\"417\" srcset=\"https:\/\/sey.fi\/wp-content\/uploads\/sites\/18\/2021\/07\/219409717_978813776252623_470496665172413564_n-1024x768.jpg 1024w, https:\/\/sey.fi\/wp-content\/uploads\/sites\/18\/2021\/07\/219409717_978813776252623_470496665172413564_n-300x225.jpg 300w, https:\/\/sey.fi\/wp-content\/uploads\/sites\/18\/2021\/07\/219409717_978813776252623_470496665172413564_n-768x576.jpg 768w, https:\/\/sey.fi\/wp-content\/uploads\/sites\/18\/2021\/07\/219409717_978813776252623_470496665172413564_n.jpg 1440w\" sizes=\"auto, (max-width: 556px) 100vw, 556px\" \/><\/figure><\/div>\n\n\n\n<p class=\"has-text-align-center\"><em><strong>El\u00e4insuojelukeskus Miu<\/strong>, It\u00e4inen Kanavatie 6, 53420 Lappeenranta<\/em><\/p>\n","protected":false},"excerpt":{"rendered":"<p>El\u00e4insuojelukeskus Miun avajaiset perutaan 22.8.2021. Kaakkois-Suomen el\u00e4insuojeluyhdistys ry:n hallitus on p\u00e4\u00e4tt\u00e4nyt perua el\u00e4insuojelukeskus Miun avajaiset 22.8. Yhdistyksen toimijoiden ja vierailijoidemme turvallisuus on meille ensisijaisen t\u00e4rke\u00e4\u00e4, ja t\u00e4ll\u00e4 hetkell\u00e4 koronavirusepidemia on alueellamme kiihtymisvaiheessa. Suositusten mukaan yleis\u00f6tilaisuuksissa pit\u00e4\u00e4 pysty\u00e4 v\u00e4ltt\u00e4m\u00e4\u00e4n l\u00e4hikontaktit, ja t\u00e4m\u00e4 olisi ollut haasteellista suuren k\u00e4vij\u00e4m\u00e4\u00e4r\u00e4n my\u00f6t\u00e4. Avajaiset pyrimme edelleen j\u00e4rjest\u00e4m\u00e4\u00e4n. Seuraamme tilanteen kehittymist\u00e4 ja [&hellip;]<\/p>\n","protected":false},"author":9,"featured_media":0,"comment_status":"closed","ping_status":"closed","sticky":false,"template":"","format":"standard","meta":{"_acf_changed":false,"footnotes":""},"categories":[1],"class_list":["post-1891","post","type-post","status-publish","format-standard","hentry","category-yleinen"],"acf":[],"yoast_head":"<!-- This site is optimized with the Yoast SEO plugin v27.1.1 - https:\/\/yoast.com\/product\/yoast-seo-wordpress\/ -->\n<title>El\u00e4insuojelukeskus Miun avajaiset PERUTTU! - Kaakkois-Suomen el\u00e4insuojeluyhdistys<\/title>\n<meta name=\"robots\" content=\"index, follow, max-snippet:-1, max-image-preview:large, max-video-preview:-1\" \/>\n<link rel=\"canonical\" href=\"https:\/\/sey.fi\/kaakkois-suomi\/2021\/07\/28\/elainsuojelukeskus-miun-avajaiset-pidetaan-22-8-2021-klo-12-18\/\" \/>\n<meta property=\"og:locale\" content=\"fi_FI\" \/>\n<meta property=\"og:type\" content=\"article\" \/>\n<meta property=\"og:title\" content=\"El\u00e4insuojelukeskus Miun avajaiset PERUTTU! - Kaakkois-Suomen el\u00e4insuojeluyhdistys\" \/>\n<meta property=\"og:description\" content=\"El\u00e4insuojelukeskus Miun avajaiset perutaan 22.8.2021. Kaakkois-Suomen el\u00e4insuojeluyhdistys ry:n hallitus on p\u00e4\u00e4tt\u00e4nyt perua el\u00e4insuojelukeskus Miun avajaiset 22.8. Yhdistyksen toimijoiden ja vierailijoidemme turvallisuus on meille ensisijaisen t\u00e4rke\u00e4\u00e4, ja t\u00e4ll\u00e4 hetkell\u00e4 koronavirusepidemia on alueellamme kiihtymisvaiheessa. Suositusten mukaan yleis\u00f6tilaisuuksissa pit\u00e4\u00e4 pysty\u00e4 v\u00e4ltt\u00e4m\u00e4\u00e4n l\u00e4hikontaktit, ja t\u00e4m\u00e4 olisi ollut haasteellista suuren k\u00e4vij\u00e4m\u00e4\u00e4r\u00e4n my\u00f6t\u00e4. Avajaiset pyrimme edelleen j\u00e4rjest\u00e4m\u00e4\u00e4n. Seuraamme tilanteen kehittymist\u00e4 ja [&hellip;]\" \/>\n<meta property=\"og:url\" content=\"https:\/\/sey.fi\/kaakkois-suomi\/2021\/07\/28\/elainsuojelukeskus-miun-avajaiset-pidetaan-22-8-2021-klo-12-18\/\" \/>\n<meta property=\"og:site_name\" content=\"Kaakkois-Suomen el\u00e4insuojeluyhdistys\" \/>\n<meta property=\"article:published_time\" content=\"2021-07-28T13:33:47+00:00\" \/>\n<meta property=\"article:modified_time\" content=\"2021-08-13T13:36:23+00:00\" \/>\n<meta property=\"og:image\" content=\"https:\/\/sey.fi\/wp-content\/uploads\/sites\/18\/2021\/07\/219409717_978813776252623_470496665172413564_n-1024x768.jpg\" \/>\n<meta name=\"author\" content=\"kasey\" \/>\n<meta name=\"twitter:card\" content=\"summary_large_image\" \/>\n<meta name=\"twitter:label1\" content=\"Kirjoittanut\" \/>\n\t<meta name=\"twitter:data1\" content=\"kasey\" \/>\n<script type=\"application\/ld+json\" class=\"yoast-schema-graph\">{\"@context\":\"https:\/\/schema.org\",\"@graph\":[{\"@type\":\"Article\",\"@id\":\"https:\/\/sey.fi\/kaakkois-suomi\/2021\/07\/28\/elainsuojelukeskus-miun-avajaiset-pidetaan-22-8-2021-klo-12-18\/#article\",\"isPartOf\":{\"@id\":\"https:\/\/sey.fi\/kaakkois-suomi\/2021\/07\/28\/elainsuojelukeskus-miun-avajaiset-pidetaan-22-8-2021-klo-12-18\/\"},\"author\":{\"name\":\"kasey\",\"@id\":\"https:\/\/sey.fi\/kaakkois-suomi\/#\/schema\/person\/27347e716209da4e173eea894d8510a4\"},\"headline\":\"El\u00e4insuojelukeskus Miun avajaiset PERUTTU!\",\"datePublished\":\"2021-07-28T13:33:47+00:00\",\"dateModified\":\"2021-08-13T13:36:23+00:00\",\"mainEntityOfPage\":{\"@id\":\"https:\/\/sey.fi\/kaakkois-suomi\/2021\/07\/28\/elainsuojelukeskus-miun-avajaiset-pidetaan-22-8-2021-klo-12-18\/\"},\"wordCount\":101,\"image\":{\"@id\":\"https:\/\/sey.fi\/kaakkois-suomi\/2021\/07\/28\/elainsuojelukeskus-miun-avajaiset-pidetaan-22-8-2021-klo-12-18\/#primaryimage\"},\"thumbnailUrl\":\"https:\/\/sey.fi\/wp-content\/uploads\/sites\/18\/2021\/07\/219409717_978813776252623_470496665172413564_n-1024x768.jpg\",\"inLanguage\":\"fi\"},{\"@type\":\"WebPage\",\"@id\":\"https:\/\/sey.fi\/kaakkois-suomi\/2021\/07\/28\/elainsuojelukeskus-miun-avajaiset-pidetaan-22-8-2021-klo-12-18\/\",\"url\":\"https:\/\/sey.fi\/kaakkois-suomi\/2021\/07\/28\/elainsuojelukeskus-miun-avajaiset-pidetaan-22-8-2021-klo-12-18\/\",\"name\":\"El\u00e4insuojelukeskus Miun avajaiset PERUTTU! - Kaakkois-Suomen el\u00e4insuojeluyhdistys\",\"isPartOf\":{\"@id\":\"https:\/\/sey.fi\/kaakkois-suomi\/#website\"},\"primaryImageOfPage\":{\"@id\":\"https:\/\/sey.fi\/kaakkois-suomi\/2021\/07\/28\/elainsuojelukeskus-miun-avajaiset-pidetaan-22-8-2021-klo-12-18\/#primaryimage\"},\"image\":{\"@id\":\"https:\/\/sey.fi\/kaakkois-suomi\/2021\/07\/28\/elainsuojelukeskus-miun-avajaiset-pidetaan-22-8-2021-klo-12-18\/#primaryimage\"},\"thumbnailUrl\":\"https:\/\/sey.fi\/wp-content\/uploads\/sites\/18\/2021\/07\/219409717_978813776252623_470496665172413564_n-1024x768.jpg\",\"datePublished\":\"2021-07-28T13:33:47+00:00\",\"dateModified\":\"2021-08-13T13:36:23+00:00\",\"author\":{\"@id\":\"https:\/\/sey.fi\/kaakkois-suomi\/#\/schema\/person\/27347e716209da4e173eea894d8510a4\"},\"breadcrumb\":{\"@id\":\"https:\/\/sey.fi\/kaakkois-suomi\/2021\/07\/28\/elainsuojelukeskus-miun-avajaiset-pidetaan-22-8-2021-klo-12-18\/#breadcrumb\"},\"inLanguage\":\"fi\",\"potentialAction\":[{\"@type\":\"ReadAction\",\"target\":[\"https:\/\/sey.fi\/kaakkois-suomi\/2021\/07\/28\/elainsuojelukeskus-miun-avajaiset-pidetaan-22-8-2021-klo-12-18\/\"]}]},{\"@type\":\"ImageObject\",\"inLanguage\":\"fi\",\"@id\":\"https:\/\/sey.fi\/kaakkois-suomi\/2021\/07\/28\/elainsuojelukeskus-miun-avajaiset-pidetaan-22-8-2021-klo-12-18\/#primaryimage\",\"url\":\"https:\/\/sey.fi\/wp-content\/uploads\/sites\/18\/2021\/07\/219409717_978813776252623_470496665172413564_n-1024x768.jpg\",\"contentUrl\":\"https:\/\/sey.fi\/wp-content\/uploads\/sites\/18\/2021\/07\/219409717_978813776252623_470496665172413564_n-1024x768.jpg\"},{\"@type\":\"BreadcrumbList\",\"@id\":\"https:\/\/sey.fi\/kaakkois-suomi\/2021\/07\/28\/elainsuojelukeskus-miun-avajaiset-pidetaan-22-8-2021-klo-12-18\/#breadcrumb\",\"itemListElement\":[{\"@type\":\"ListItem\",\"position\":1,\"name\":\"Home\",\"item\":\"https:\/\/sey.fi\/kaakkois-suomi\/\"},{\"@type\":\"ListItem\",\"position\":2,\"name\":\"El\u00e4insuojelukeskus Miun avajaiset PERUTTU!\"}]},{\"@type\":\"WebSite\",\"@id\":\"https:\/\/sey.fi\/kaakkois-suomi\/#website\",\"url\":\"https:\/\/sey.fi\/kaakkois-suomi\/\",\"name\":\"Kaakkois-Suomen el\u00e4insuojeluyhdistys\",\"description\":\"Uusi SEY J\u00e4senyhdistykset -sivusto\",\"potentialAction\":[{\"@type\":\"SearchAction\",\"target\":{\"@type\":\"EntryPoint\",\"urlTemplate\":\"https:\/\/sey.fi\/kaakkois-suomi\/?s={search_term_string}\"},\"query-input\":{\"@type\":\"PropertyValueSpecification\",\"valueRequired\":true,\"valueName\":\"search_term_string\"}}],\"inLanguage\":\"fi\"},{\"@type\":\"Person\",\"@id\":\"https:\/\/sey.fi\/kaakkois-suomi\/#\/schema\/person\/27347e716209da4e173eea894d8510a4\",\"name\":\"kasey\",\"image\":{\"@type\":\"ImageObject\",\"inLanguage\":\"fi\",\"@id\":\"https:\/\/sey.fi\/kaakkois-suomi\/#\/schema\/person\/image\/\",\"url\":\"https:\/\/secure.gravatar.com\/avatar\/1fc3d7174d1815bf1775f3e7361a0422ef85a4ba1f94d4f991c4adbbe1d006d9?s=96&d=mm&r=g\",\"contentUrl\":\"https:\/\/secure.gravatar.com\/avatar\/1fc3d7174d1815bf1775f3e7361a0422ef85a4ba1f94d4f991c4adbbe1d006d9?s=96&d=mm&r=g\",\"caption\":\"kasey\"},\"url\":\"https:\/\/sey.fi\/kaakkois-suomi\/author\/ksesy\/\"}]}<\/script>\n<!-- \/ Yoast SEO plugin. -->","yoast_head_json":{"title":"El\u00e4insuojelukeskus Miun avajaiset PERUTTU! - Kaakkois-Suomen el\u00e4insuojeluyhdistys","robots":{"index":"index","follow":"follow","max-snippet":"max-snippet:-1","max-image-preview":"max-image-preview:large","max-video-preview":"max-video-preview:-1"},"canonical":"https:\/\/sey.fi\/kaakkois-suomi\/2021\/07\/28\/elainsuojelukeskus-miun-avajaiset-pidetaan-22-8-2021-klo-12-18\/","og_locale":"fi_FI","og_type":"article","og_title":"El\u00e4insuojelukeskus Miun avajaiset PERUTTU! - Kaakkois-Suomen el\u00e4insuojeluyhdistys","og_description":"El\u00e4insuojelukeskus Miun avajaiset perutaan 22.8.2021. Kaakkois-Suomen el\u00e4insuojeluyhdistys ry:n hallitus on p\u00e4\u00e4tt\u00e4nyt perua el\u00e4insuojelukeskus Miun avajaiset 22.8. Yhdistyksen toimijoiden ja vierailijoidemme turvallisuus on meille ensisijaisen t\u00e4rke\u00e4\u00e4, ja t\u00e4ll\u00e4 hetkell\u00e4 koronavirusepidemia on alueellamme kiihtymisvaiheessa. Suositusten mukaan yleis\u00f6tilaisuuksissa pit\u00e4\u00e4 pysty\u00e4 v\u00e4ltt\u00e4m\u00e4\u00e4n l\u00e4hikontaktit, ja t\u00e4m\u00e4 olisi ollut haasteellista suuren k\u00e4vij\u00e4m\u00e4\u00e4r\u00e4n my\u00f6t\u00e4. Avajaiset pyrimme edelleen j\u00e4rjest\u00e4m\u00e4\u00e4n. Seuraamme tilanteen kehittymist\u00e4 ja [&hellip;]","og_url":"https:\/\/sey.fi\/kaakkois-suomi\/2021\/07\/28\/elainsuojelukeskus-miun-avajaiset-pidetaan-22-8-2021-klo-12-18\/","og_site_name":"Kaakkois-Suomen el\u00e4insuojeluyhdistys","article_published_time":"2021-07-28T13:33:47+00:00","article_modified_time":"2021-08-13T13:36:23+00:00","og_image":[{"url":"https:\/\/sey.fi\/wp-content\/uploads\/sites\/18\/2021\/07\/219409717_978813776252623_470496665172413564_n-1024x768.jpg","type":"","width":"","height":""}],"author":"kasey","twitter_card":"summary_large_image","twitter_misc":{"Kirjoittanut":"kasey"},"schema":{"@context":"https:\/\/schema.org","@graph":[{"@type":"Article","@id":"https:\/\/sey.fi\/kaakkois-suomi\/2021\/07\/28\/elainsuojelukeskus-miun-avajaiset-pidetaan-22-8-2021-klo-12-18\/#article","isPartOf":{"@id":"https:\/\/sey.fi\/kaakkois-suomi\/2021\/07\/28\/elainsuojelukeskus-miun-avajaiset-pidetaan-22-8-2021-klo-12-18\/"},"author":{"name":"kasey","@id":"https:\/\/sey.fi\/kaakkois-suomi\/#\/schema\/person\/27347e716209da4e173eea894d8510a4"},"headline":"El\u00e4insuojelukeskus Miun avajaiset PERUTTU!","datePublished":"2021-07-28T13:33:47+00:00","dateModified":"2021-08-13T13:36:23+00:00","mainEntityOfPage":{"@id":"https:\/\/sey.fi\/kaakkois-suomi\/2021\/07\/28\/elainsuojelukeskus-miun-avajaiset-pidetaan-22-8-2021-klo-12-18\/"},"wordCount":101,"image":{"@id":"https:\/\/sey.fi\/kaakkois-suomi\/2021\/07\/28\/elainsuojelukeskus-miun-avajaiset-pidetaan-22-8-2021-klo-12-18\/#primaryimage"},"thumbnailUrl":"https:\/\/sey.fi\/wp-content\/uploads\/sites\/18\/2021\/07\/219409717_978813776252623_470496665172413564_n-1024x768.jpg","inLanguage":"fi"},{"@type":"WebPage","@id":"https:\/\/sey.fi\/kaakkois-suomi\/2021\/07\/28\/elainsuojelukeskus-miun-avajaiset-pidetaan-22-8-2021-klo-12-18\/","url":"https:\/\/sey.fi\/kaakkois-suomi\/2021\/07\/28\/elainsuojelukeskus-miun-avajaiset-pidetaan-22-8-2021-klo-12-18\/","name":"El\u00e4insuojelukeskus Miun avajaiset PERUTTU! - Kaakkois-Suomen el\u00e4insuojeluyhdistys","isPartOf":{"@id":"https:\/\/sey.fi\/kaakkois-suomi\/#website"},"primaryImageOfPage":{"@id":"https:\/\/sey.fi\/kaakkois-suomi\/2021\/07\/28\/elainsuojelukeskus-miun-avajaiset-pidetaan-22-8-2021-klo-12-18\/#primaryimage"},"image":{"@id":"https:\/\/sey.fi\/kaakkois-suomi\/2021\/07\/28\/elainsuojelukeskus-miun-avajaiset-pidetaan-22-8-2021-klo-12-18\/#primaryimage"},"thumbnailUrl":"https:\/\/sey.fi\/wp-content\/uploads\/sites\/18\/2021\/07\/219409717_978813776252623_470496665172413564_n-1024x768.jpg","datePublished":"2021-07-28T13:33:47+00:00","dateModified":"2021-08-13T13:36:23+00:00","author":{"@id":"https:\/\/sey.fi\/kaakkois-suomi\/#\/schema\/person\/27347e716209da4e173eea894d8510a4"},"breadcrumb":{"@id":"https:\/\/sey.fi\/kaakkois-suomi\/2021\/07\/28\/elainsuojelukeskus-miun-avajaiset-pidetaan-22-8-2021-klo-12-18\/#breadcrumb"},"inLanguage":"fi","potentialAction":[{"@type":"ReadAction","target":["https:\/\/sey.fi\/kaakkois-suomi\/2021\/07\/28\/elainsuojelukeskus-miun-avajaiset-pidetaan-22-8-2021-klo-12-18\/"]}]},{"@type":"ImageObject","inLanguage":"fi","@id":"https:\/\/sey.fi\/kaakkois-suomi\/2021\/07\/28\/elainsuojelukeskus-miun-avajaiset-pidetaan-22-8-2021-klo-12-18\/#primaryimage","url":"https:\/\/sey.fi\/wp-content\/uploads\/sites\/18\/2021\/07\/219409717_978813776252623_470496665172413564_n-1024x768.jpg","contentUrl":"https:\/\/sey.fi\/wp-content\/uploads\/sites\/18\/2021\/07\/219409717_978813776252623_470496665172413564_n-1024x768.jpg"},{"@type":"BreadcrumbList","@id":"https:\/\/sey.fi\/kaakkois-suomi\/2021\/07\/28\/elainsuojelukeskus-miun-avajaiset-pidetaan-22-8-2021-klo-12-18\/#breadcrumb","itemListElement":[{"@type":"ListItem","position":1,"name":"Home","item":"https:\/\/sey.fi\/kaakkois-suomi\/"},{"@type":"ListItem","position":2,"name":"El\u00e4insuojelukeskus Miun avajaiset PERUTTU!"}]},{"@type":"WebSite","@id":"https:\/\/sey.fi\/kaakkois-suomi\/#website","url":"https:\/\/sey.fi\/kaakkois-suomi\/","name":"Kaakkois-Suomen el\u00e4insuojeluyhdistys","description":"Uusi SEY J\u00e4senyhdistykset -sivusto","potentialAction":[{"@type":"SearchAction","target":{"@type":"EntryPoint","urlTemplate":"https:\/\/sey.fi\/kaakkois-suomi\/?s={search_term_string}"},"query-input":{"@type":"PropertyValueSpecification","valueRequired":true,"valueName":"search_term_string"}}],"inLanguage":"fi"},{"@type":"Person","@id":"https:\/\/sey.fi\/kaakkois-suomi\/#\/schema\/person\/27347e716209da4e173eea894d8510a4","name":"kasey","image":{"@type":"ImageObject","inLanguage":"fi","@id":"https:\/\/sey.fi\/kaakkois-suomi\/#\/schema\/person\/image\/","url":"https:\/\/secure.gravatar.com\/avatar\/1fc3d7174d1815bf1775f3e7361a0422ef85a4ba1f94d4f991c4adbbe1d006d9?s=96&d=mm&r=g","contentUrl":"https:\/\/secure.gravatar.com\/avatar\/1fc3d7174d1815bf1775f3e7361a0422ef85a4ba1f94d4f991c4adbbe1d006d9?s=96&d=mm&r=g","caption":"kasey"},"url":"https:\/\/sey.fi\/kaakkois-suomi\/author\/ksesy\/"}]}},"_links":{"self":[{"href":"https:\/\/sey.fi\/kaakkois-suomi\/wp-json\/wp\/v2\/posts\/1891","targetHints":{"allow":["GET"]}}],"collection":[{"href":"https:\/\/sey.fi\/kaakkois-suomi\/wp-json\/wp\/v2\/posts"}],"about":[{"href":"https:\/\/sey.fi\/kaakkois-suomi\/wp-json\/wp\/v2\/types\/post"}],"author":[{"embeddable":true,"href":"https:\/\/sey.fi\/kaakkois-suomi\/wp-json\/wp\/v2\/users\/9"}],"replies":[{"embeddable":true,"href":"https:\/\/sey.fi\/kaakkois-suomi\/wp-json\/wp\/v2\/comments?post=1891"}],"version-history":[{"count":6,"href":"https:\/\/sey.fi\/kaakkois-suomi\/wp-json\/wp\/v2\/posts\/1891\/revisions"}],"predecessor-version":[{"id":1918,"href":"https:\/\/sey.fi\/kaakkois-suomi\/wp-json\/wp\/v2\/posts\/1891\/revisions\/1918"}],"wp:attachment":[{"href":"https:\/\/sey.fi\/kaakkois-suomi\/wp-json\/wp\/v2\/media?parent=1891"}],"wp:term":[{"taxonomy":"category","embeddable":true,"href":"https:\/\/sey.fi\/kaakkois-suomi\/wp-json\/wp\/v2\/categories?post=1891"}],"curies":[{"name":"wp","href":"https:\/\/api.w.org\/{rel}","templated":true}]}}