{"id":2003,"date":"2021-09-24T16:07:04","date_gmt":"2021-09-24T13:07:04","guid":{"rendered":"https:\/\/sey.fi\/kaakkois-suomi\/?p=2003"},"modified":"2021-09-24T16:07:06","modified_gmt":"2021-09-24T13:07:06","slug":"elainsuojelukeskus-miun-avajaisia-vietetaan-3-10-klo-12-18","status":"publish","type":"post","link":"https:\/\/sey.fi\/kaakkois-suomi\/2021\/09\/24\/elainsuojelukeskus-miun-avajaisia-vietetaan-3-10-klo-12-18\/","title":{"rendered":"El\u00e4insuojelukeskus Miun avajaisia vietet\u00e4\u00e4n 3.10. klo 12-18"},"content":{"rendered":"\n<figure class=\"wp-block-image size-large\"><img loading=\"lazy\" decoding=\"async\" width=\"741\" height=\"716\" src=\"https:\/\/sey.fi\/wp-content\/uploads\/sites\/18\/2021\/09\/Avajaiset-neli\u00f6valokuva-03102021-1.jpg\" alt=\"\" class=\"wp-image-2004\" srcset=\"https:\/\/sey.fi\/wp-content\/uploads\/sites\/18\/2021\/09\/Avajaiset-neli\u00f6valokuva-03102021-1.jpg 741w, https:\/\/sey.fi\/wp-content\/uploads\/sites\/18\/2021\/09\/Avajaiset-neli\u00f6valokuva-03102021-1-300x290.jpg 300w\" sizes=\"auto, (max-width: 741px) 100vw, 741px\" \/><\/figure>\n","protected":false},"excerpt":{"rendered":"","protected":false},"author":9,"featured_media":0,"comment_status":"closed","ping_status":"closed","sticky":false,"template":"","format":"standard","meta":{"_acf_changed":false,"footnotes":""},"categories":[1],"class_list":["post-2003","post","type-post","status-publish","format-standard","hentry","category-yleinen"],"acf":[],"yoast_head":"<!-- This site is optimized with the Yoast SEO plugin v27.1.1 - https:\/\/yoast.com\/product\/yoast-seo-wordpress\/ -->\n<title>El\u00e4insuojelukeskus Miun avajaisia vietet\u00e4\u00e4n 3.10. klo 12-18 - Kaakkois-Suomen el\u00e4insuojeluyhdistys<\/title>\n<meta name=\"robots\" content=\"index, follow, max-snippet:-1, max-image-preview:large, max-video-preview:-1\" \/>\n<link rel=\"canonical\" href=\"https:\/\/sey.fi\/kaakkois-suomi\/2021\/09\/24\/elainsuojelukeskus-miun-avajaisia-vietetaan-3-10-klo-12-18\/\" \/>\n<meta property=\"og:locale\" content=\"fi_FI\" \/>\n<meta property=\"og:type\" content=\"article\" \/>\n<meta property=\"og:title\" content=\"El\u00e4insuojelukeskus Miun avajaisia vietet\u00e4\u00e4n 3.10. klo 12-18 - Kaakkois-Suomen el\u00e4insuojeluyhdistys\" \/>\n<meta property=\"og:url\" content=\"https:\/\/sey.fi\/kaakkois-suomi\/2021\/09\/24\/elainsuojelukeskus-miun-avajaisia-vietetaan-3-10-klo-12-18\/\" \/>\n<meta property=\"og:site_name\" content=\"Kaakkois-Suomen el\u00e4insuojeluyhdistys\" \/>\n<meta property=\"article:published_time\" content=\"2021-09-24T13:07:04+00:00\" \/>\n<meta property=\"article:modified_time\" content=\"2021-09-24T13:07:06+00:00\" \/>\n<meta property=\"og:image\" content=\"https:\/\/sey.fi\/wp-content\/uploads\/sites\/18\/2021\/09\/Avajaiset-neli\u00f6valokuva-03102021-1.jpg\" \/>\n<meta name=\"author\" content=\"kasey\" \/>\n<meta name=\"twitter:card\" content=\"summary_large_image\" \/>\n<meta name=\"twitter:label1\" content=\"Kirjoittanut\" \/>\n\t<meta name=\"twitter:data1\" content=\"kasey\" \/>\n<script type=\"application\/ld+json\" class=\"yoast-schema-graph\">{\"@context\":\"https:\/\/schema.org\",\"@graph\":[{\"@type\":\"Article\",\"@id\":\"https:\/\/sey.fi\/kaakkois-suomi\/2021\/09\/24\/elainsuojelukeskus-miun-avajaisia-vietetaan-3-10-klo-12-18\/#article\",\"isPartOf\":{\"@id\":\"https:\/\/sey.fi\/kaakkois-suomi\/2021\/09\/24\/elainsuojelukeskus-miun-avajaisia-vietetaan-3-10-klo-12-18\/\"},\"author\":{\"name\":\"kasey\",\"@id\":\"https:\/\/sey.fi\/kaakkois-suomi\/#\/schema\/person\/27347e716209da4e173eea894d8510a4\"},\"headline\":\"El\u00e4insuojelukeskus Miun avajaisia vietet\u00e4\u00e4n 3.10. klo 12-18\",\"datePublished\":\"2021-09-24T13:07:04+00:00\",\"dateModified\":\"2021-09-24T13:07:06+00:00\",\"mainEntityOfPage\":{\"@id\":\"https:\/\/sey.fi\/kaakkois-suomi\/2021\/09\/24\/elainsuojelukeskus-miun-avajaisia-vietetaan-3-10-klo-12-18\/\"},\"wordCount\":8,\"inLanguage\":\"fi\"},{\"@type\":\"WebPage\",\"@id\":\"https:\/\/sey.fi\/kaakkois-suomi\/2021\/09\/24\/elainsuojelukeskus-miun-avajaisia-vietetaan-3-10-klo-12-18\/\",\"url\":\"https:\/\/sey.fi\/kaakkois-suomi\/2021\/09\/24\/elainsuojelukeskus-miun-avajaisia-vietetaan-3-10-klo-12-18\/\",\"name\":\"El\u00e4insuojelukeskus Miun avajaisia vietet\u00e4\u00e4n 3.10. klo 12-18 - Kaakkois-Suomen el\u00e4insuojeluyhdistys\",\"isPartOf\":{\"@id\":\"https:\/\/sey.fi\/kaakkois-suomi\/#website\"},\"datePublished\":\"2021-09-24T13:07:04+00:00\",\"dateModified\":\"2021-09-24T13:07:06+00:00\",\"author\":{\"@id\":\"https:\/\/sey.fi\/kaakkois-suomi\/#\/schema\/person\/27347e716209da4e173eea894d8510a4\"},\"breadcrumb\":{\"@id\":\"https:\/\/sey.fi\/kaakkois-suomi\/2021\/09\/24\/elainsuojelukeskus-miun-avajaisia-vietetaan-3-10-klo-12-18\/#breadcrumb\"},\"inLanguage\":\"fi\",\"potentialAction\":[{\"@type\":\"ReadAction\",\"target\":[\"https:\/\/sey.fi\/kaakkois-suomi\/2021\/09\/24\/elainsuojelukeskus-miun-avajaisia-vietetaan-3-10-klo-12-18\/\"]}]},{\"@type\":\"BreadcrumbList\",\"@id\":\"https:\/\/sey.fi\/kaakkois-suomi\/2021\/09\/24\/elainsuojelukeskus-miun-avajaisia-vietetaan-3-10-klo-12-18\/#breadcrumb\",\"itemListElement\":[{\"@type\":\"ListItem\",\"position\":1,\"name\":\"Home\",\"item\":\"https:\/\/sey.fi\/kaakkois-suomi\/\"},{\"@type\":\"ListItem\",\"position\":2,\"name\":\"El\u00e4insuojelukeskus Miun avajaisia vietet\u00e4\u00e4n 3.10. klo 12-18\"}]},{\"@type\":\"WebSite\",\"@id\":\"https:\/\/sey.fi\/kaakkois-suomi\/#website\",\"url\":\"https:\/\/sey.fi\/kaakkois-suomi\/\",\"name\":\"Kaakkois-Suomen el\u00e4insuojeluyhdistys\",\"description\":\"Uusi SEY J\u00e4senyhdistykset -sivusto\",\"potentialAction\":[{\"@type\":\"SearchAction\",\"target\":{\"@type\":\"EntryPoint\",\"urlTemplate\":\"https:\/\/sey.fi\/kaakkois-suomi\/?s={search_term_string}\"},\"query-input\":{\"@type\":\"PropertyValueSpecification\",\"valueRequired\":true,\"valueName\":\"search_term_string\"}}],\"inLanguage\":\"fi\"},{\"@type\":\"Person\",\"@id\":\"https:\/\/sey.fi\/kaakkois-suomi\/#\/schema\/person\/27347e716209da4e173eea894d8510a4\",\"name\":\"kasey\",\"image\":{\"@type\":\"ImageObject\",\"inLanguage\":\"fi\",\"@id\":\"https:\/\/sey.fi\/kaakkois-suomi\/#\/schema\/person\/image\/\",\"url\":\"https:\/\/secure.gravatar.com\/avatar\/1fc3d7174d1815bf1775f3e7361a0422ef85a4ba1f94d4f991c4adbbe1d006d9?s=96&d=mm&r=g\",\"contentUrl\":\"https:\/\/secure.gravatar.com\/avatar\/1fc3d7174d1815bf1775f3e7361a0422ef85a4ba1f94d4f991c4adbbe1d006d9?s=96&d=mm&r=g\",\"caption\":\"kasey\"},\"url\":\"https:\/\/sey.fi\/kaakkois-suomi\/author\/ksesy\/\"}]}<\/script>\n<!-- \/ Yoast SEO plugin. -->","yoast_head_json":{"title":"El\u00e4insuojelukeskus Miun avajaisia vietet\u00e4\u00e4n 3.10. klo 12-18 - Kaakkois-Suomen el\u00e4insuojeluyhdistys","robots":{"index":"index","follow":"follow","max-snippet":"max-snippet:-1","max-image-preview":"max-image-preview:large","max-video-preview":"max-video-preview:-1"},"canonical":"https:\/\/sey.fi\/kaakkois-suomi\/2021\/09\/24\/elainsuojelukeskus-miun-avajaisia-vietetaan-3-10-klo-12-18\/","og_locale":"fi_FI","og_type":"article","og_title":"El\u00e4insuojelukeskus Miun avajaisia vietet\u00e4\u00e4n 3.10. klo 12-18 - Kaakkois-Suomen el\u00e4insuojeluyhdistys","og_url":"https:\/\/sey.fi\/kaakkois-suomi\/2021\/09\/24\/elainsuojelukeskus-miun-avajaisia-vietetaan-3-10-klo-12-18\/","og_site_name":"Kaakkois-Suomen el\u00e4insuojeluyhdistys","article_published_time":"2021-09-24T13:07:04+00:00","article_modified_time":"2021-09-24T13:07:06+00:00","og_image":[{"url":"https:\/\/sey.fi\/wp-content\/uploads\/sites\/18\/2021\/09\/Avajaiset-neli\u00f6valokuva-03102021-1.jpg","type":"","width":"","height":""}],"author":"kasey","twitter_card":"summary_large_image","twitter_misc":{"Kirjoittanut":"kasey"},"schema":{"@context":"https:\/\/schema.org","@graph":[{"@type":"Article","@id":"https:\/\/sey.fi\/kaakkois-suomi\/2021\/09\/24\/elainsuojelukeskus-miun-avajaisia-vietetaan-3-10-klo-12-18\/#article","isPartOf":{"@id":"https:\/\/sey.fi\/kaakkois-suomi\/2021\/09\/24\/elainsuojelukeskus-miun-avajaisia-vietetaan-3-10-klo-12-18\/"},"author":{"name":"kasey","@id":"https:\/\/sey.fi\/kaakkois-suomi\/#\/schema\/person\/27347e716209da4e173eea894d8510a4"},"headline":"El\u00e4insuojelukeskus Miun avajaisia vietet\u00e4\u00e4n 3.10. klo 12-18","datePublished":"2021-09-24T13:07:04+00:00","dateModified":"2021-09-24T13:07:06+00:00","mainEntityOfPage":{"@id":"https:\/\/sey.fi\/kaakkois-suomi\/2021\/09\/24\/elainsuojelukeskus-miun-avajaisia-vietetaan-3-10-klo-12-18\/"},"wordCount":8,"inLanguage":"fi"},{"@type":"WebPage","@id":"https:\/\/sey.fi\/kaakkois-suomi\/2021\/09\/24\/elainsuojelukeskus-miun-avajaisia-vietetaan-3-10-klo-12-18\/","url":"https:\/\/sey.fi\/kaakkois-suomi\/2021\/09\/24\/elainsuojelukeskus-miun-avajaisia-vietetaan-3-10-klo-12-18\/","name":"El\u00e4insuojelukeskus Miun avajaisia vietet\u00e4\u00e4n 3.10. klo 12-18 - Kaakkois-Suomen el\u00e4insuojeluyhdistys","isPartOf":{"@id":"https:\/\/sey.fi\/kaakkois-suomi\/#website"},"datePublished":"2021-09-24T13:07:04+00:00","dateModified":"2021-09-24T13:07:06+00:00","author":{"@id":"https:\/\/sey.fi\/kaakkois-suomi\/#\/schema\/person\/27347e716209da4e173eea894d8510a4"},"breadcrumb":{"@id":"https:\/\/sey.fi\/kaakkois-suomi\/2021\/09\/24\/elainsuojelukeskus-miun-avajaisia-vietetaan-3-10-klo-12-18\/#breadcrumb"},"inLanguage":"fi","potentialAction":[{"@type":"ReadAction","target":["https:\/\/sey.fi\/kaakkois-suomi\/2021\/09\/24\/elainsuojelukeskus-miun-avajaisia-vietetaan-3-10-klo-12-18\/"]}]},{"@type":"BreadcrumbList","@id":"https:\/\/sey.fi\/kaakkois-suomi\/2021\/09\/24\/elainsuojelukeskus-miun-avajaisia-vietetaan-3-10-klo-12-18\/#breadcrumb","itemListElement":[{"@type":"ListItem","position":1,"name":"Home","item":"https:\/\/sey.fi\/kaakkois-suomi\/"},{"@type":"ListItem","position":2,"name":"El\u00e4insuojelukeskus Miun avajaisia vietet\u00e4\u00e4n 3.10. klo 12-18"}]},{"@type":"WebSite","@id":"https:\/\/sey.fi\/kaakkois-suomi\/#website","url":"https:\/\/sey.fi\/kaakkois-suomi\/","name":"Kaakkois-Suomen el\u00e4insuojeluyhdistys","description":"Uusi SEY J\u00e4senyhdistykset -sivusto","potentialAction":[{"@type":"SearchAction","target":{"@type":"EntryPoint","urlTemplate":"https:\/\/sey.fi\/kaakkois-suomi\/?s={search_term_string}"},"query-input":{"@type":"PropertyValueSpecification","valueRequired":true,"valueName":"search_term_string"}}],"inLanguage":"fi"},{"@type":"Person","@id":"https:\/\/sey.fi\/kaakkois-suomi\/#\/schema\/person\/27347e716209da4e173eea894d8510a4","name":"kasey","image":{"@type":"ImageObject","inLanguage":"fi","@id":"https:\/\/sey.fi\/kaakkois-suomi\/#\/schema\/person\/image\/","url":"https:\/\/secure.gravatar.com\/avatar\/1fc3d7174d1815bf1775f3e7361a0422ef85a4ba1f94d4f991c4adbbe1d006d9?s=96&d=mm&r=g","contentUrl":"https:\/\/secure.gravatar.com\/avatar\/1fc3d7174d1815bf1775f3e7361a0422ef85a4ba1f94d4f991c4adbbe1d006d9?s=96&d=mm&r=g","caption":"kasey"},"url":"https:\/\/sey.fi\/kaakkois-suomi\/author\/ksesy\/"}]}},"_links":{"self":[{"href":"https:\/\/sey.fi\/kaakkois-suomi\/wp-json\/wp\/v2\/posts\/2003","targetHints":{"allow":["GET"]}}],"collection":[{"href":"https:\/\/sey.fi\/kaakkois-suomi\/wp-json\/wp\/v2\/posts"}],"about":[{"href":"https:\/\/sey.fi\/kaakkois-suomi\/wp-json\/wp\/v2\/types\/post"}],"author":[{"embeddable":true,"href":"https:\/\/sey.fi\/kaakkois-suomi\/wp-json\/wp\/v2\/users\/9"}],"replies":[{"embeddable":true,"href":"https:\/\/sey.fi\/kaakkois-suomi\/wp-json\/wp\/v2\/comments?post=2003"}],"version-history":[{"count":1,"href":"https:\/\/sey.fi\/kaakkois-suomi\/wp-json\/wp\/v2\/posts\/2003\/revisions"}],"predecessor-version":[{"id":2005,"href":"https:\/\/sey.fi\/kaakkois-suomi\/wp-json\/wp\/v2\/posts\/2003\/revisions\/2005"}],"wp:attachment":[{"href":"https:\/\/sey.fi\/kaakkois-suomi\/wp-json\/wp\/v2\/media?parent=2003"}],"wp:term":[{"taxonomy":"category","embeddable":true,"href":"https:\/\/sey.fi\/kaakkois-suomi\/wp-json\/wp\/v2\/categories?post=2003"}],"curies":[{"name":"wp","href":"https:\/\/api.w.org\/{rel}","templated":true}]}}