{"id":2138,"date":"2021-12-03T15:28:29","date_gmt":"2021-12-03T13:28:29","guid":{"rendered":"https:\/\/sey.fi\/kaakkois-suomi\/?p=2138"},"modified":"2021-12-13T20:20:26","modified_gmt":"2021-12-13T18:20:26","slug":"elainsuojelukeskus-miulla-on-4-12-2021-kaytossa-koronapassi","status":"publish","type":"post","link":"https:\/\/sey.fi\/kaakkois-suomi\/2021\/12\/03\/elainsuojelukeskus-miulla-on-4-12-2021-kaytossa-koronapassi\/","title":{"rendered":"Miun Kahvilassa ja yleisell\u00e4 vierailuajalla on 4.12.2021 alkaen k\u00e4yt\u00f6ss\u00e4 koronapassi"},"content":{"rendered":"\n<p class=\"has-text-align-left\">Etel\u00e4-Karjala on koronan levi\u00e4misvaiheessa ja haluamme varmistaa kaikille mahdollisimman terveysturvallisen vierailun keskuksen tiloissa. El\u00e4insuojelukeskus Miun vierailuajoilla ja Miun Kahvilassa on k\u00e4yt\u00f6ss\u00e4 koronapassi 4.12.2021 alkaen. Passi kysyt\u00e4\u00e4n kaikilta yli 16 vuotiailta. Varaathan mukaan my\u00f6s henkil\u00f6llisyystodistuksen.<\/p>\n\n\n\n<p class=\"has-text-align-left\">Alle 18-vuotiaat voivat todistaa henkil\u00f6llisyytens\u00e4 koronapassin k\u00e4yt\u00f6n yhteydess\u00e4 esimerkiksi Kela-kortilla tai vanhempien antamalla luotettavalla vakuutuksella i\u00e4st\u00e4. Lataathan tai tulostathan koronapassin ennakkoon!<\/p>\n\n\n\n<p>El\u00e4insuojelukeskuksella voi muina ajankohtina vierailla ilman passia. Kaikki vierailut tulee sopia ennakkoon!<\/p>\n\n\n\n<p class=\"has-text-align-left\">Kiitos yhteisty\u00f6st\u00e4! Pidet\u00e4\u00e4n huolta toisistamme!<\/p>\n\n\n\n<div class=\"wp-block-image\"><figure class=\"aligncenter size-full\"><img loading=\"lazy\" decoding=\"async\" width=\"587\" height=\"810\" src=\"https:\/\/sey.fi\/wp-content\/uploads\/sites\/18\/2021\/12\/262023897_1909158222697269_2345774454363016929_n.jpg\" alt=\"\" class=\"wp-image-2139\" srcset=\"https:\/\/sey.fi\/wp-content\/uploads\/sites\/18\/2021\/12\/262023897_1909158222697269_2345774454363016929_n.jpg 587w, https:\/\/sey.fi\/wp-content\/uploads\/sites\/18\/2021\/12\/262023897_1909158222697269_2345774454363016929_n-217x300.jpg 217w\" sizes=\"auto, (max-width: 587px) 100vw, 587px\" \/><\/figure><\/div>\n\n\n\n<p class=\"has-text-align-center\">Klikkaa<strong> <a href=\"https:\/\/www.facebook.com\/coronavirus_info?page_source=covid_vaccine_faxit&amp;hoisted_module_type=covid_vaccine_development\">t\u00e4st\u00e4<\/a><\/strong> siirty\u00e4ksesi COVID-19-infokeskuksen Facebook-sivuille.<\/p>\n","protected":false},"excerpt":{"rendered":"<p>Etel\u00e4-Karjala on koronan levi\u00e4misvaiheessa ja haluamme varmistaa kaikille mahdollisimman terveysturvallisen vierailun keskuksen tiloissa. El\u00e4insuojelukeskus Miun vierailuajoilla ja Miun Kahvilassa on k\u00e4yt\u00f6ss\u00e4 koronapassi 4.12.2021 alkaen. Passi kysyt\u00e4\u00e4n kaikilta yli 16 vuotiailta. Varaathan mukaan my\u00f6s henkil\u00f6llisyystodistuksen. Alle 18-vuotiaat voivat todistaa henkil\u00f6llisyytens\u00e4 koronapassin k\u00e4yt\u00f6n yhteydess\u00e4 esimerkiksi Kela-kortilla tai vanhempien antamalla luotettavalla vakuutuksella i\u00e4st\u00e4. Lataathan tai tulostathan koronapassin ennakkoon! [&hellip;]<\/p>\n","protected":false},"author":9,"featured_media":0,"comment_status":"closed","ping_status":"closed","sticky":false,"template":"","format":"standard","meta":{"_acf_changed":false,"footnotes":""},"categories":[1],"class_list":["post-2138","post","type-post","status-publish","format-standard","hentry","category-yleinen"],"acf":[],"yoast_head":"<!-- This site is optimized with the Yoast SEO plugin v27.1.1 - https:\/\/yoast.com\/product\/yoast-seo-wordpress\/ -->\n<title>Miun Kahvilassa ja yleisell\u00e4 vierailuajalla on 4.12.2021 alkaen k\u00e4yt\u00f6ss\u00e4 koronapassi - Kaakkois-Suomen el\u00e4insuojeluyhdistys<\/title>\n<meta name=\"robots\" content=\"index, follow, max-snippet:-1, max-image-preview:large, max-video-preview:-1\" \/>\n<link rel=\"canonical\" href=\"https:\/\/sey.fi\/kaakkois-suomi\/2021\/12\/03\/elainsuojelukeskus-miulla-on-4-12-2021-kaytossa-koronapassi\/\" \/>\n<meta property=\"og:locale\" content=\"fi_FI\" \/>\n<meta property=\"og:type\" content=\"article\" \/>\n<meta property=\"og:title\" content=\"Miun Kahvilassa ja yleisell\u00e4 vierailuajalla on 4.12.2021 alkaen k\u00e4yt\u00f6ss\u00e4 koronapassi - Kaakkois-Suomen el\u00e4insuojeluyhdistys\" \/>\n<meta property=\"og:description\" content=\"Etel\u00e4-Karjala on koronan levi\u00e4misvaiheessa ja haluamme varmistaa kaikille mahdollisimman terveysturvallisen vierailun keskuksen tiloissa. El\u00e4insuojelukeskus Miun vierailuajoilla ja Miun Kahvilassa on k\u00e4yt\u00f6ss\u00e4 koronapassi 4.12.2021 alkaen. Passi kysyt\u00e4\u00e4n kaikilta yli 16 vuotiailta. Varaathan mukaan my\u00f6s henkil\u00f6llisyystodistuksen. Alle 18-vuotiaat voivat todistaa henkil\u00f6llisyytens\u00e4 koronapassin k\u00e4yt\u00f6n yhteydess\u00e4 esimerkiksi Kela-kortilla tai vanhempien antamalla luotettavalla vakuutuksella i\u00e4st\u00e4. Lataathan tai tulostathan koronapassin ennakkoon! [&hellip;]\" \/>\n<meta property=\"og:url\" content=\"https:\/\/sey.fi\/kaakkois-suomi\/2021\/12\/03\/elainsuojelukeskus-miulla-on-4-12-2021-kaytossa-koronapassi\/\" \/>\n<meta property=\"og:site_name\" content=\"Kaakkois-Suomen el\u00e4insuojeluyhdistys\" \/>\n<meta property=\"article:published_time\" content=\"2021-12-03T13:28:29+00:00\" \/>\n<meta property=\"article:modified_time\" content=\"2021-12-13T18:20:26+00:00\" \/>\n<meta property=\"og:image\" content=\"https:\/\/sey.fi\/wp-content\/uploads\/sites\/18\/2021\/12\/262023897_1909158222697269_2345774454363016929_n.jpg\" \/>\n<meta name=\"author\" content=\"kasey\" \/>\n<meta name=\"twitter:card\" content=\"summary_large_image\" \/>\n<meta name=\"twitter:label1\" content=\"Kirjoittanut\" \/>\n\t<meta name=\"twitter:data1\" content=\"kasey\" \/>\n<script type=\"application\/ld+json\" class=\"yoast-schema-graph\">{\"@context\":\"https:\/\/schema.org\",\"@graph\":[{\"@type\":\"Article\",\"@id\":\"https:\/\/sey.fi\/kaakkois-suomi\/2021\/12\/03\/elainsuojelukeskus-miulla-on-4-12-2021-kaytossa-koronapassi\/#article\",\"isPartOf\":{\"@id\":\"https:\/\/sey.fi\/kaakkois-suomi\/2021\/12\/03\/elainsuojelukeskus-miulla-on-4-12-2021-kaytossa-koronapassi\/\"},\"author\":{\"name\":\"kasey\",\"@id\":\"https:\/\/sey.fi\/kaakkois-suomi\/#\/schema\/person\/27347e716209da4e173eea894d8510a4\"},\"headline\":\"Miun Kahvilassa ja yleisell\u00e4 vierailuajalla on 4.12.2021 alkaen k\u00e4yt\u00f6ss\u00e4 koronapassi\",\"datePublished\":\"2021-12-03T13:28:29+00:00\",\"dateModified\":\"2021-12-13T18:20:26+00:00\",\"mainEntityOfPage\":{\"@id\":\"https:\/\/sey.fi\/kaakkois-suomi\/2021\/12\/03\/elainsuojelukeskus-miulla-on-4-12-2021-kaytossa-koronapassi\/\"},\"wordCount\":104,\"image\":{\"@id\":\"https:\/\/sey.fi\/kaakkois-suomi\/2021\/12\/03\/elainsuojelukeskus-miulla-on-4-12-2021-kaytossa-koronapassi\/#primaryimage\"},\"thumbnailUrl\":\"https:\/\/sey.fi\/wp-content\/uploads\/sites\/18\/2021\/12\/262023897_1909158222697269_2345774454363016929_n.jpg\",\"inLanguage\":\"fi\"},{\"@type\":\"WebPage\",\"@id\":\"https:\/\/sey.fi\/kaakkois-suomi\/2021\/12\/03\/elainsuojelukeskus-miulla-on-4-12-2021-kaytossa-koronapassi\/\",\"url\":\"https:\/\/sey.fi\/kaakkois-suomi\/2021\/12\/03\/elainsuojelukeskus-miulla-on-4-12-2021-kaytossa-koronapassi\/\",\"name\":\"Miun Kahvilassa ja yleisell\u00e4 vierailuajalla on 4.12.2021 alkaen k\u00e4yt\u00f6ss\u00e4 koronapassi - Kaakkois-Suomen el\u00e4insuojeluyhdistys\",\"isPartOf\":{\"@id\":\"https:\/\/sey.fi\/kaakkois-suomi\/#website\"},\"primaryImageOfPage\":{\"@id\":\"https:\/\/sey.fi\/kaakkois-suomi\/2021\/12\/03\/elainsuojelukeskus-miulla-on-4-12-2021-kaytossa-koronapassi\/#primaryimage\"},\"image\":{\"@id\":\"https:\/\/sey.fi\/kaakkois-suomi\/2021\/12\/03\/elainsuojelukeskus-miulla-on-4-12-2021-kaytossa-koronapassi\/#primaryimage\"},\"thumbnailUrl\":\"https:\/\/sey.fi\/wp-content\/uploads\/sites\/18\/2021\/12\/262023897_1909158222697269_2345774454363016929_n.jpg\",\"datePublished\":\"2021-12-03T13:28:29+00:00\",\"dateModified\":\"2021-12-13T18:20:26+00:00\",\"author\":{\"@id\":\"https:\/\/sey.fi\/kaakkois-suomi\/#\/schema\/person\/27347e716209da4e173eea894d8510a4\"},\"breadcrumb\":{\"@id\":\"https:\/\/sey.fi\/kaakkois-suomi\/2021\/12\/03\/elainsuojelukeskus-miulla-on-4-12-2021-kaytossa-koronapassi\/#breadcrumb\"},\"inLanguage\":\"fi\",\"potentialAction\":[{\"@type\":\"ReadAction\",\"target\":[\"https:\/\/sey.fi\/kaakkois-suomi\/2021\/12\/03\/elainsuojelukeskus-miulla-on-4-12-2021-kaytossa-koronapassi\/\"]}]},{\"@type\":\"ImageObject\",\"inLanguage\":\"fi\",\"@id\":\"https:\/\/sey.fi\/kaakkois-suomi\/2021\/12\/03\/elainsuojelukeskus-miulla-on-4-12-2021-kaytossa-koronapassi\/#primaryimage\",\"url\":\"https:\/\/sey.fi\/wp-content\/uploads\/sites\/18\/2021\/12\/262023897_1909158222697269_2345774454363016929_n.jpg\",\"contentUrl\":\"https:\/\/sey.fi\/wp-content\/uploads\/sites\/18\/2021\/12\/262023897_1909158222697269_2345774454363016929_n.jpg\"},{\"@type\":\"BreadcrumbList\",\"@id\":\"https:\/\/sey.fi\/kaakkois-suomi\/2021\/12\/03\/elainsuojelukeskus-miulla-on-4-12-2021-kaytossa-koronapassi\/#breadcrumb\",\"itemListElement\":[{\"@type\":\"ListItem\",\"position\":1,\"name\":\"Home\",\"item\":\"https:\/\/sey.fi\/kaakkois-suomi\/\"},{\"@type\":\"ListItem\",\"position\":2,\"name\":\"Miun Kahvilassa ja yleisell\u00e4 vierailuajalla on 4.12.2021 alkaen k\u00e4yt\u00f6ss\u00e4 koronapassi\"}]},{\"@type\":\"WebSite\",\"@id\":\"https:\/\/sey.fi\/kaakkois-suomi\/#website\",\"url\":\"https:\/\/sey.fi\/kaakkois-suomi\/\",\"name\":\"Kaakkois-Suomen el\u00e4insuojeluyhdistys\",\"description\":\"Uusi SEY J\u00e4senyhdistykset -sivusto\",\"potentialAction\":[{\"@type\":\"SearchAction\",\"target\":{\"@type\":\"EntryPoint\",\"urlTemplate\":\"https:\/\/sey.fi\/kaakkois-suomi\/?s={search_term_string}\"},\"query-input\":{\"@type\":\"PropertyValueSpecification\",\"valueRequired\":true,\"valueName\":\"search_term_string\"}}],\"inLanguage\":\"fi\"},{\"@type\":\"Person\",\"@id\":\"https:\/\/sey.fi\/kaakkois-suomi\/#\/schema\/person\/27347e716209da4e173eea894d8510a4\",\"name\":\"kasey\",\"image\":{\"@type\":\"ImageObject\",\"inLanguage\":\"fi\",\"@id\":\"https:\/\/sey.fi\/kaakkois-suomi\/#\/schema\/person\/image\/\",\"url\":\"https:\/\/secure.gravatar.com\/avatar\/1fc3d7174d1815bf1775f3e7361a0422ef85a4ba1f94d4f991c4adbbe1d006d9?s=96&d=mm&r=g\",\"contentUrl\":\"https:\/\/secure.gravatar.com\/avatar\/1fc3d7174d1815bf1775f3e7361a0422ef85a4ba1f94d4f991c4adbbe1d006d9?s=96&d=mm&r=g\",\"caption\":\"kasey\"},\"url\":\"https:\/\/sey.fi\/kaakkois-suomi\/author\/ksesy\/\"}]}<\/script>\n<!-- \/ Yoast SEO plugin. -->","yoast_head_json":{"title":"Miun Kahvilassa ja yleisell\u00e4 vierailuajalla on 4.12.2021 alkaen k\u00e4yt\u00f6ss\u00e4 koronapassi - Kaakkois-Suomen el\u00e4insuojeluyhdistys","robots":{"index":"index","follow":"follow","max-snippet":"max-snippet:-1","max-image-preview":"max-image-preview:large","max-video-preview":"max-video-preview:-1"},"canonical":"https:\/\/sey.fi\/kaakkois-suomi\/2021\/12\/03\/elainsuojelukeskus-miulla-on-4-12-2021-kaytossa-koronapassi\/","og_locale":"fi_FI","og_type":"article","og_title":"Miun Kahvilassa ja yleisell\u00e4 vierailuajalla on 4.12.2021 alkaen k\u00e4yt\u00f6ss\u00e4 koronapassi - Kaakkois-Suomen el\u00e4insuojeluyhdistys","og_description":"Etel\u00e4-Karjala on koronan levi\u00e4misvaiheessa ja haluamme varmistaa kaikille mahdollisimman terveysturvallisen vierailun keskuksen tiloissa. El\u00e4insuojelukeskus Miun vierailuajoilla ja Miun Kahvilassa on k\u00e4yt\u00f6ss\u00e4 koronapassi 4.12.2021 alkaen. Passi kysyt\u00e4\u00e4n kaikilta yli 16 vuotiailta. Varaathan mukaan my\u00f6s henkil\u00f6llisyystodistuksen. Alle 18-vuotiaat voivat todistaa henkil\u00f6llisyytens\u00e4 koronapassin k\u00e4yt\u00f6n yhteydess\u00e4 esimerkiksi Kela-kortilla tai vanhempien antamalla luotettavalla vakuutuksella i\u00e4st\u00e4. Lataathan tai tulostathan koronapassin ennakkoon! [&hellip;]","og_url":"https:\/\/sey.fi\/kaakkois-suomi\/2021\/12\/03\/elainsuojelukeskus-miulla-on-4-12-2021-kaytossa-koronapassi\/","og_site_name":"Kaakkois-Suomen el\u00e4insuojeluyhdistys","article_published_time":"2021-12-03T13:28:29+00:00","article_modified_time":"2021-12-13T18:20:26+00:00","og_image":[{"url":"https:\/\/sey.fi\/wp-content\/uploads\/sites\/18\/2021\/12\/262023897_1909158222697269_2345774454363016929_n.jpg","type":"","width":"","height":""}],"author":"kasey","twitter_card":"summary_large_image","twitter_misc":{"Kirjoittanut":"kasey"},"schema":{"@context":"https:\/\/schema.org","@graph":[{"@type":"Article","@id":"https:\/\/sey.fi\/kaakkois-suomi\/2021\/12\/03\/elainsuojelukeskus-miulla-on-4-12-2021-kaytossa-koronapassi\/#article","isPartOf":{"@id":"https:\/\/sey.fi\/kaakkois-suomi\/2021\/12\/03\/elainsuojelukeskus-miulla-on-4-12-2021-kaytossa-koronapassi\/"},"author":{"name":"kasey","@id":"https:\/\/sey.fi\/kaakkois-suomi\/#\/schema\/person\/27347e716209da4e173eea894d8510a4"},"headline":"Miun Kahvilassa ja yleisell\u00e4 vierailuajalla on 4.12.2021 alkaen k\u00e4yt\u00f6ss\u00e4 koronapassi","datePublished":"2021-12-03T13:28:29+00:00","dateModified":"2021-12-13T18:20:26+00:00","mainEntityOfPage":{"@id":"https:\/\/sey.fi\/kaakkois-suomi\/2021\/12\/03\/elainsuojelukeskus-miulla-on-4-12-2021-kaytossa-koronapassi\/"},"wordCount":104,"image":{"@id":"https:\/\/sey.fi\/kaakkois-suomi\/2021\/12\/03\/elainsuojelukeskus-miulla-on-4-12-2021-kaytossa-koronapassi\/#primaryimage"},"thumbnailUrl":"https:\/\/sey.fi\/wp-content\/uploads\/sites\/18\/2021\/12\/262023897_1909158222697269_2345774454363016929_n.jpg","inLanguage":"fi"},{"@type":"WebPage","@id":"https:\/\/sey.fi\/kaakkois-suomi\/2021\/12\/03\/elainsuojelukeskus-miulla-on-4-12-2021-kaytossa-koronapassi\/","url":"https:\/\/sey.fi\/kaakkois-suomi\/2021\/12\/03\/elainsuojelukeskus-miulla-on-4-12-2021-kaytossa-koronapassi\/","name":"Miun Kahvilassa ja yleisell\u00e4 vierailuajalla on 4.12.2021 alkaen k\u00e4yt\u00f6ss\u00e4 koronapassi - Kaakkois-Suomen el\u00e4insuojeluyhdistys","isPartOf":{"@id":"https:\/\/sey.fi\/kaakkois-suomi\/#website"},"primaryImageOfPage":{"@id":"https:\/\/sey.fi\/kaakkois-suomi\/2021\/12\/03\/elainsuojelukeskus-miulla-on-4-12-2021-kaytossa-koronapassi\/#primaryimage"},"image":{"@id":"https:\/\/sey.fi\/kaakkois-suomi\/2021\/12\/03\/elainsuojelukeskus-miulla-on-4-12-2021-kaytossa-koronapassi\/#primaryimage"},"thumbnailUrl":"https:\/\/sey.fi\/wp-content\/uploads\/sites\/18\/2021\/12\/262023897_1909158222697269_2345774454363016929_n.jpg","datePublished":"2021-12-03T13:28:29+00:00","dateModified":"2021-12-13T18:20:26+00:00","author":{"@id":"https:\/\/sey.fi\/kaakkois-suomi\/#\/schema\/person\/27347e716209da4e173eea894d8510a4"},"breadcrumb":{"@id":"https:\/\/sey.fi\/kaakkois-suomi\/2021\/12\/03\/elainsuojelukeskus-miulla-on-4-12-2021-kaytossa-koronapassi\/#breadcrumb"},"inLanguage":"fi","potentialAction":[{"@type":"ReadAction","target":["https:\/\/sey.fi\/kaakkois-suomi\/2021\/12\/03\/elainsuojelukeskus-miulla-on-4-12-2021-kaytossa-koronapassi\/"]}]},{"@type":"ImageObject","inLanguage":"fi","@id":"https:\/\/sey.fi\/kaakkois-suomi\/2021\/12\/03\/elainsuojelukeskus-miulla-on-4-12-2021-kaytossa-koronapassi\/#primaryimage","url":"https:\/\/sey.fi\/wp-content\/uploads\/sites\/18\/2021\/12\/262023897_1909158222697269_2345774454363016929_n.jpg","contentUrl":"https:\/\/sey.fi\/wp-content\/uploads\/sites\/18\/2021\/12\/262023897_1909158222697269_2345774454363016929_n.jpg"},{"@type":"BreadcrumbList","@id":"https:\/\/sey.fi\/kaakkois-suomi\/2021\/12\/03\/elainsuojelukeskus-miulla-on-4-12-2021-kaytossa-koronapassi\/#breadcrumb","itemListElement":[{"@type":"ListItem","position":1,"name":"Home","item":"https:\/\/sey.fi\/kaakkois-suomi\/"},{"@type":"ListItem","position":2,"name":"Miun Kahvilassa ja yleisell\u00e4 vierailuajalla on 4.12.2021 alkaen k\u00e4yt\u00f6ss\u00e4 koronapassi"}]},{"@type":"WebSite","@id":"https:\/\/sey.fi\/kaakkois-suomi\/#website","url":"https:\/\/sey.fi\/kaakkois-suomi\/","name":"Kaakkois-Suomen el\u00e4insuojeluyhdistys","description":"Uusi SEY J\u00e4senyhdistykset -sivusto","potentialAction":[{"@type":"SearchAction","target":{"@type":"EntryPoint","urlTemplate":"https:\/\/sey.fi\/kaakkois-suomi\/?s={search_term_string}"},"query-input":{"@type":"PropertyValueSpecification","valueRequired":true,"valueName":"search_term_string"}}],"inLanguage":"fi"},{"@type":"Person","@id":"https:\/\/sey.fi\/kaakkois-suomi\/#\/schema\/person\/27347e716209da4e173eea894d8510a4","name":"kasey","image":{"@type":"ImageObject","inLanguage":"fi","@id":"https:\/\/sey.fi\/kaakkois-suomi\/#\/schema\/person\/image\/","url":"https:\/\/secure.gravatar.com\/avatar\/1fc3d7174d1815bf1775f3e7361a0422ef85a4ba1f94d4f991c4adbbe1d006d9?s=96&d=mm&r=g","contentUrl":"https:\/\/secure.gravatar.com\/avatar\/1fc3d7174d1815bf1775f3e7361a0422ef85a4ba1f94d4f991c4adbbe1d006d9?s=96&d=mm&r=g","caption":"kasey"},"url":"https:\/\/sey.fi\/kaakkois-suomi\/author\/ksesy\/"}]}},"_links":{"self":[{"href":"https:\/\/sey.fi\/kaakkois-suomi\/wp-json\/wp\/v2\/posts\/2138","targetHints":{"allow":["GET"]}}],"collection":[{"href":"https:\/\/sey.fi\/kaakkois-suomi\/wp-json\/wp\/v2\/posts"}],"about":[{"href":"https:\/\/sey.fi\/kaakkois-suomi\/wp-json\/wp\/v2\/types\/post"}],"author":[{"embeddable":true,"href":"https:\/\/sey.fi\/kaakkois-suomi\/wp-json\/wp\/v2\/users\/9"}],"replies":[{"embeddable":true,"href":"https:\/\/sey.fi\/kaakkois-suomi\/wp-json\/wp\/v2\/comments?post=2138"}],"version-history":[{"count":5,"href":"https:\/\/sey.fi\/kaakkois-suomi\/wp-json\/wp\/v2\/posts\/2138\/revisions"}],"predecessor-version":[{"id":2151,"href":"https:\/\/sey.fi\/kaakkois-suomi\/wp-json\/wp\/v2\/posts\/2138\/revisions\/2151"}],"wp:attachment":[{"href":"https:\/\/sey.fi\/kaakkois-suomi\/wp-json\/wp\/v2\/media?parent=2138"}],"wp:term":[{"taxonomy":"category","embeddable":true,"href":"https:\/\/sey.fi\/kaakkois-suomi\/wp-json\/wp\/v2\/categories?post=2138"}],"curies":[{"name":"wp","href":"https:\/\/api.w.org\/{rel}","templated":true}]}}