{"id":2447,"date":"2022-04-12T09:31:16","date_gmt":"2022-04-12T06:31:16","guid":{"rendered":"https:\/\/sey.fi\/kaakkois-suomi\/?p=2447"},"modified":"2022-04-12T09:31:17","modified_gmt":"2022-04-12T06:31:17","slug":"koko-perheen-paasiaisviikonloppu-elainsuojelukeskuksella-16-17-4-2022","status":"publish","type":"post","link":"https:\/\/sey.fi\/kaakkois-suomi\/2022\/04\/12\/koko-perheen-paasiaisviikonloppu-elainsuojelukeskuksella-16-17-4-2022\/","title":{"rendered":"Koko perheen p\u00e4\u00e4si\u00e4isviikonloppu el\u00e4insuojelukeskuksella 16.-17.4.2022"},"content":{"rendered":"\n<figure class=\"wp-block-image size-full\"><img loading=\"lazy\" decoding=\"async\" width=\"631\" height=\"851\" src=\"https:\/\/sey.fi\/wp-content\/uploads\/sites\/18\/2022\/04\/miun_paasiainen.jpg\" alt=\"\" class=\"wp-image-2448\" srcset=\"https:\/\/sey.fi\/wp-content\/uploads\/sites\/18\/2022\/04\/miun_paasiainen.jpg 631w, https:\/\/sey.fi\/wp-content\/uploads\/sites\/18\/2022\/04\/miun_paasiainen-222x300.jpg 222w\" sizes=\"auto, (max-width: 631px) 100vw, 631px\" \/><\/figure>\n","protected":false},"excerpt":{"rendered":"","protected":false},"author":9,"featured_media":0,"comment_status":"closed","ping_status":"closed","sticky":false,"template":"","format":"standard","meta":{"_acf_changed":false,"footnotes":""},"categories":[1],"class_list":["post-2447","post","type-post","status-publish","format-standard","hentry","category-yleinen"],"acf":[],"yoast_head":"<!-- This site is optimized with the Yoast SEO plugin v27.1.1 - https:\/\/yoast.com\/product\/yoast-seo-wordpress\/ -->\n<title>Koko perheen p\u00e4\u00e4si\u00e4isviikonloppu el\u00e4insuojelukeskuksella 16.-17.4.2022 - Kaakkois-Suomen el\u00e4insuojeluyhdistys<\/title>\n<meta name=\"robots\" content=\"index, follow, max-snippet:-1, max-image-preview:large, max-video-preview:-1\" \/>\n<link rel=\"canonical\" href=\"https:\/\/sey.fi\/kaakkois-suomi\/2022\/04\/12\/koko-perheen-paasiaisviikonloppu-elainsuojelukeskuksella-16-17-4-2022\/\" \/>\n<meta property=\"og:locale\" content=\"fi_FI\" \/>\n<meta property=\"og:type\" content=\"article\" \/>\n<meta property=\"og:title\" content=\"Koko perheen p\u00e4\u00e4si\u00e4isviikonloppu el\u00e4insuojelukeskuksella 16.-17.4.2022 - Kaakkois-Suomen el\u00e4insuojeluyhdistys\" \/>\n<meta property=\"og:url\" content=\"https:\/\/sey.fi\/kaakkois-suomi\/2022\/04\/12\/koko-perheen-paasiaisviikonloppu-elainsuojelukeskuksella-16-17-4-2022\/\" \/>\n<meta property=\"og:site_name\" content=\"Kaakkois-Suomen el\u00e4insuojeluyhdistys\" \/>\n<meta property=\"article:published_time\" content=\"2022-04-12T06:31:16+00:00\" \/>\n<meta property=\"article:modified_time\" content=\"2022-04-12T06:31:17+00:00\" \/>\n<meta property=\"og:image\" content=\"https:\/\/sey.fi\/wp-content\/uploads\/sites\/18\/2022\/04\/miun_paasiainen.jpg\" \/>\n<meta name=\"author\" content=\"kasey\" \/>\n<meta name=\"twitter:card\" content=\"summary_large_image\" \/>\n<meta name=\"twitter:label1\" content=\"Kirjoittanut\" \/>\n\t<meta name=\"twitter:data1\" content=\"kasey\" \/>\n\t<meta name=\"twitter:label2\" content=\"Arvioitu lukuaika\" \/>\n\t<meta name=\"twitter:data2\" content=\"1 minuutti\" \/>\n<script type=\"application\/ld+json\" class=\"yoast-schema-graph\">{\"@context\":\"https:\/\/schema.org\",\"@graph\":[{\"@type\":\"Article\",\"@id\":\"https:\/\/sey.fi\/kaakkois-suomi\/2022\/04\/12\/koko-perheen-paasiaisviikonloppu-elainsuojelukeskuksella-16-17-4-2022\/#article\",\"isPartOf\":{\"@id\":\"https:\/\/sey.fi\/kaakkois-suomi\/2022\/04\/12\/koko-perheen-paasiaisviikonloppu-elainsuojelukeskuksella-16-17-4-2022\/\"},\"author\":{\"name\":\"kasey\",\"@id\":\"https:\/\/sey.fi\/kaakkois-suomi\/#\/schema\/person\/27347e716209da4e173eea894d8510a4\"},\"headline\":\"Koko perheen p\u00e4\u00e4si\u00e4isviikonloppu el\u00e4insuojelukeskuksella 16.-17.4.2022\",\"datePublished\":\"2022-04-12T06:31:16+00:00\",\"dateModified\":\"2022-04-12T06:31:17+00:00\",\"mainEntityOfPage\":{\"@id\":\"https:\/\/sey.fi\/kaakkois-suomi\/2022\/04\/12\/koko-perheen-paasiaisviikonloppu-elainsuojelukeskuksella-16-17-4-2022\/\"},\"wordCount\":8,\"image\":{\"@id\":\"https:\/\/sey.fi\/kaakkois-suomi\/2022\/04\/12\/koko-perheen-paasiaisviikonloppu-elainsuojelukeskuksella-16-17-4-2022\/#primaryimage\"},\"thumbnailUrl\":\"https:\/\/sey.fi\/wp-content\/uploads\/sites\/18\/2022\/04\/miun_paasiainen.jpg\",\"inLanguage\":\"fi\"},{\"@type\":\"WebPage\",\"@id\":\"https:\/\/sey.fi\/kaakkois-suomi\/2022\/04\/12\/koko-perheen-paasiaisviikonloppu-elainsuojelukeskuksella-16-17-4-2022\/\",\"url\":\"https:\/\/sey.fi\/kaakkois-suomi\/2022\/04\/12\/koko-perheen-paasiaisviikonloppu-elainsuojelukeskuksella-16-17-4-2022\/\",\"name\":\"Koko perheen p\u00e4\u00e4si\u00e4isviikonloppu el\u00e4insuojelukeskuksella 16.-17.4.2022 - Kaakkois-Suomen el\u00e4insuojeluyhdistys\",\"isPartOf\":{\"@id\":\"https:\/\/sey.fi\/kaakkois-suomi\/#website\"},\"primaryImageOfPage\":{\"@id\":\"https:\/\/sey.fi\/kaakkois-suomi\/2022\/04\/12\/koko-perheen-paasiaisviikonloppu-elainsuojelukeskuksella-16-17-4-2022\/#primaryimage\"},\"image\":{\"@id\":\"https:\/\/sey.fi\/kaakkois-suomi\/2022\/04\/12\/koko-perheen-paasiaisviikonloppu-elainsuojelukeskuksella-16-17-4-2022\/#primaryimage\"},\"thumbnailUrl\":\"https:\/\/sey.fi\/wp-content\/uploads\/sites\/18\/2022\/04\/miun_paasiainen.jpg\",\"datePublished\":\"2022-04-12T06:31:16+00:00\",\"dateModified\":\"2022-04-12T06:31:17+00:00\",\"author\":{\"@id\":\"https:\/\/sey.fi\/kaakkois-suomi\/#\/schema\/person\/27347e716209da4e173eea894d8510a4\"},\"breadcrumb\":{\"@id\":\"https:\/\/sey.fi\/kaakkois-suomi\/2022\/04\/12\/koko-perheen-paasiaisviikonloppu-elainsuojelukeskuksella-16-17-4-2022\/#breadcrumb\"},\"inLanguage\":\"fi\",\"potentialAction\":[{\"@type\":\"ReadAction\",\"target\":[\"https:\/\/sey.fi\/kaakkois-suomi\/2022\/04\/12\/koko-perheen-paasiaisviikonloppu-elainsuojelukeskuksella-16-17-4-2022\/\"]}]},{\"@type\":\"ImageObject\",\"inLanguage\":\"fi\",\"@id\":\"https:\/\/sey.fi\/kaakkois-suomi\/2022\/04\/12\/koko-perheen-paasiaisviikonloppu-elainsuojelukeskuksella-16-17-4-2022\/#primaryimage\",\"url\":\"https:\/\/sey.fi\/wp-content\/uploads\/sites\/18\/2022\/04\/miun_paasiainen.jpg\",\"contentUrl\":\"https:\/\/sey.fi\/wp-content\/uploads\/sites\/18\/2022\/04\/miun_paasiainen.jpg\"},{\"@type\":\"BreadcrumbList\",\"@id\":\"https:\/\/sey.fi\/kaakkois-suomi\/2022\/04\/12\/koko-perheen-paasiaisviikonloppu-elainsuojelukeskuksella-16-17-4-2022\/#breadcrumb\",\"itemListElement\":[{\"@type\":\"ListItem\",\"position\":1,\"name\":\"Home\",\"item\":\"https:\/\/sey.fi\/kaakkois-suomi\/\"},{\"@type\":\"ListItem\",\"position\":2,\"name\":\"Koko perheen p\u00e4\u00e4si\u00e4isviikonloppu el\u00e4insuojelukeskuksella 16.-17.4.2022\"}]},{\"@type\":\"WebSite\",\"@id\":\"https:\/\/sey.fi\/kaakkois-suomi\/#website\",\"url\":\"https:\/\/sey.fi\/kaakkois-suomi\/\",\"name\":\"Kaakkois-Suomen el\u00e4insuojeluyhdistys\",\"description\":\"Uusi SEY J\u00e4senyhdistykset -sivusto\",\"potentialAction\":[{\"@type\":\"SearchAction\",\"target\":{\"@type\":\"EntryPoint\",\"urlTemplate\":\"https:\/\/sey.fi\/kaakkois-suomi\/?s={search_term_string}\"},\"query-input\":{\"@type\":\"PropertyValueSpecification\",\"valueRequired\":true,\"valueName\":\"search_term_string\"}}],\"inLanguage\":\"fi\"},{\"@type\":\"Person\",\"@id\":\"https:\/\/sey.fi\/kaakkois-suomi\/#\/schema\/person\/27347e716209da4e173eea894d8510a4\",\"name\":\"kasey\",\"image\":{\"@type\":\"ImageObject\",\"inLanguage\":\"fi\",\"@id\":\"https:\/\/sey.fi\/kaakkois-suomi\/#\/schema\/person\/image\/\",\"url\":\"https:\/\/secure.gravatar.com\/avatar\/1fc3d7174d1815bf1775f3e7361a0422ef85a4ba1f94d4f991c4adbbe1d006d9?s=96&d=mm&r=g\",\"contentUrl\":\"https:\/\/secure.gravatar.com\/avatar\/1fc3d7174d1815bf1775f3e7361a0422ef85a4ba1f94d4f991c4adbbe1d006d9?s=96&d=mm&r=g\",\"caption\":\"kasey\"},\"url\":\"https:\/\/sey.fi\/kaakkois-suomi\/author\/ksesy\/\"}]}<\/script>\n<!-- \/ Yoast SEO plugin. -->","yoast_head_json":{"title":"Koko perheen p\u00e4\u00e4si\u00e4isviikonloppu el\u00e4insuojelukeskuksella 16.-17.4.2022 - Kaakkois-Suomen el\u00e4insuojeluyhdistys","robots":{"index":"index","follow":"follow","max-snippet":"max-snippet:-1","max-image-preview":"max-image-preview:large","max-video-preview":"max-video-preview:-1"},"canonical":"https:\/\/sey.fi\/kaakkois-suomi\/2022\/04\/12\/koko-perheen-paasiaisviikonloppu-elainsuojelukeskuksella-16-17-4-2022\/","og_locale":"fi_FI","og_type":"article","og_title":"Koko perheen p\u00e4\u00e4si\u00e4isviikonloppu el\u00e4insuojelukeskuksella 16.-17.4.2022 - Kaakkois-Suomen el\u00e4insuojeluyhdistys","og_url":"https:\/\/sey.fi\/kaakkois-suomi\/2022\/04\/12\/koko-perheen-paasiaisviikonloppu-elainsuojelukeskuksella-16-17-4-2022\/","og_site_name":"Kaakkois-Suomen el\u00e4insuojeluyhdistys","article_published_time":"2022-04-12T06:31:16+00:00","article_modified_time":"2022-04-12T06:31:17+00:00","og_image":[{"url":"https:\/\/sey.fi\/wp-content\/uploads\/sites\/18\/2022\/04\/miun_paasiainen.jpg","type":"","width":"","height":""}],"author":"kasey","twitter_card":"summary_large_image","twitter_misc":{"Kirjoittanut":"kasey","Arvioitu lukuaika":"1 minuutti"},"schema":{"@context":"https:\/\/schema.org","@graph":[{"@type":"Article","@id":"https:\/\/sey.fi\/kaakkois-suomi\/2022\/04\/12\/koko-perheen-paasiaisviikonloppu-elainsuojelukeskuksella-16-17-4-2022\/#article","isPartOf":{"@id":"https:\/\/sey.fi\/kaakkois-suomi\/2022\/04\/12\/koko-perheen-paasiaisviikonloppu-elainsuojelukeskuksella-16-17-4-2022\/"},"author":{"name":"kasey","@id":"https:\/\/sey.fi\/kaakkois-suomi\/#\/schema\/person\/27347e716209da4e173eea894d8510a4"},"headline":"Koko perheen p\u00e4\u00e4si\u00e4isviikonloppu el\u00e4insuojelukeskuksella 16.-17.4.2022","datePublished":"2022-04-12T06:31:16+00:00","dateModified":"2022-04-12T06:31:17+00:00","mainEntityOfPage":{"@id":"https:\/\/sey.fi\/kaakkois-suomi\/2022\/04\/12\/koko-perheen-paasiaisviikonloppu-elainsuojelukeskuksella-16-17-4-2022\/"},"wordCount":8,"image":{"@id":"https:\/\/sey.fi\/kaakkois-suomi\/2022\/04\/12\/koko-perheen-paasiaisviikonloppu-elainsuojelukeskuksella-16-17-4-2022\/#primaryimage"},"thumbnailUrl":"https:\/\/sey.fi\/wp-content\/uploads\/sites\/18\/2022\/04\/miun_paasiainen.jpg","inLanguage":"fi"},{"@type":"WebPage","@id":"https:\/\/sey.fi\/kaakkois-suomi\/2022\/04\/12\/koko-perheen-paasiaisviikonloppu-elainsuojelukeskuksella-16-17-4-2022\/","url":"https:\/\/sey.fi\/kaakkois-suomi\/2022\/04\/12\/koko-perheen-paasiaisviikonloppu-elainsuojelukeskuksella-16-17-4-2022\/","name":"Koko perheen p\u00e4\u00e4si\u00e4isviikonloppu el\u00e4insuojelukeskuksella 16.-17.4.2022 - Kaakkois-Suomen el\u00e4insuojeluyhdistys","isPartOf":{"@id":"https:\/\/sey.fi\/kaakkois-suomi\/#website"},"primaryImageOfPage":{"@id":"https:\/\/sey.fi\/kaakkois-suomi\/2022\/04\/12\/koko-perheen-paasiaisviikonloppu-elainsuojelukeskuksella-16-17-4-2022\/#primaryimage"},"image":{"@id":"https:\/\/sey.fi\/kaakkois-suomi\/2022\/04\/12\/koko-perheen-paasiaisviikonloppu-elainsuojelukeskuksella-16-17-4-2022\/#primaryimage"},"thumbnailUrl":"https:\/\/sey.fi\/wp-content\/uploads\/sites\/18\/2022\/04\/miun_paasiainen.jpg","datePublished":"2022-04-12T06:31:16+00:00","dateModified":"2022-04-12T06:31:17+00:00","author":{"@id":"https:\/\/sey.fi\/kaakkois-suomi\/#\/schema\/person\/27347e716209da4e173eea894d8510a4"},"breadcrumb":{"@id":"https:\/\/sey.fi\/kaakkois-suomi\/2022\/04\/12\/koko-perheen-paasiaisviikonloppu-elainsuojelukeskuksella-16-17-4-2022\/#breadcrumb"},"inLanguage":"fi","potentialAction":[{"@type":"ReadAction","target":["https:\/\/sey.fi\/kaakkois-suomi\/2022\/04\/12\/koko-perheen-paasiaisviikonloppu-elainsuojelukeskuksella-16-17-4-2022\/"]}]},{"@type":"ImageObject","inLanguage":"fi","@id":"https:\/\/sey.fi\/kaakkois-suomi\/2022\/04\/12\/koko-perheen-paasiaisviikonloppu-elainsuojelukeskuksella-16-17-4-2022\/#primaryimage","url":"https:\/\/sey.fi\/wp-content\/uploads\/sites\/18\/2022\/04\/miun_paasiainen.jpg","contentUrl":"https:\/\/sey.fi\/wp-content\/uploads\/sites\/18\/2022\/04\/miun_paasiainen.jpg"},{"@type":"BreadcrumbList","@id":"https:\/\/sey.fi\/kaakkois-suomi\/2022\/04\/12\/koko-perheen-paasiaisviikonloppu-elainsuojelukeskuksella-16-17-4-2022\/#breadcrumb","itemListElement":[{"@type":"ListItem","position":1,"name":"Home","item":"https:\/\/sey.fi\/kaakkois-suomi\/"},{"@type":"ListItem","position":2,"name":"Koko perheen p\u00e4\u00e4si\u00e4isviikonloppu el\u00e4insuojelukeskuksella 16.-17.4.2022"}]},{"@type":"WebSite","@id":"https:\/\/sey.fi\/kaakkois-suomi\/#website","url":"https:\/\/sey.fi\/kaakkois-suomi\/","name":"Kaakkois-Suomen el\u00e4insuojeluyhdistys","description":"Uusi SEY J\u00e4senyhdistykset -sivusto","potentialAction":[{"@type":"SearchAction","target":{"@type":"EntryPoint","urlTemplate":"https:\/\/sey.fi\/kaakkois-suomi\/?s={search_term_string}"},"query-input":{"@type":"PropertyValueSpecification","valueRequired":true,"valueName":"search_term_string"}}],"inLanguage":"fi"},{"@type":"Person","@id":"https:\/\/sey.fi\/kaakkois-suomi\/#\/schema\/person\/27347e716209da4e173eea894d8510a4","name":"kasey","image":{"@type":"ImageObject","inLanguage":"fi","@id":"https:\/\/sey.fi\/kaakkois-suomi\/#\/schema\/person\/image\/","url":"https:\/\/secure.gravatar.com\/avatar\/1fc3d7174d1815bf1775f3e7361a0422ef85a4ba1f94d4f991c4adbbe1d006d9?s=96&d=mm&r=g","contentUrl":"https:\/\/secure.gravatar.com\/avatar\/1fc3d7174d1815bf1775f3e7361a0422ef85a4ba1f94d4f991c4adbbe1d006d9?s=96&d=mm&r=g","caption":"kasey"},"url":"https:\/\/sey.fi\/kaakkois-suomi\/author\/ksesy\/"}]}},"_links":{"self":[{"href":"https:\/\/sey.fi\/kaakkois-suomi\/wp-json\/wp\/v2\/posts\/2447","targetHints":{"allow":["GET"]}}],"collection":[{"href":"https:\/\/sey.fi\/kaakkois-suomi\/wp-json\/wp\/v2\/posts"}],"about":[{"href":"https:\/\/sey.fi\/kaakkois-suomi\/wp-json\/wp\/v2\/types\/post"}],"author":[{"embeddable":true,"href":"https:\/\/sey.fi\/kaakkois-suomi\/wp-json\/wp\/v2\/users\/9"}],"replies":[{"embeddable":true,"href":"https:\/\/sey.fi\/kaakkois-suomi\/wp-json\/wp\/v2\/comments?post=2447"}],"version-history":[{"count":1,"href":"https:\/\/sey.fi\/kaakkois-suomi\/wp-json\/wp\/v2\/posts\/2447\/revisions"}],"predecessor-version":[{"id":2449,"href":"https:\/\/sey.fi\/kaakkois-suomi\/wp-json\/wp\/v2\/posts\/2447\/revisions\/2449"}],"wp:attachment":[{"href":"https:\/\/sey.fi\/kaakkois-suomi\/wp-json\/wp\/v2\/media?parent=2447"}],"wp:term":[{"taxonomy":"category","embeddable":true,"href":"https:\/\/sey.fi\/kaakkois-suomi\/wp-json\/wp\/v2\/categories?post=2447"}],"curies":[{"name":"wp","href":"https:\/\/api.w.org\/{rel}","templated":true}]}}