{"id":3651,"date":"2023-09-13T08:06:59","date_gmt":"2023-09-13T05:06:59","guid":{"rendered":"https:\/\/sey.fi\/kaakkois-suomi\/?p=3651"},"modified":"2023-09-13T08:07:00","modified_gmt":"2023-09-13T05:07:00","slug":"paivitysta-hautausmaan-projektiin-11-09-2023","status":"publish","type":"post","link":"https:\/\/sey.fi\/kaakkois-suomi\/2023\/09\/13\/paivitysta-hautausmaan-projektiin-11-09-2023\/","title":{"rendered":"P\u00c4IVITYST\u00c4 HAUTAUSMAAN PROJEKTIIN 11.09.2023."},"content":{"rendered":"\n<p>Hautausmaan syystalkoita on alustavasti suunniteltu pidett\u00e4v\u00e4ksi 21. tai 22.10.2023. Tarkka p\u00e4iv\u00e4 ja kellonaika ilmoitetaan l\u00e4hemp\u00e4n\u00e4 kyseist\u00e4 viikonloppua.<\/p>\n\n\n\n<p>Hautausmaalla jatkuu edelleen hautapaikkojen kartoitus ja uudelleen numerointi, ja sit\u00e4 kautta rekisterin p\u00e4ivitys. Ty\u00f6t jatkuvat vanhalla puolella eli lohko A, keskik\u00e4yt\u00e4v\u00e4n oikealla puolen, rivit 1-9. K\u00e4yt\u00f6ss\u00e4 olevat haudat on merkattu oranssein kepein, niit\u00e4 hautoja ei oteta uudelleen k\u00e4ytt\u00f6\u00f6n. Oranssit kepit ovat p\u00e4\u00e4sseet loppumaan ja tilalla on puisia keppej\u00e4 joiden p\u00e4\u00e4 on maalattu oranssiksi\/punaiseksi. Oranssit kepit\/puukepit poistetaan kun saadaan uudet numerot kiinnitetty\u00e4 pysyviin tolppiin. Numeroita on jo poistettu my\u00f6s uuden puolen haudoilta.<\/p>\n\n\n\n<p>Lohko B eli uusi puoli (keskik\u00e4yt\u00e4v\u00e4n vasen puoli poislukien poikittaiset rivit Terhom\u00e4entien puoleisessa p\u00e4\u00e4dyss\u00e4) &nbsp;kuulutetaan kev\u00e4\u00e4ll\u00e4 tai alkukes\u00e4st\u00e4 2024. Aikaa reagoida kuulutuksiin on parisen vuotta. Jos yhteystietosi ovat mahdollisesti muuttuneet, ota yhtetty\u00e4 vaikka saman tien niin p\u00e4ivitet\u00e4\u00e4n ne rekisteriin.&nbsp; Jos sinulla on tiedossasi henkil\u00f6 joka ei k\u00e4yt\u00e4 sosiaalista mediaa tai netti\u00e4 mutta h\u00e4nell\u00e4 on lemmikki haudattu hautausmaalle, &nbsp;pyyd\u00e4 ihmeess\u00e4 h\u00e4nt\u00e4kin ottamaan yhteytt\u00e4 niin saamme tietoja mahdollisimman kattavasti p\u00e4ivitetty\u00e4.<\/p>\n\n\n\n<p>Hautapaikkasi numero siis tulee muuttumaan uudistuksen my\u00f6t\u00e4. Toistaiseksi kuitenkin paikkasi l\u00f6ytyy rekisterist\u00e4 vanhalla numerolla.<br>Koska osa numeroista joudutaan ottamaan uuden puolen haudoilta, voi sinun uudella puolella olevalta haudaltasi kadota numerokeppi. K\u00e4y siis mahdollisimman pian merkkaamassa hautasi sill\u00e4 tavoin, ett\u00e4 l\u00f6yd\u00e4t sen ilman numeroakin.<br>Vanhemmilta, hoitamattomilta haudoilta ker\u00e4t\u00e4\u00e4n kivet ja muut muistomerkit pois, ja ne siirret\u00e4\u00e4n sivuun. Osalle on jo ehditty tehd\u00e4 niin. Niille on tarkoitus tehd\u00e4 siisti paikka hautausmaan viereen. Muistomerkin voi my\u00f6s hakea pois, tai jos haluat viel\u00e4 hautaasi hoitaa, vied\u00e4 sen takaisin haudalle.&nbsp; MUISTA KUITENKIN ILMOITTAA MEILLE ALLA OLEVAAN NUMEROON JOS HALUAT JATKAA HAUTASI HOITOA. My\u00f6s p\u00e4\u00e4llehautaus onnistuu vanhaan hautaasi jos niin haluat toimia.<\/p>\n\n\n\n<p>Ilmoituksen voit tehd\u00e4 puhelimitse numeroon 050 432 4942 tai s\u00e4hk\u00f6postitse osoitteeseen&nbsp;<a href=\"mailto:kasey.hautausmaa@gmail.com\" target=\"_blank\" rel=\"noreferrer noopener\">kasey.hautausmaa@gmail.com<\/a>.<\/p>\n\n\n\n<p>Muistathan ett\u00e4 haudan hoitaminen on haudan lunastaneen vastuulla. Vuoden 2015 j\u00e4lkeen lunastetut hautapaikat ovat lunastajan omistuksessa 10 vuotta. Sen j\u00e4lkeen paikka joko siirtyy takaisin yhdistykselle, tai voit jat\u1e31aa haudan hallintaa ja hoitamista ilmoittamalla siit\u00e4 meille. Jos sen 10 vuoden aikana hautaat samaan paikkaan toisen lemmikkisi, l\u00e4htee siit\u00e4 uusi 10 vuoden jakso eteen p\u00e4in.<\/p>\n\n\n\n<p>Pahoittelemme t\u00e4st\u00e4 teille mahdollisesti aiheutuvaa haittaa sek\u00e4 odotettavissa olevia sekaannuksia. Haudoilta poistetut kivet ja koristeet on tosiaan tarkoitus paremmalla ajalla asetella kauniimmin. Nyt ne on kiireen ja apuk\u00e4sien puutteen vuoksi ik\u00e4v\u00e4sti vain &#8221;tuupattu&#8221; sivuun. Virheit\u00e4 on nyt sattunut luvattoman paljon, tieto ei ole kulkenut ajantasaisesti vastaavien ja tekij\u00e4n v\u00e4lill\u00e4. Olemme t\u00e4st\u00e4 todella pahoillamme ja pyrimme korjaamaan jo syntyneet vahingot sek\u00e4 olemaan tarkempia asiassa. Olkaa viipym\u00e4tt\u00e4 yhteydess\u00e4 mik\u00e4li huomaat ett\u00e4 hautasi kohdalla on sattunut virhe.<\/p>\n\n\n\n<p>Jos sinulla on mahdollisuus tarjoutua auttamaan hautausmaalle, ota yhteytt\u00e4 hautausmaan kunnossapitoon osoitteeseen&nbsp;<a href=\"mailto:kasey.hautausmaayllapito@gmail.com\" target=\"_blank\" rel=\"noreferrer noopener\">kasey.hautausmaayllapito@gmail.com<\/a>. My\u00f6s t\u00e4h\u00e4n s\u00e4hk\u00f6postiosoitteeseen voit ilmoittaa mik\u00e4li hautasi on edelleen hoidossasi. Ty\u00f6 on p\u00e4\u00e4asiassa fyysist\u00e4 ty\u00f6t\u00e4.<\/p>\n\n\n\n<p>Yst\u00e4v\u00e4llisin terveisin<br>Hautausmaan rekisterin vastaava Sanna Haaramo,&nbsp;<a href=\"mailto:kasey.hautausmaa@gmail.com\" target=\"_blank\" rel=\"noreferrer noopener\">kasey.hautausmaa@gmail.com<\/a>, 050 432 4942<br>Hautausmaan kunnossapidon vastaava Colleen Rains, kasey.&nbsp;<a href=\"mailto:hautausmaayllapito@gmail.com\" target=\"_blank\" rel=\"noreferrer noopener\">hautausmaayllapito@gmail.com<\/a><\/p>\n","protected":false},"excerpt":{"rendered":"<p>Hautausmaan syystalkoita on alustavasti suunniteltu pidett\u00e4v\u00e4ksi 21. tai 22.10.2023. Tarkka p\u00e4iv\u00e4 ja kellonaika ilmoitetaan l\u00e4hemp\u00e4n\u00e4 kyseist\u00e4 viikonloppua. Hautausmaalla jatkuu edelleen hautapaikkojen kartoitus ja uudelleen numerointi, ja sit\u00e4 kautta rekisterin p\u00e4ivitys. Ty\u00f6t jatkuvat vanhalla puolella eli lohko A, keskik\u00e4yt\u00e4v\u00e4n oikealla puolen, rivit 1-9. K\u00e4yt\u00f6ss\u00e4 olevat haudat on merkattu oranssein kepein, niit\u00e4 hautoja ei oteta uudelleen k\u00e4ytt\u00f6\u00f6n. [&hellip;]<\/p>\n","protected":false},"author":9,"featured_media":0,"comment_status":"closed","ping_status":"closed","sticky":false,"template":"","format":"standard","meta":{"_acf_changed":false,"footnotes":""},"categories":[1],"class_list":["post-3651","post","type-post","status-publish","format-standard","hentry","category-yleinen"],"acf":[],"yoast_head":"<!-- This site is optimized with the Yoast SEO plugin v27.1.1 - https:\/\/yoast.com\/product\/yoast-seo-wordpress\/ -->\n<title>P\u00c4IVITYST\u00c4 HAUTAUSMAAN PROJEKTIIN 11.09.2023. - Kaakkois-Suomen el\u00e4insuojeluyhdistys<\/title>\n<meta name=\"robots\" content=\"index, follow, max-snippet:-1, max-image-preview:large, max-video-preview:-1\" \/>\n<link rel=\"canonical\" href=\"https:\/\/sey.fi\/kaakkois-suomi\/2023\/09\/13\/paivitysta-hautausmaan-projektiin-11-09-2023\/\" \/>\n<meta property=\"og:locale\" content=\"fi_FI\" \/>\n<meta property=\"og:type\" content=\"article\" \/>\n<meta property=\"og:title\" content=\"P\u00c4IVITYST\u00c4 HAUTAUSMAAN PROJEKTIIN 11.09.2023. - Kaakkois-Suomen el\u00e4insuojeluyhdistys\" \/>\n<meta property=\"og:description\" content=\"Hautausmaan syystalkoita on alustavasti suunniteltu pidett\u00e4v\u00e4ksi 21. tai 22.10.2023. Tarkka p\u00e4iv\u00e4 ja kellonaika ilmoitetaan l\u00e4hemp\u00e4n\u00e4 kyseist\u00e4 viikonloppua. Hautausmaalla jatkuu edelleen hautapaikkojen kartoitus ja uudelleen numerointi, ja sit\u00e4 kautta rekisterin p\u00e4ivitys. Ty\u00f6t jatkuvat vanhalla puolella eli lohko A, keskik\u00e4yt\u00e4v\u00e4n oikealla puolen, rivit 1-9. K\u00e4yt\u00f6ss\u00e4 olevat haudat on merkattu oranssein kepein, niit\u00e4 hautoja ei oteta uudelleen k\u00e4ytt\u00f6\u00f6n. [&hellip;]\" \/>\n<meta property=\"og:url\" content=\"https:\/\/sey.fi\/kaakkois-suomi\/2023\/09\/13\/paivitysta-hautausmaan-projektiin-11-09-2023\/\" \/>\n<meta property=\"og:site_name\" content=\"Kaakkois-Suomen el\u00e4insuojeluyhdistys\" \/>\n<meta property=\"article:published_time\" content=\"2023-09-13T05:06:59+00:00\" \/>\n<meta property=\"article:modified_time\" content=\"2023-09-13T05:07:00+00:00\" \/>\n<meta name=\"author\" content=\"kasey\" \/>\n<meta name=\"twitter:card\" content=\"summary_large_image\" \/>\n<meta name=\"twitter:label1\" content=\"Kirjoittanut\" \/>\n\t<meta name=\"twitter:data1\" content=\"kasey\" \/>\n\t<meta name=\"twitter:label2\" content=\"Arvioitu lukuaika\" \/>\n\t<meta name=\"twitter:data2\" content=\"3 minuuttia\" \/>\n<script type=\"application\/ld+json\" class=\"yoast-schema-graph\">{\"@context\":\"https:\/\/schema.org\",\"@graph\":[{\"@type\":\"Article\",\"@id\":\"https:\/\/sey.fi\/kaakkois-suomi\/2023\/09\/13\/paivitysta-hautausmaan-projektiin-11-09-2023\/#article\",\"isPartOf\":{\"@id\":\"https:\/\/sey.fi\/kaakkois-suomi\/2023\/09\/13\/paivitysta-hautausmaan-projektiin-11-09-2023\/\"},\"author\":{\"name\":\"kasey\",\"@id\":\"https:\/\/sey.fi\/kaakkois-suomi\/#\/schema\/person\/27347e716209da4e173eea894d8510a4\"},\"headline\":\"P\u00c4IVITYST\u00c4 HAUTAUSMAAN PROJEKTIIN 11.09.2023.\",\"datePublished\":\"2023-09-13T05:06:59+00:00\",\"dateModified\":\"2023-09-13T05:07:00+00:00\",\"mainEntityOfPage\":{\"@id\":\"https:\/\/sey.fi\/kaakkois-suomi\/2023\/09\/13\/paivitysta-hautausmaan-projektiin-11-09-2023\/\"},\"wordCount\":525,\"inLanguage\":\"fi\"},{\"@type\":\"WebPage\",\"@id\":\"https:\/\/sey.fi\/kaakkois-suomi\/2023\/09\/13\/paivitysta-hautausmaan-projektiin-11-09-2023\/\",\"url\":\"https:\/\/sey.fi\/kaakkois-suomi\/2023\/09\/13\/paivitysta-hautausmaan-projektiin-11-09-2023\/\",\"name\":\"P\u00c4IVITYST\u00c4 HAUTAUSMAAN PROJEKTIIN 11.09.2023. - Kaakkois-Suomen el\u00e4insuojeluyhdistys\",\"isPartOf\":{\"@id\":\"https:\/\/sey.fi\/kaakkois-suomi\/#website\"},\"datePublished\":\"2023-09-13T05:06:59+00:00\",\"dateModified\":\"2023-09-13T05:07:00+00:00\",\"author\":{\"@id\":\"https:\/\/sey.fi\/kaakkois-suomi\/#\/schema\/person\/27347e716209da4e173eea894d8510a4\"},\"breadcrumb\":{\"@id\":\"https:\/\/sey.fi\/kaakkois-suomi\/2023\/09\/13\/paivitysta-hautausmaan-projektiin-11-09-2023\/#breadcrumb\"},\"inLanguage\":\"fi\",\"potentialAction\":[{\"@type\":\"ReadAction\",\"target\":[\"https:\/\/sey.fi\/kaakkois-suomi\/2023\/09\/13\/paivitysta-hautausmaan-projektiin-11-09-2023\/\"]}]},{\"@type\":\"BreadcrumbList\",\"@id\":\"https:\/\/sey.fi\/kaakkois-suomi\/2023\/09\/13\/paivitysta-hautausmaan-projektiin-11-09-2023\/#breadcrumb\",\"itemListElement\":[{\"@type\":\"ListItem\",\"position\":1,\"name\":\"Home\",\"item\":\"https:\/\/sey.fi\/kaakkois-suomi\/\"},{\"@type\":\"ListItem\",\"position\":2,\"name\":\"P\u00c4IVITYST\u00c4 HAUTAUSMAAN PROJEKTIIN 11.09.2023.\"}]},{\"@type\":\"WebSite\",\"@id\":\"https:\/\/sey.fi\/kaakkois-suomi\/#website\",\"url\":\"https:\/\/sey.fi\/kaakkois-suomi\/\",\"name\":\"Kaakkois-Suomen el\u00e4insuojeluyhdistys\",\"description\":\"Uusi SEY J\u00e4senyhdistykset -sivusto\",\"potentialAction\":[{\"@type\":\"SearchAction\",\"target\":{\"@type\":\"EntryPoint\",\"urlTemplate\":\"https:\/\/sey.fi\/kaakkois-suomi\/?s={search_term_string}\"},\"query-input\":{\"@type\":\"PropertyValueSpecification\",\"valueRequired\":true,\"valueName\":\"search_term_string\"}}],\"inLanguage\":\"fi\"},{\"@type\":\"Person\",\"@id\":\"https:\/\/sey.fi\/kaakkois-suomi\/#\/schema\/person\/27347e716209da4e173eea894d8510a4\",\"name\":\"kasey\",\"image\":{\"@type\":\"ImageObject\",\"inLanguage\":\"fi\",\"@id\":\"https:\/\/sey.fi\/kaakkois-suomi\/#\/schema\/person\/image\/\",\"url\":\"https:\/\/secure.gravatar.com\/avatar\/1fc3d7174d1815bf1775f3e7361a0422ef85a4ba1f94d4f991c4adbbe1d006d9?s=96&d=mm&r=g\",\"contentUrl\":\"https:\/\/secure.gravatar.com\/avatar\/1fc3d7174d1815bf1775f3e7361a0422ef85a4ba1f94d4f991c4adbbe1d006d9?s=96&d=mm&r=g\",\"caption\":\"kasey\"},\"url\":\"https:\/\/sey.fi\/kaakkois-suomi\/author\/ksesy\/\"}]}<\/script>\n<!-- \/ Yoast SEO plugin. -->","yoast_head_json":{"title":"P\u00c4IVITYST\u00c4 HAUTAUSMAAN PROJEKTIIN 11.09.2023. - Kaakkois-Suomen el\u00e4insuojeluyhdistys","robots":{"index":"index","follow":"follow","max-snippet":"max-snippet:-1","max-image-preview":"max-image-preview:large","max-video-preview":"max-video-preview:-1"},"canonical":"https:\/\/sey.fi\/kaakkois-suomi\/2023\/09\/13\/paivitysta-hautausmaan-projektiin-11-09-2023\/","og_locale":"fi_FI","og_type":"article","og_title":"P\u00c4IVITYST\u00c4 HAUTAUSMAAN PROJEKTIIN 11.09.2023. - Kaakkois-Suomen el\u00e4insuojeluyhdistys","og_description":"Hautausmaan syystalkoita on alustavasti suunniteltu pidett\u00e4v\u00e4ksi 21. tai 22.10.2023. Tarkka p\u00e4iv\u00e4 ja kellonaika ilmoitetaan l\u00e4hemp\u00e4n\u00e4 kyseist\u00e4 viikonloppua. Hautausmaalla jatkuu edelleen hautapaikkojen kartoitus ja uudelleen numerointi, ja sit\u00e4 kautta rekisterin p\u00e4ivitys. Ty\u00f6t jatkuvat vanhalla puolella eli lohko A, keskik\u00e4yt\u00e4v\u00e4n oikealla puolen, rivit 1-9. K\u00e4yt\u00f6ss\u00e4 olevat haudat on merkattu oranssein kepein, niit\u00e4 hautoja ei oteta uudelleen k\u00e4ytt\u00f6\u00f6n. [&hellip;]","og_url":"https:\/\/sey.fi\/kaakkois-suomi\/2023\/09\/13\/paivitysta-hautausmaan-projektiin-11-09-2023\/","og_site_name":"Kaakkois-Suomen el\u00e4insuojeluyhdistys","article_published_time":"2023-09-13T05:06:59+00:00","article_modified_time":"2023-09-13T05:07:00+00:00","author":"kasey","twitter_card":"summary_large_image","twitter_misc":{"Kirjoittanut":"kasey","Arvioitu lukuaika":"3 minuuttia"},"schema":{"@context":"https:\/\/schema.org","@graph":[{"@type":"Article","@id":"https:\/\/sey.fi\/kaakkois-suomi\/2023\/09\/13\/paivitysta-hautausmaan-projektiin-11-09-2023\/#article","isPartOf":{"@id":"https:\/\/sey.fi\/kaakkois-suomi\/2023\/09\/13\/paivitysta-hautausmaan-projektiin-11-09-2023\/"},"author":{"name":"kasey","@id":"https:\/\/sey.fi\/kaakkois-suomi\/#\/schema\/person\/27347e716209da4e173eea894d8510a4"},"headline":"P\u00c4IVITYST\u00c4 HAUTAUSMAAN PROJEKTIIN 11.09.2023.","datePublished":"2023-09-13T05:06:59+00:00","dateModified":"2023-09-13T05:07:00+00:00","mainEntityOfPage":{"@id":"https:\/\/sey.fi\/kaakkois-suomi\/2023\/09\/13\/paivitysta-hautausmaan-projektiin-11-09-2023\/"},"wordCount":525,"inLanguage":"fi"},{"@type":"WebPage","@id":"https:\/\/sey.fi\/kaakkois-suomi\/2023\/09\/13\/paivitysta-hautausmaan-projektiin-11-09-2023\/","url":"https:\/\/sey.fi\/kaakkois-suomi\/2023\/09\/13\/paivitysta-hautausmaan-projektiin-11-09-2023\/","name":"P\u00c4IVITYST\u00c4 HAUTAUSMAAN PROJEKTIIN 11.09.2023. - Kaakkois-Suomen el\u00e4insuojeluyhdistys","isPartOf":{"@id":"https:\/\/sey.fi\/kaakkois-suomi\/#website"},"datePublished":"2023-09-13T05:06:59+00:00","dateModified":"2023-09-13T05:07:00+00:00","author":{"@id":"https:\/\/sey.fi\/kaakkois-suomi\/#\/schema\/person\/27347e716209da4e173eea894d8510a4"},"breadcrumb":{"@id":"https:\/\/sey.fi\/kaakkois-suomi\/2023\/09\/13\/paivitysta-hautausmaan-projektiin-11-09-2023\/#breadcrumb"},"inLanguage":"fi","potentialAction":[{"@type":"ReadAction","target":["https:\/\/sey.fi\/kaakkois-suomi\/2023\/09\/13\/paivitysta-hautausmaan-projektiin-11-09-2023\/"]}]},{"@type":"BreadcrumbList","@id":"https:\/\/sey.fi\/kaakkois-suomi\/2023\/09\/13\/paivitysta-hautausmaan-projektiin-11-09-2023\/#breadcrumb","itemListElement":[{"@type":"ListItem","position":1,"name":"Home","item":"https:\/\/sey.fi\/kaakkois-suomi\/"},{"@type":"ListItem","position":2,"name":"P\u00c4IVITYST\u00c4 HAUTAUSMAAN PROJEKTIIN 11.09.2023."}]},{"@type":"WebSite","@id":"https:\/\/sey.fi\/kaakkois-suomi\/#website","url":"https:\/\/sey.fi\/kaakkois-suomi\/","name":"Kaakkois-Suomen el\u00e4insuojeluyhdistys","description":"Uusi SEY J\u00e4senyhdistykset -sivusto","potentialAction":[{"@type":"SearchAction","target":{"@type":"EntryPoint","urlTemplate":"https:\/\/sey.fi\/kaakkois-suomi\/?s={search_term_string}"},"query-input":{"@type":"PropertyValueSpecification","valueRequired":true,"valueName":"search_term_string"}}],"inLanguage":"fi"},{"@type":"Person","@id":"https:\/\/sey.fi\/kaakkois-suomi\/#\/schema\/person\/27347e716209da4e173eea894d8510a4","name":"kasey","image":{"@type":"ImageObject","inLanguage":"fi","@id":"https:\/\/sey.fi\/kaakkois-suomi\/#\/schema\/person\/image\/","url":"https:\/\/secure.gravatar.com\/avatar\/1fc3d7174d1815bf1775f3e7361a0422ef85a4ba1f94d4f991c4adbbe1d006d9?s=96&d=mm&r=g","contentUrl":"https:\/\/secure.gravatar.com\/avatar\/1fc3d7174d1815bf1775f3e7361a0422ef85a4ba1f94d4f991c4adbbe1d006d9?s=96&d=mm&r=g","caption":"kasey"},"url":"https:\/\/sey.fi\/kaakkois-suomi\/author\/ksesy\/"}]}},"_links":{"self":[{"href":"https:\/\/sey.fi\/kaakkois-suomi\/wp-json\/wp\/v2\/posts\/3651","targetHints":{"allow":["GET"]}}],"collection":[{"href":"https:\/\/sey.fi\/kaakkois-suomi\/wp-json\/wp\/v2\/posts"}],"about":[{"href":"https:\/\/sey.fi\/kaakkois-suomi\/wp-json\/wp\/v2\/types\/post"}],"author":[{"embeddable":true,"href":"https:\/\/sey.fi\/kaakkois-suomi\/wp-json\/wp\/v2\/users\/9"}],"replies":[{"embeddable":true,"href":"https:\/\/sey.fi\/kaakkois-suomi\/wp-json\/wp\/v2\/comments?post=3651"}],"version-history":[{"count":1,"href":"https:\/\/sey.fi\/kaakkois-suomi\/wp-json\/wp\/v2\/posts\/3651\/revisions"}],"predecessor-version":[{"id":3652,"href":"https:\/\/sey.fi\/kaakkois-suomi\/wp-json\/wp\/v2\/posts\/3651\/revisions\/3652"}],"wp:attachment":[{"href":"https:\/\/sey.fi\/kaakkois-suomi\/wp-json\/wp\/v2\/media?parent=3651"}],"wp:term":[{"taxonomy":"category","embeddable":true,"href":"https:\/\/sey.fi\/kaakkois-suomi\/wp-json\/wp\/v2\/categories?post=3651"}],"curies":[{"name":"wp","href":"https:\/\/api.w.org\/{rel}","templated":true}]}}