{"id":4506,"date":"2024-09-12T14:45:54","date_gmt":"2024-09-12T11:45:54","guid":{"rendered":"https:\/\/sey.fi\/kaakkois-suomi\/?p=4506"},"modified":"2024-09-12T14:45:54","modified_gmt":"2024-09-12T11:45:54","slug":"elainsuojelukeskuksen-tapahtumat-ja-tiedotteet","status":"publish","type":"post","link":"https:\/\/sey.fi\/kaakkois-suomi\/2024\/09\/12\/elainsuojelukeskuksen-tapahtumat-ja-tiedotteet\/","title":{"rendered":"El\u00e4insuojelukeskuksen tapahtumat ja tiedotteet"},"content":{"rendered":"\n<p>El\u00e4insuojelukeskuksen tapahtumat ja ajankohtaiset tiedotteet julkaistaan el\u00e4insuojelukeskuksen sivuilla osoitteessa: <a href=\"https:\/\/www.elainsuojelukeskus.com\/ajankohtaista\/\">https:\/\/www.elainsuojelukeskus.com\/ajankohtaista\/<\/a><\/p>\n\n\n\n<p>Kannattaa ottaa tuo sivu seurantaan!<\/p>\n\n\n\n<p>Seuraava tapahtuma on Miun Iltavalot pe 13.9.2024 klo 16-21 ja lokakuussa pid\u00e4mme kissa-aiheisen taiden\u00e4yttelyn Kulttuuritila Nuijamiehess\u00e4 ja El\u00e4insuojelukeskus Miulla. N\u00e4ist\u00e4 l\u00f6yd\u00e4t lis\u00e4tietoja yll\u00e4 olevasta linkist\u00e4.<\/p>\n\n\n<div class=\"wp-block-image\">\n<figure class=\"aligncenter size-medium\"><img loading=\"lazy\" decoding=\"async\" width=\"225\" height=\"300\" src=\"https:\/\/sey.fi\/wp-content\/uploads\/sites\/18\/2024\/09\/Mauri-225x300.jpg\" alt=\"\" class=\"wp-image-4507\" srcset=\"https:\/\/sey.fi\/wp-content\/uploads\/sites\/18\/2024\/09\/Mauri-225x300.jpg 225w, https:\/\/sey.fi\/wp-content\/uploads\/sites\/18\/2024\/09\/Mauri-768x1024.jpg 768w, https:\/\/sey.fi\/wp-content\/uploads\/sites\/18\/2024\/09\/Mauri-1152x1536.jpg 1152w, https:\/\/sey.fi\/wp-content\/uploads\/sites\/18\/2024\/09\/Mauri-1536x2048.jpg 1536w, https:\/\/sey.fi\/wp-content\/uploads\/sites\/18\/2024\/09\/Mauri-scaled.jpg 1920w\" sizes=\"auto, (max-width: 225px) 100vw, 225px\" \/><\/figure><\/div>","protected":false},"excerpt":{"rendered":"<p>El\u00e4insuojelukeskuksen tapahtumat ja ajankohtaiset tiedotteet julkaistaan el\u00e4insuojelukeskuksen sivuilla osoitteessa: https:\/\/www.elainsuojelukeskus.com\/ajankohtaista\/ Kannattaa ottaa tuo sivu seurantaan! Seuraava tapahtuma on Miun Iltavalot pe 13.9.2024 klo 16-21 ja lokakuussa pid\u00e4mme kissa-aiheisen taiden\u00e4yttelyn Kulttuuritila Nuijamiehess\u00e4 ja El\u00e4insuojelukeskus Miulla. N\u00e4ist\u00e4 l\u00f6yd\u00e4t lis\u00e4tietoja yll\u00e4 olevasta linkist\u00e4.<\/p>\n","protected":false},"author":9,"featured_media":0,"comment_status":"closed","ping_status":"closed","sticky":false,"template":"","format":"standard","meta":{"_acf_changed":false,"footnotes":""},"categories":[1],"class_list":["post-4506","post","type-post","status-publish","format-standard","hentry","category-yleinen"],"acf":[],"yoast_head":"<!-- This site is optimized with the Yoast SEO plugin v27.1.1 - https:\/\/yoast.com\/product\/yoast-seo-wordpress\/ -->\n<title>El\u00e4insuojelukeskuksen tapahtumat ja tiedotteet - Kaakkois-Suomen el\u00e4insuojeluyhdistys<\/title>\n<meta name=\"robots\" content=\"index, follow, max-snippet:-1, max-image-preview:large, max-video-preview:-1\" \/>\n<link rel=\"canonical\" href=\"https:\/\/sey.fi\/kaakkois-suomi\/2024\/09\/12\/elainsuojelukeskuksen-tapahtumat-ja-tiedotteet\/\" \/>\n<meta property=\"og:locale\" content=\"fi_FI\" \/>\n<meta property=\"og:type\" content=\"article\" \/>\n<meta property=\"og:title\" content=\"El\u00e4insuojelukeskuksen tapahtumat ja tiedotteet - Kaakkois-Suomen el\u00e4insuojeluyhdistys\" \/>\n<meta property=\"og:description\" content=\"El\u00e4insuojelukeskuksen tapahtumat ja ajankohtaiset tiedotteet julkaistaan el\u00e4insuojelukeskuksen sivuilla osoitteessa: https:\/\/www.elainsuojelukeskus.com\/ajankohtaista\/ Kannattaa ottaa tuo sivu seurantaan! Seuraava tapahtuma on Miun Iltavalot pe 13.9.2024 klo 16-21 ja lokakuussa pid\u00e4mme kissa-aiheisen taiden\u00e4yttelyn Kulttuuritila Nuijamiehess\u00e4 ja El\u00e4insuojelukeskus Miulla. N\u00e4ist\u00e4 l\u00f6yd\u00e4t lis\u00e4tietoja yll\u00e4 olevasta linkist\u00e4.\" \/>\n<meta property=\"og:url\" content=\"https:\/\/sey.fi\/kaakkois-suomi\/2024\/09\/12\/elainsuojelukeskuksen-tapahtumat-ja-tiedotteet\/\" \/>\n<meta property=\"og:site_name\" content=\"Kaakkois-Suomen el\u00e4insuojeluyhdistys\" \/>\n<meta property=\"article:published_time\" content=\"2024-09-12T11:45:54+00:00\" \/>\n<meta property=\"og:image\" content=\"https:\/\/sey.fi\/wp-content\/uploads\/sites\/18\/2024\/09\/Mauri-225x300.jpg\" \/>\n<meta name=\"author\" content=\"kasey\" \/>\n<meta name=\"twitter:card\" content=\"summary_large_image\" \/>\n<meta name=\"twitter:label1\" content=\"Kirjoittanut\" \/>\n\t<meta name=\"twitter:data1\" content=\"kasey\" \/>\n\t<meta name=\"twitter:label2\" content=\"Arvioitu lukuaika\" \/>\n\t<meta name=\"twitter:data2\" content=\"1 minuutti\" \/>\n<script type=\"application\/ld+json\" class=\"yoast-schema-graph\">{\"@context\":\"https:\/\/schema.org\",\"@graph\":[{\"@type\":\"Article\",\"@id\":\"https:\/\/sey.fi\/kaakkois-suomi\/2024\/09\/12\/elainsuojelukeskuksen-tapahtumat-ja-tiedotteet\/#article\",\"isPartOf\":{\"@id\":\"https:\/\/sey.fi\/kaakkois-suomi\/2024\/09\/12\/elainsuojelukeskuksen-tapahtumat-ja-tiedotteet\/\"},\"author\":{\"name\":\"kasey\",\"@id\":\"https:\/\/sey.fi\/kaakkois-suomi\/#\/schema\/person\/27347e716209da4e173eea894d8510a4\"},\"headline\":\"El\u00e4insuojelukeskuksen tapahtumat ja tiedotteet\",\"datePublished\":\"2024-09-12T11:45:54+00:00\",\"mainEntityOfPage\":{\"@id\":\"https:\/\/sey.fi\/kaakkois-suomi\/2024\/09\/12\/elainsuojelukeskuksen-tapahtumat-ja-tiedotteet\/\"},\"wordCount\":57,\"image\":{\"@id\":\"https:\/\/sey.fi\/kaakkois-suomi\/2024\/09\/12\/elainsuojelukeskuksen-tapahtumat-ja-tiedotteet\/#primaryimage\"},\"thumbnailUrl\":\"https:\/\/sey.fi\/wp-content\/uploads\/sites\/18\/2024\/09\/Mauri-225x300.jpg\",\"inLanguage\":\"fi\"},{\"@type\":\"WebPage\",\"@id\":\"https:\/\/sey.fi\/kaakkois-suomi\/2024\/09\/12\/elainsuojelukeskuksen-tapahtumat-ja-tiedotteet\/\",\"url\":\"https:\/\/sey.fi\/kaakkois-suomi\/2024\/09\/12\/elainsuojelukeskuksen-tapahtumat-ja-tiedotteet\/\",\"name\":\"El\u00e4insuojelukeskuksen tapahtumat ja tiedotteet - Kaakkois-Suomen el\u00e4insuojeluyhdistys\",\"isPartOf\":{\"@id\":\"https:\/\/sey.fi\/kaakkois-suomi\/#website\"},\"primaryImageOfPage\":{\"@id\":\"https:\/\/sey.fi\/kaakkois-suomi\/2024\/09\/12\/elainsuojelukeskuksen-tapahtumat-ja-tiedotteet\/#primaryimage\"},\"image\":{\"@id\":\"https:\/\/sey.fi\/kaakkois-suomi\/2024\/09\/12\/elainsuojelukeskuksen-tapahtumat-ja-tiedotteet\/#primaryimage\"},\"thumbnailUrl\":\"https:\/\/sey.fi\/wp-content\/uploads\/sites\/18\/2024\/09\/Mauri-225x300.jpg\",\"datePublished\":\"2024-09-12T11:45:54+00:00\",\"author\":{\"@id\":\"https:\/\/sey.fi\/kaakkois-suomi\/#\/schema\/person\/27347e716209da4e173eea894d8510a4\"},\"breadcrumb\":{\"@id\":\"https:\/\/sey.fi\/kaakkois-suomi\/2024\/09\/12\/elainsuojelukeskuksen-tapahtumat-ja-tiedotteet\/#breadcrumb\"},\"inLanguage\":\"fi\",\"potentialAction\":[{\"@type\":\"ReadAction\",\"target\":[\"https:\/\/sey.fi\/kaakkois-suomi\/2024\/09\/12\/elainsuojelukeskuksen-tapahtumat-ja-tiedotteet\/\"]}]},{\"@type\":\"ImageObject\",\"inLanguage\":\"fi\",\"@id\":\"https:\/\/sey.fi\/kaakkois-suomi\/2024\/09\/12\/elainsuojelukeskuksen-tapahtumat-ja-tiedotteet\/#primaryimage\",\"url\":\"https:\/\/sey.fi\/wp-content\/uploads\/sites\/18\/2024\/09\/Mauri-225x300.jpg\",\"contentUrl\":\"https:\/\/sey.fi\/wp-content\/uploads\/sites\/18\/2024\/09\/Mauri-225x300.jpg\"},{\"@type\":\"BreadcrumbList\",\"@id\":\"https:\/\/sey.fi\/kaakkois-suomi\/2024\/09\/12\/elainsuojelukeskuksen-tapahtumat-ja-tiedotteet\/#breadcrumb\",\"itemListElement\":[{\"@type\":\"ListItem\",\"position\":1,\"name\":\"Home\",\"item\":\"https:\/\/sey.fi\/kaakkois-suomi\/\"},{\"@type\":\"ListItem\",\"position\":2,\"name\":\"El\u00e4insuojelukeskuksen tapahtumat ja tiedotteet\"}]},{\"@type\":\"WebSite\",\"@id\":\"https:\/\/sey.fi\/kaakkois-suomi\/#website\",\"url\":\"https:\/\/sey.fi\/kaakkois-suomi\/\",\"name\":\"Kaakkois-Suomen el\u00e4insuojeluyhdistys\",\"description\":\"Uusi SEY J\u00e4senyhdistykset -sivusto\",\"potentialAction\":[{\"@type\":\"SearchAction\",\"target\":{\"@type\":\"EntryPoint\",\"urlTemplate\":\"https:\/\/sey.fi\/kaakkois-suomi\/?s={search_term_string}\"},\"query-input\":{\"@type\":\"PropertyValueSpecification\",\"valueRequired\":true,\"valueName\":\"search_term_string\"}}],\"inLanguage\":\"fi\"},{\"@type\":\"Person\",\"@id\":\"https:\/\/sey.fi\/kaakkois-suomi\/#\/schema\/person\/27347e716209da4e173eea894d8510a4\",\"name\":\"kasey\",\"image\":{\"@type\":\"ImageObject\",\"inLanguage\":\"fi\",\"@id\":\"https:\/\/sey.fi\/kaakkois-suomi\/#\/schema\/person\/image\/\",\"url\":\"https:\/\/secure.gravatar.com\/avatar\/1fc3d7174d1815bf1775f3e7361a0422ef85a4ba1f94d4f991c4adbbe1d006d9?s=96&d=mm&r=g\",\"contentUrl\":\"https:\/\/secure.gravatar.com\/avatar\/1fc3d7174d1815bf1775f3e7361a0422ef85a4ba1f94d4f991c4adbbe1d006d9?s=96&d=mm&r=g\",\"caption\":\"kasey\"},\"url\":\"https:\/\/sey.fi\/kaakkois-suomi\/author\/ksesy\/\"}]}<\/script>\n<!-- \/ Yoast SEO plugin. -->","yoast_head_json":{"title":"El\u00e4insuojelukeskuksen tapahtumat ja tiedotteet - Kaakkois-Suomen el\u00e4insuojeluyhdistys","robots":{"index":"index","follow":"follow","max-snippet":"max-snippet:-1","max-image-preview":"max-image-preview:large","max-video-preview":"max-video-preview:-1"},"canonical":"https:\/\/sey.fi\/kaakkois-suomi\/2024\/09\/12\/elainsuojelukeskuksen-tapahtumat-ja-tiedotteet\/","og_locale":"fi_FI","og_type":"article","og_title":"El\u00e4insuojelukeskuksen tapahtumat ja tiedotteet - Kaakkois-Suomen el\u00e4insuojeluyhdistys","og_description":"El\u00e4insuojelukeskuksen tapahtumat ja ajankohtaiset tiedotteet julkaistaan el\u00e4insuojelukeskuksen sivuilla osoitteessa: https:\/\/www.elainsuojelukeskus.com\/ajankohtaista\/ Kannattaa ottaa tuo sivu seurantaan! Seuraava tapahtuma on Miun Iltavalot pe 13.9.2024 klo 16-21 ja lokakuussa pid\u00e4mme kissa-aiheisen taiden\u00e4yttelyn Kulttuuritila Nuijamiehess\u00e4 ja El\u00e4insuojelukeskus Miulla. N\u00e4ist\u00e4 l\u00f6yd\u00e4t lis\u00e4tietoja yll\u00e4 olevasta linkist\u00e4.","og_url":"https:\/\/sey.fi\/kaakkois-suomi\/2024\/09\/12\/elainsuojelukeskuksen-tapahtumat-ja-tiedotteet\/","og_site_name":"Kaakkois-Suomen el\u00e4insuojeluyhdistys","article_published_time":"2024-09-12T11:45:54+00:00","og_image":[{"url":"https:\/\/sey.fi\/wp-content\/uploads\/sites\/18\/2024\/09\/Mauri-225x300.jpg","type":"","width":"","height":""}],"author":"kasey","twitter_card":"summary_large_image","twitter_misc":{"Kirjoittanut":"kasey","Arvioitu lukuaika":"1 minuutti"},"schema":{"@context":"https:\/\/schema.org","@graph":[{"@type":"Article","@id":"https:\/\/sey.fi\/kaakkois-suomi\/2024\/09\/12\/elainsuojelukeskuksen-tapahtumat-ja-tiedotteet\/#article","isPartOf":{"@id":"https:\/\/sey.fi\/kaakkois-suomi\/2024\/09\/12\/elainsuojelukeskuksen-tapahtumat-ja-tiedotteet\/"},"author":{"name":"kasey","@id":"https:\/\/sey.fi\/kaakkois-suomi\/#\/schema\/person\/27347e716209da4e173eea894d8510a4"},"headline":"El\u00e4insuojelukeskuksen tapahtumat ja tiedotteet","datePublished":"2024-09-12T11:45:54+00:00","mainEntityOfPage":{"@id":"https:\/\/sey.fi\/kaakkois-suomi\/2024\/09\/12\/elainsuojelukeskuksen-tapahtumat-ja-tiedotteet\/"},"wordCount":57,"image":{"@id":"https:\/\/sey.fi\/kaakkois-suomi\/2024\/09\/12\/elainsuojelukeskuksen-tapahtumat-ja-tiedotteet\/#primaryimage"},"thumbnailUrl":"https:\/\/sey.fi\/wp-content\/uploads\/sites\/18\/2024\/09\/Mauri-225x300.jpg","inLanguage":"fi"},{"@type":"WebPage","@id":"https:\/\/sey.fi\/kaakkois-suomi\/2024\/09\/12\/elainsuojelukeskuksen-tapahtumat-ja-tiedotteet\/","url":"https:\/\/sey.fi\/kaakkois-suomi\/2024\/09\/12\/elainsuojelukeskuksen-tapahtumat-ja-tiedotteet\/","name":"El\u00e4insuojelukeskuksen tapahtumat ja tiedotteet - Kaakkois-Suomen el\u00e4insuojeluyhdistys","isPartOf":{"@id":"https:\/\/sey.fi\/kaakkois-suomi\/#website"},"primaryImageOfPage":{"@id":"https:\/\/sey.fi\/kaakkois-suomi\/2024\/09\/12\/elainsuojelukeskuksen-tapahtumat-ja-tiedotteet\/#primaryimage"},"image":{"@id":"https:\/\/sey.fi\/kaakkois-suomi\/2024\/09\/12\/elainsuojelukeskuksen-tapahtumat-ja-tiedotteet\/#primaryimage"},"thumbnailUrl":"https:\/\/sey.fi\/wp-content\/uploads\/sites\/18\/2024\/09\/Mauri-225x300.jpg","datePublished":"2024-09-12T11:45:54+00:00","author":{"@id":"https:\/\/sey.fi\/kaakkois-suomi\/#\/schema\/person\/27347e716209da4e173eea894d8510a4"},"breadcrumb":{"@id":"https:\/\/sey.fi\/kaakkois-suomi\/2024\/09\/12\/elainsuojelukeskuksen-tapahtumat-ja-tiedotteet\/#breadcrumb"},"inLanguage":"fi","potentialAction":[{"@type":"ReadAction","target":["https:\/\/sey.fi\/kaakkois-suomi\/2024\/09\/12\/elainsuojelukeskuksen-tapahtumat-ja-tiedotteet\/"]}]},{"@type":"ImageObject","inLanguage":"fi","@id":"https:\/\/sey.fi\/kaakkois-suomi\/2024\/09\/12\/elainsuojelukeskuksen-tapahtumat-ja-tiedotteet\/#primaryimage","url":"https:\/\/sey.fi\/wp-content\/uploads\/sites\/18\/2024\/09\/Mauri-225x300.jpg","contentUrl":"https:\/\/sey.fi\/wp-content\/uploads\/sites\/18\/2024\/09\/Mauri-225x300.jpg"},{"@type":"BreadcrumbList","@id":"https:\/\/sey.fi\/kaakkois-suomi\/2024\/09\/12\/elainsuojelukeskuksen-tapahtumat-ja-tiedotteet\/#breadcrumb","itemListElement":[{"@type":"ListItem","position":1,"name":"Home","item":"https:\/\/sey.fi\/kaakkois-suomi\/"},{"@type":"ListItem","position":2,"name":"El\u00e4insuojelukeskuksen tapahtumat ja tiedotteet"}]},{"@type":"WebSite","@id":"https:\/\/sey.fi\/kaakkois-suomi\/#website","url":"https:\/\/sey.fi\/kaakkois-suomi\/","name":"Kaakkois-Suomen el\u00e4insuojeluyhdistys","description":"Uusi SEY J\u00e4senyhdistykset -sivusto","potentialAction":[{"@type":"SearchAction","target":{"@type":"EntryPoint","urlTemplate":"https:\/\/sey.fi\/kaakkois-suomi\/?s={search_term_string}"},"query-input":{"@type":"PropertyValueSpecification","valueRequired":true,"valueName":"search_term_string"}}],"inLanguage":"fi"},{"@type":"Person","@id":"https:\/\/sey.fi\/kaakkois-suomi\/#\/schema\/person\/27347e716209da4e173eea894d8510a4","name":"kasey","image":{"@type":"ImageObject","inLanguage":"fi","@id":"https:\/\/sey.fi\/kaakkois-suomi\/#\/schema\/person\/image\/","url":"https:\/\/secure.gravatar.com\/avatar\/1fc3d7174d1815bf1775f3e7361a0422ef85a4ba1f94d4f991c4adbbe1d006d9?s=96&d=mm&r=g","contentUrl":"https:\/\/secure.gravatar.com\/avatar\/1fc3d7174d1815bf1775f3e7361a0422ef85a4ba1f94d4f991c4adbbe1d006d9?s=96&d=mm&r=g","caption":"kasey"},"url":"https:\/\/sey.fi\/kaakkois-suomi\/author\/ksesy\/"}]}},"_links":{"self":[{"href":"https:\/\/sey.fi\/kaakkois-suomi\/wp-json\/wp\/v2\/posts\/4506","targetHints":{"allow":["GET"]}}],"collection":[{"href":"https:\/\/sey.fi\/kaakkois-suomi\/wp-json\/wp\/v2\/posts"}],"about":[{"href":"https:\/\/sey.fi\/kaakkois-suomi\/wp-json\/wp\/v2\/types\/post"}],"author":[{"embeddable":true,"href":"https:\/\/sey.fi\/kaakkois-suomi\/wp-json\/wp\/v2\/users\/9"}],"replies":[{"embeddable":true,"href":"https:\/\/sey.fi\/kaakkois-suomi\/wp-json\/wp\/v2\/comments?post=4506"}],"version-history":[{"count":1,"href":"https:\/\/sey.fi\/kaakkois-suomi\/wp-json\/wp\/v2\/posts\/4506\/revisions"}],"predecessor-version":[{"id":4508,"href":"https:\/\/sey.fi\/kaakkois-suomi\/wp-json\/wp\/v2\/posts\/4506\/revisions\/4508"}],"wp:attachment":[{"href":"https:\/\/sey.fi\/kaakkois-suomi\/wp-json\/wp\/v2\/media?parent=4506"}],"wp:term":[{"taxonomy":"category","embeddable":true,"href":"https:\/\/sey.fi\/kaakkois-suomi\/wp-json\/wp\/v2\/categories?post=4506"}],"curies":[{"name":"wp","href":"https:\/\/api.w.org\/{rel}","templated":true}]}}