{"id":4577,"date":"2024-10-03T17:21:47","date_gmt":"2024-10-03T14:21:47","guid":{"rendered":"https:\/\/sey.fi\/kaakkois-suomi\/?p=4577"},"modified":"2024-10-03T17:21:47","modified_gmt":"2024-10-03T14:21:47","slug":"elainten-viikon-ruoka-ja-tarvikekeraykset-etela-karjalassa-2","status":"publish","type":"post","link":"https:\/\/sey.fi\/kaakkois-suomi\/2024\/10\/03\/elainten-viikon-ruoka-ja-tarvikekeraykset-etela-karjalassa-2\/","title":{"rendered":"El\u00e4inten viikon ruoka- ja tarvikeker\u00e4ykset Etel\u00e4-Karjalassa"},"content":{"rendered":"\n<p>El\u00e4inten viikkoa vietet\u00e4\u00e4n taas 4.\u201310. lokakuuta. El\u00e4inten viikko on vuosittain vietett\u00e4v\u00e4 teemaviikko, jonka ensimm\u00e4inen p\u00e4iv\u00e4 on kansainv\u00e4linen El\u00e4inten p\u00e4iv\u00e4. T\u00e4n\u00e4 vuonna El\u00e4inten viikolla tutustutaan l\u00e4hiluonnon el\u00e4imiin.<\/p>\n\n\n\n<p>Kaakkois-Suomen el\u00e4insuojeluyhdistys j\u00e4rjest\u00e4\u00e4 ruoka- ja kuivikeker\u00e4yksi\u00e4 el\u00e4inten viikolla 4.-10.10.2024. T\u00e4n\u00e4 vuonna lahjoituksena toivotaan erityisesti aikuisten kissojen ja kissanpentujen m\u00e4rk\u00e4ruokaa, Dronspot-matol\u00e4\u00e4kkeit\u00e4 sek\u00e4 paakkuuntuvaa mikrohiekkaa. Kaneille toivotaan lahjoituksena kuivahein\u00e4\u00e4, ruokapellettej\u00e4 ja kuivikepellettej\u00e4. My\u00f6s muita lahjoituksia otamme kiitollisina vastaan.<\/p>\n\n\n\n<p>Huom! J\u00e4rjest\u00e4mme ker\u00e4yksi\u00e4 my\u00f6s Etel\u00e4-Kymenlaakson alueella ja niist\u00e4 tulee erillinen tapahtumajulkaisu.<\/p>\n\n\n\n<p>Ker\u00e4yspisteet:<\/p>\n\n\n\n<p>IMATRA<br>Imatran p\u00e4\u00e4kirjasto (ma 7.10. klo 11-13 ja 16-18)<br>Imatran nuorten palvelut (Ohjaamon aukioloaikoina)<br>K-Citymarket Imatra<br>Musti ja Mirri Imatra<br>Prisma Imatra<br>Tavaratalo Mainio Imatrankoski<br>Tavaratalo Mainio Vuoksenniska<\/p>\n\n\n\n<p>JOUTSENO<br>K-Market Ahvenlampi<br>K-Supermarket Pirana<br>Tavaratalo Mainio Joutseno<\/p>\n\n\n\n<p>LAPPEENRANTA<br>El\u00e4insuojelukeskus Miu<br>El\u00e4inklinikka Loime<br>El\u00e4inl\u00e4\u00e4k\u00e4riasema Villimys<br>K-Citymarket Lappeenranta<br>K-Market Kanneli<br>K-Market Kourula<br>K-Market Mattila<br>K-Market Ratakatu<br>K-Market Tiril\u00e4<br>K-Market Uus-Lavola<br>K-Market Vapari<br>K-Supermarket Kristiina<br>K-Supermarket Rakuuna<br>Kulttuuritila Nuijamies (koko lokakuun ajan)<br>Lemmikkitarvike Posi<br>Musti ja Mirri Hyrym\u00e4ki<br>Musti ja Mirri Leiri<br>Prisma Lappeenranta (ker\u00e4ys koko viikon, yhdistyksen edustajia paikalla pe 4.10. 10-12 ja 16-18)<br>Prisma Lappee (ker\u00e4ys koko viikon, yhdistyksen edustajia paikalla la 5.10. 10-12 ja 16-18)<br>Tavaratalo Mainio Lappeenranta Sammontori<\/p>\n\n\n\n<p>TAIPALSAARI<br>K-Market Niiva<br>S-Market Taipalsaari<\/p>\n\n\n\n<p>Kiitos tuestasi!&nbsp;<img loading=\"lazy\" decoding=\"async\" height=\"16\" width=\"16\" alt=\"\u2764\" src=\"https:\/\/static.xx.fbcdn.net\/images\/emoji.php\/v9\/t6c\/1\/16\/2764.png\"><\/p>\n","protected":false},"excerpt":{"rendered":"<p>El\u00e4inten viikkoa vietet\u00e4\u00e4n taas 4.\u201310. lokakuuta. El\u00e4inten viikko on vuosittain vietett\u00e4v\u00e4 teemaviikko, jonka ensimm\u00e4inen p\u00e4iv\u00e4 on kansainv\u00e4linen El\u00e4inten p\u00e4iv\u00e4. T\u00e4n\u00e4 vuonna El\u00e4inten viikolla tutustutaan l\u00e4hiluonnon el\u00e4imiin. Kaakkois-Suomen el\u00e4insuojeluyhdistys j\u00e4rjest\u00e4\u00e4 ruoka- ja kuivikeker\u00e4yksi\u00e4 el\u00e4inten viikolla 4.-10.10.2024. T\u00e4n\u00e4 vuonna lahjoituksena toivotaan erityisesti aikuisten kissojen ja kissanpentujen m\u00e4rk\u00e4ruokaa, Dronspot-matol\u00e4\u00e4kkeit\u00e4 sek\u00e4 paakkuuntuvaa mikrohiekkaa. Kaneille toivotaan lahjoituksena kuivahein\u00e4\u00e4, ruokapellettej\u00e4 ja [&hellip;]<\/p>\n","protected":false},"author":9,"featured_media":0,"comment_status":"closed","ping_status":"closed","sticky":false,"template":"","format":"standard","meta":{"_acf_changed":false,"footnotes":""},"categories":[1],"class_list":["post-4577","post","type-post","status-publish","format-standard","hentry","category-yleinen"],"acf":[],"yoast_head":"<!-- This site is optimized with the Yoast SEO plugin v27.1.1 - https:\/\/yoast.com\/product\/yoast-seo-wordpress\/ -->\n<title>El\u00e4inten viikon ruoka- ja tarvikeker\u00e4ykset Etel\u00e4-Karjalassa - Kaakkois-Suomen el\u00e4insuojeluyhdistys<\/title>\n<meta name=\"robots\" content=\"index, follow, max-snippet:-1, max-image-preview:large, max-video-preview:-1\" \/>\n<link rel=\"canonical\" href=\"https:\/\/sey.fi\/kaakkois-suomi\/2024\/10\/03\/elainten-viikon-ruoka-ja-tarvikekeraykset-etela-karjalassa-2\/\" \/>\n<meta property=\"og:locale\" content=\"fi_FI\" \/>\n<meta property=\"og:type\" content=\"article\" \/>\n<meta property=\"og:title\" content=\"El\u00e4inten viikon ruoka- ja tarvikeker\u00e4ykset Etel\u00e4-Karjalassa - Kaakkois-Suomen el\u00e4insuojeluyhdistys\" \/>\n<meta property=\"og:description\" content=\"El\u00e4inten viikkoa vietet\u00e4\u00e4n taas 4.\u201310. lokakuuta. El\u00e4inten viikko on vuosittain vietett\u00e4v\u00e4 teemaviikko, jonka ensimm\u00e4inen p\u00e4iv\u00e4 on kansainv\u00e4linen El\u00e4inten p\u00e4iv\u00e4. T\u00e4n\u00e4 vuonna El\u00e4inten viikolla tutustutaan l\u00e4hiluonnon el\u00e4imiin. Kaakkois-Suomen el\u00e4insuojeluyhdistys j\u00e4rjest\u00e4\u00e4 ruoka- ja kuivikeker\u00e4yksi\u00e4 el\u00e4inten viikolla 4.-10.10.2024. T\u00e4n\u00e4 vuonna lahjoituksena toivotaan erityisesti aikuisten kissojen ja kissanpentujen m\u00e4rk\u00e4ruokaa, Dronspot-matol\u00e4\u00e4kkeit\u00e4 sek\u00e4 paakkuuntuvaa mikrohiekkaa. Kaneille toivotaan lahjoituksena kuivahein\u00e4\u00e4, ruokapellettej\u00e4 ja [&hellip;]\" \/>\n<meta property=\"og:url\" content=\"https:\/\/sey.fi\/kaakkois-suomi\/2024\/10\/03\/elainten-viikon-ruoka-ja-tarvikekeraykset-etela-karjalassa-2\/\" \/>\n<meta property=\"og:site_name\" content=\"Kaakkois-Suomen el\u00e4insuojeluyhdistys\" \/>\n<meta property=\"article:published_time\" content=\"2024-10-03T14:21:47+00:00\" \/>\n<meta property=\"og:image\" content=\"https:\/\/static.xx.fbcdn.net\/images\/emoji.php\/v9\/t6c\/1\/16\/2764.png\" \/>\n<meta name=\"author\" content=\"kasey\" \/>\n<meta name=\"twitter:card\" content=\"summary_large_image\" \/>\n<meta name=\"twitter:label1\" content=\"Kirjoittanut\" \/>\n\t<meta name=\"twitter:data1\" content=\"kasey\" \/>\n\t<meta name=\"twitter:label2\" content=\"Arvioitu lukuaika\" \/>\n\t<meta name=\"twitter:data2\" content=\"2 minuuttia\" \/>\n<script type=\"application\/ld+json\" class=\"yoast-schema-graph\">{\"@context\":\"https:\/\/schema.org\",\"@graph\":[{\"@type\":\"Article\",\"@id\":\"https:\/\/sey.fi\/kaakkois-suomi\/2024\/10\/03\/elainten-viikon-ruoka-ja-tarvikekeraykset-etela-karjalassa-2\/#article\",\"isPartOf\":{\"@id\":\"https:\/\/sey.fi\/kaakkois-suomi\/2024\/10\/03\/elainten-viikon-ruoka-ja-tarvikekeraykset-etela-karjalassa-2\/\"},\"author\":{\"name\":\"kasey\",\"@id\":\"https:\/\/sey.fi\/kaakkois-suomi\/#\/schema\/person\/27347e716209da4e173eea894d8510a4\"},\"headline\":\"El\u00e4inten viikon ruoka- ja tarvikeker\u00e4ykset Etel\u00e4-Karjalassa\",\"datePublished\":\"2024-10-03T14:21:47+00:00\",\"mainEntityOfPage\":{\"@id\":\"https:\/\/sey.fi\/kaakkois-suomi\/2024\/10\/03\/elainten-viikon-ruoka-ja-tarvikekeraykset-etela-karjalassa-2\/\"},\"wordCount\":206,\"image\":{\"@id\":\"https:\/\/sey.fi\/kaakkois-suomi\/2024\/10\/03\/elainten-viikon-ruoka-ja-tarvikekeraykset-etela-karjalassa-2\/#primaryimage\"},\"thumbnailUrl\":\"https:\/\/static.xx.fbcdn.net\/images\/emoji.php\/v9\/t6c\/1\/16\/2764.png\",\"inLanguage\":\"fi\"},{\"@type\":\"WebPage\",\"@id\":\"https:\/\/sey.fi\/kaakkois-suomi\/2024\/10\/03\/elainten-viikon-ruoka-ja-tarvikekeraykset-etela-karjalassa-2\/\",\"url\":\"https:\/\/sey.fi\/kaakkois-suomi\/2024\/10\/03\/elainten-viikon-ruoka-ja-tarvikekeraykset-etela-karjalassa-2\/\",\"name\":\"El\u00e4inten viikon ruoka- ja tarvikeker\u00e4ykset Etel\u00e4-Karjalassa - Kaakkois-Suomen el\u00e4insuojeluyhdistys\",\"isPartOf\":{\"@id\":\"https:\/\/sey.fi\/kaakkois-suomi\/#website\"},\"primaryImageOfPage\":{\"@id\":\"https:\/\/sey.fi\/kaakkois-suomi\/2024\/10\/03\/elainten-viikon-ruoka-ja-tarvikekeraykset-etela-karjalassa-2\/#primaryimage\"},\"image\":{\"@id\":\"https:\/\/sey.fi\/kaakkois-suomi\/2024\/10\/03\/elainten-viikon-ruoka-ja-tarvikekeraykset-etela-karjalassa-2\/#primaryimage\"},\"thumbnailUrl\":\"https:\/\/static.xx.fbcdn.net\/images\/emoji.php\/v9\/t6c\/1\/16\/2764.png\",\"datePublished\":\"2024-10-03T14:21:47+00:00\",\"author\":{\"@id\":\"https:\/\/sey.fi\/kaakkois-suomi\/#\/schema\/person\/27347e716209da4e173eea894d8510a4\"},\"breadcrumb\":{\"@id\":\"https:\/\/sey.fi\/kaakkois-suomi\/2024\/10\/03\/elainten-viikon-ruoka-ja-tarvikekeraykset-etela-karjalassa-2\/#breadcrumb\"},\"inLanguage\":\"fi\",\"potentialAction\":[{\"@type\":\"ReadAction\",\"target\":[\"https:\/\/sey.fi\/kaakkois-suomi\/2024\/10\/03\/elainten-viikon-ruoka-ja-tarvikekeraykset-etela-karjalassa-2\/\"]}]},{\"@type\":\"ImageObject\",\"inLanguage\":\"fi\",\"@id\":\"https:\/\/sey.fi\/kaakkois-suomi\/2024\/10\/03\/elainten-viikon-ruoka-ja-tarvikekeraykset-etela-karjalassa-2\/#primaryimage\",\"url\":\"https:\/\/static.xx.fbcdn.net\/images\/emoji.php\/v9\/t6c\/1\/16\/2764.png\",\"contentUrl\":\"https:\/\/static.xx.fbcdn.net\/images\/emoji.php\/v9\/t6c\/1\/16\/2764.png\"},{\"@type\":\"BreadcrumbList\",\"@id\":\"https:\/\/sey.fi\/kaakkois-suomi\/2024\/10\/03\/elainten-viikon-ruoka-ja-tarvikekeraykset-etela-karjalassa-2\/#breadcrumb\",\"itemListElement\":[{\"@type\":\"ListItem\",\"position\":1,\"name\":\"Home\",\"item\":\"https:\/\/sey.fi\/kaakkois-suomi\/\"},{\"@type\":\"ListItem\",\"position\":2,\"name\":\"El\u00e4inten viikon ruoka- ja tarvikeker\u00e4ykset Etel\u00e4-Karjalassa\"}]},{\"@type\":\"WebSite\",\"@id\":\"https:\/\/sey.fi\/kaakkois-suomi\/#website\",\"url\":\"https:\/\/sey.fi\/kaakkois-suomi\/\",\"name\":\"Kaakkois-Suomen el\u00e4insuojeluyhdistys\",\"description\":\"Uusi SEY J\u00e4senyhdistykset -sivusto\",\"potentialAction\":[{\"@type\":\"SearchAction\",\"target\":{\"@type\":\"EntryPoint\",\"urlTemplate\":\"https:\/\/sey.fi\/kaakkois-suomi\/?s={search_term_string}\"},\"query-input\":{\"@type\":\"PropertyValueSpecification\",\"valueRequired\":true,\"valueName\":\"search_term_string\"}}],\"inLanguage\":\"fi\"},{\"@type\":\"Person\",\"@id\":\"https:\/\/sey.fi\/kaakkois-suomi\/#\/schema\/person\/27347e716209da4e173eea894d8510a4\",\"name\":\"kasey\",\"image\":{\"@type\":\"ImageObject\",\"inLanguage\":\"fi\",\"@id\":\"https:\/\/sey.fi\/kaakkois-suomi\/#\/schema\/person\/image\/\",\"url\":\"https:\/\/secure.gravatar.com\/avatar\/1fc3d7174d1815bf1775f3e7361a0422ef85a4ba1f94d4f991c4adbbe1d006d9?s=96&d=mm&r=g\",\"contentUrl\":\"https:\/\/secure.gravatar.com\/avatar\/1fc3d7174d1815bf1775f3e7361a0422ef85a4ba1f94d4f991c4adbbe1d006d9?s=96&d=mm&r=g\",\"caption\":\"kasey\"},\"url\":\"https:\/\/sey.fi\/kaakkois-suomi\/author\/ksesy\/\"}]}<\/script>\n<!-- \/ Yoast SEO plugin. -->","yoast_head_json":{"title":"El\u00e4inten viikon ruoka- ja tarvikeker\u00e4ykset Etel\u00e4-Karjalassa - Kaakkois-Suomen el\u00e4insuojeluyhdistys","robots":{"index":"index","follow":"follow","max-snippet":"max-snippet:-1","max-image-preview":"max-image-preview:large","max-video-preview":"max-video-preview:-1"},"canonical":"https:\/\/sey.fi\/kaakkois-suomi\/2024\/10\/03\/elainten-viikon-ruoka-ja-tarvikekeraykset-etela-karjalassa-2\/","og_locale":"fi_FI","og_type":"article","og_title":"El\u00e4inten viikon ruoka- ja tarvikeker\u00e4ykset Etel\u00e4-Karjalassa - Kaakkois-Suomen el\u00e4insuojeluyhdistys","og_description":"El\u00e4inten viikkoa vietet\u00e4\u00e4n taas 4.\u201310. lokakuuta. El\u00e4inten viikko on vuosittain vietett\u00e4v\u00e4 teemaviikko, jonka ensimm\u00e4inen p\u00e4iv\u00e4 on kansainv\u00e4linen El\u00e4inten p\u00e4iv\u00e4. T\u00e4n\u00e4 vuonna El\u00e4inten viikolla tutustutaan l\u00e4hiluonnon el\u00e4imiin. Kaakkois-Suomen el\u00e4insuojeluyhdistys j\u00e4rjest\u00e4\u00e4 ruoka- ja kuivikeker\u00e4yksi\u00e4 el\u00e4inten viikolla 4.-10.10.2024. T\u00e4n\u00e4 vuonna lahjoituksena toivotaan erityisesti aikuisten kissojen ja kissanpentujen m\u00e4rk\u00e4ruokaa, Dronspot-matol\u00e4\u00e4kkeit\u00e4 sek\u00e4 paakkuuntuvaa mikrohiekkaa. Kaneille toivotaan lahjoituksena kuivahein\u00e4\u00e4, ruokapellettej\u00e4 ja [&hellip;]","og_url":"https:\/\/sey.fi\/kaakkois-suomi\/2024\/10\/03\/elainten-viikon-ruoka-ja-tarvikekeraykset-etela-karjalassa-2\/","og_site_name":"Kaakkois-Suomen el\u00e4insuojeluyhdistys","article_published_time":"2024-10-03T14:21:47+00:00","og_image":[{"url":"https:\/\/static.xx.fbcdn.net\/images\/emoji.php\/v9\/t6c\/1\/16\/2764.png","type":"","width":"","height":""}],"author":"kasey","twitter_card":"summary_large_image","twitter_misc":{"Kirjoittanut":"kasey","Arvioitu lukuaika":"2 minuuttia"},"schema":{"@context":"https:\/\/schema.org","@graph":[{"@type":"Article","@id":"https:\/\/sey.fi\/kaakkois-suomi\/2024\/10\/03\/elainten-viikon-ruoka-ja-tarvikekeraykset-etela-karjalassa-2\/#article","isPartOf":{"@id":"https:\/\/sey.fi\/kaakkois-suomi\/2024\/10\/03\/elainten-viikon-ruoka-ja-tarvikekeraykset-etela-karjalassa-2\/"},"author":{"name":"kasey","@id":"https:\/\/sey.fi\/kaakkois-suomi\/#\/schema\/person\/27347e716209da4e173eea894d8510a4"},"headline":"El\u00e4inten viikon ruoka- ja tarvikeker\u00e4ykset Etel\u00e4-Karjalassa","datePublished":"2024-10-03T14:21:47+00:00","mainEntityOfPage":{"@id":"https:\/\/sey.fi\/kaakkois-suomi\/2024\/10\/03\/elainten-viikon-ruoka-ja-tarvikekeraykset-etela-karjalassa-2\/"},"wordCount":206,"image":{"@id":"https:\/\/sey.fi\/kaakkois-suomi\/2024\/10\/03\/elainten-viikon-ruoka-ja-tarvikekeraykset-etela-karjalassa-2\/#primaryimage"},"thumbnailUrl":"https:\/\/static.xx.fbcdn.net\/images\/emoji.php\/v9\/t6c\/1\/16\/2764.png","inLanguage":"fi"},{"@type":"WebPage","@id":"https:\/\/sey.fi\/kaakkois-suomi\/2024\/10\/03\/elainten-viikon-ruoka-ja-tarvikekeraykset-etela-karjalassa-2\/","url":"https:\/\/sey.fi\/kaakkois-suomi\/2024\/10\/03\/elainten-viikon-ruoka-ja-tarvikekeraykset-etela-karjalassa-2\/","name":"El\u00e4inten viikon ruoka- ja tarvikeker\u00e4ykset Etel\u00e4-Karjalassa - Kaakkois-Suomen el\u00e4insuojeluyhdistys","isPartOf":{"@id":"https:\/\/sey.fi\/kaakkois-suomi\/#website"},"primaryImageOfPage":{"@id":"https:\/\/sey.fi\/kaakkois-suomi\/2024\/10\/03\/elainten-viikon-ruoka-ja-tarvikekeraykset-etela-karjalassa-2\/#primaryimage"},"image":{"@id":"https:\/\/sey.fi\/kaakkois-suomi\/2024\/10\/03\/elainten-viikon-ruoka-ja-tarvikekeraykset-etela-karjalassa-2\/#primaryimage"},"thumbnailUrl":"https:\/\/static.xx.fbcdn.net\/images\/emoji.php\/v9\/t6c\/1\/16\/2764.png","datePublished":"2024-10-03T14:21:47+00:00","author":{"@id":"https:\/\/sey.fi\/kaakkois-suomi\/#\/schema\/person\/27347e716209da4e173eea894d8510a4"},"breadcrumb":{"@id":"https:\/\/sey.fi\/kaakkois-suomi\/2024\/10\/03\/elainten-viikon-ruoka-ja-tarvikekeraykset-etela-karjalassa-2\/#breadcrumb"},"inLanguage":"fi","potentialAction":[{"@type":"ReadAction","target":["https:\/\/sey.fi\/kaakkois-suomi\/2024\/10\/03\/elainten-viikon-ruoka-ja-tarvikekeraykset-etela-karjalassa-2\/"]}]},{"@type":"ImageObject","inLanguage":"fi","@id":"https:\/\/sey.fi\/kaakkois-suomi\/2024\/10\/03\/elainten-viikon-ruoka-ja-tarvikekeraykset-etela-karjalassa-2\/#primaryimage","url":"https:\/\/static.xx.fbcdn.net\/images\/emoji.php\/v9\/t6c\/1\/16\/2764.png","contentUrl":"https:\/\/static.xx.fbcdn.net\/images\/emoji.php\/v9\/t6c\/1\/16\/2764.png"},{"@type":"BreadcrumbList","@id":"https:\/\/sey.fi\/kaakkois-suomi\/2024\/10\/03\/elainten-viikon-ruoka-ja-tarvikekeraykset-etela-karjalassa-2\/#breadcrumb","itemListElement":[{"@type":"ListItem","position":1,"name":"Home","item":"https:\/\/sey.fi\/kaakkois-suomi\/"},{"@type":"ListItem","position":2,"name":"El\u00e4inten viikon ruoka- ja tarvikeker\u00e4ykset Etel\u00e4-Karjalassa"}]},{"@type":"WebSite","@id":"https:\/\/sey.fi\/kaakkois-suomi\/#website","url":"https:\/\/sey.fi\/kaakkois-suomi\/","name":"Kaakkois-Suomen el\u00e4insuojeluyhdistys","description":"Uusi SEY J\u00e4senyhdistykset -sivusto","potentialAction":[{"@type":"SearchAction","target":{"@type":"EntryPoint","urlTemplate":"https:\/\/sey.fi\/kaakkois-suomi\/?s={search_term_string}"},"query-input":{"@type":"PropertyValueSpecification","valueRequired":true,"valueName":"search_term_string"}}],"inLanguage":"fi"},{"@type":"Person","@id":"https:\/\/sey.fi\/kaakkois-suomi\/#\/schema\/person\/27347e716209da4e173eea894d8510a4","name":"kasey","image":{"@type":"ImageObject","inLanguage":"fi","@id":"https:\/\/sey.fi\/kaakkois-suomi\/#\/schema\/person\/image\/","url":"https:\/\/secure.gravatar.com\/avatar\/1fc3d7174d1815bf1775f3e7361a0422ef85a4ba1f94d4f991c4adbbe1d006d9?s=96&d=mm&r=g","contentUrl":"https:\/\/secure.gravatar.com\/avatar\/1fc3d7174d1815bf1775f3e7361a0422ef85a4ba1f94d4f991c4adbbe1d006d9?s=96&d=mm&r=g","caption":"kasey"},"url":"https:\/\/sey.fi\/kaakkois-suomi\/author\/ksesy\/"}]}},"_links":{"self":[{"href":"https:\/\/sey.fi\/kaakkois-suomi\/wp-json\/wp\/v2\/posts\/4577","targetHints":{"allow":["GET"]}}],"collection":[{"href":"https:\/\/sey.fi\/kaakkois-suomi\/wp-json\/wp\/v2\/posts"}],"about":[{"href":"https:\/\/sey.fi\/kaakkois-suomi\/wp-json\/wp\/v2\/types\/post"}],"author":[{"embeddable":true,"href":"https:\/\/sey.fi\/kaakkois-suomi\/wp-json\/wp\/v2\/users\/9"}],"replies":[{"embeddable":true,"href":"https:\/\/sey.fi\/kaakkois-suomi\/wp-json\/wp\/v2\/comments?post=4577"}],"version-history":[{"count":1,"href":"https:\/\/sey.fi\/kaakkois-suomi\/wp-json\/wp\/v2\/posts\/4577\/revisions"}],"predecessor-version":[{"id":4578,"href":"https:\/\/sey.fi\/kaakkois-suomi\/wp-json\/wp\/v2\/posts\/4577\/revisions\/4578"}],"wp:attachment":[{"href":"https:\/\/sey.fi\/kaakkois-suomi\/wp-json\/wp\/v2\/media?parent=4577"}],"wp:term":[{"taxonomy":"category","embeddable":true,"href":"https:\/\/sey.fi\/kaakkois-suomi\/wp-json\/wp\/v2\/categories?post=4577"}],"curies":[{"name":"wp","href":"https:\/\/api.w.org\/{rel}","templated":true}]}}