{"id":5797,"date":"2026-04-28T17:57:48","date_gmt":"2026-04-28T14:57:48","guid":{"rendered":"https:\/\/sey.fi\/kaakkois-suomi\/?p=5797"},"modified":"2026-04-28T17:57:49","modified_gmt":"2026-04-28T14:57:49","slug":"kutsu-kaakkois-suomen-elainsuojeluyhdistys-ryn-saantomaaraiseen-kevatkokoukseen","status":"publish","type":"post","link":"https:\/\/sey.fi\/kaakkois-suomi\/2026\/04\/28\/kutsu-kaakkois-suomen-elainsuojeluyhdistys-ryn-saantomaaraiseen-kevatkokoukseen\/","title":{"rendered":"Kutsu Kaakkois-Suomen el\u00e4insuojeluyhdistys ry:n s\u00e4\u00e4nt\u00f6m\u00e4\u00e4r\u00e4iseen kev\u00e4tkokoukseen"},"content":{"rendered":"\n<p>Tervetuloa Kaakkois-Suomen el\u00e4insuojeluyhdistys ry:n s\u00e4\u00e4nt\u00f6m\u00e4\u00e4r\u00e4iseen\u00a0kev\u00e4tkokoukseen!<br><br>Aika: Sunnuntai 17.5.2026 klo 12<\/p>\n\n\n\n<p>Paikka:\u00a0El\u00e4insuojelukeskus Miu, It\u00e4inen Kanavatie 6, 53420 Lappeenranta<br><br>Kokouksessa k\u00e4sitell\u00e4\u00e4n seuraavat kev\u00e4tkokouksen asiat:<br>1. Kokouksen avaus<br>2. Valitaan kokouksen puheenjohtaja, sihteeri, kaksi p\u00f6yt\u00e4kirjantarkastajaa ja kaksi\u00a0\u00e4\u00e4ntenlaskijaa<br>3. Todetaan kokouksen laillisuus ja p\u00e4\u00e4t\u00f6svaltaisuus<br>4. Hyv\u00e4ksyt\u00e4\u00e4n kokouksen ty\u00f6j\u00e4rjestys<br>5. Esitet\u00e4\u00e4n tilinp\u00e4\u00e4t\u00f6s, toimintakertomus ja tilintarkastajien lausunto<br>6. P\u00e4\u00e4tet\u00e4\u00e4n tilinp\u00e4\u00e4t\u00f6ksen vahvistamisesta ja vastuuvapauden my\u00f6nt\u00e4misest\u00e4 hallitukselle ja muille vastuuvelvollisille<br>7. Muut asiat<br>8. Kokouksen p\u00e4\u00e4tt\u00e4minen<\/p>\n\n\n\n<p><br>Kokous\u00a0on avoin kaikille Kaakkois-Suomen el\u00e4insuojeluyhdistyksen j\u00e4senille.<br>Mik\u00e4li haluat liitty\u00e4 j\u00e4seneksi, voit tehd\u00e4 sen nettisivuillamme\u00a0<a href=\"https:\/\/sey.fi\/kaakkois-suomi\/kaakkois-suomen-elainsuojeluyhdistys\/yhdistys\/liity-jaseneksi\/\" target=\"_blank\" rel=\"noreferrer noopener\">https:\/\/sey.fi\/kaakkois-suomi\/kaakkois-suomen-elainsuojeluyhdistys\/yhdistys\/liity-jaseneksi\/<\/a><\/p>\n\n\n\n<p><br>Tervetuloa!<\/p>\n\n\n\n<p><br>Kutsu julkaistu kotisivuilla 28.4.2026.<\/p>\n","protected":false},"excerpt":{"rendered":"<p>Tervetuloa Kaakkois-Suomen el\u00e4insuojeluyhdistys ry:n s\u00e4\u00e4nt\u00f6m\u00e4\u00e4r\u00e4iseen\u00a0kev\u00e4tkokoukseen! Aika: Sunnuntai 17.5.2026 klo 12 Paikka:\u00a0El\u00e4insuojelukeskus Miu, It\u00e4inen Kanavatie 6, 53420 Lappeenranta Kokouksessa k\u00e4sitell\u00e4\u00e4n seuraavat kev\u00e4tkokouksen asiat:1. Kokouksen avaus2. Valitaan kokouksen puheenjohtaja, sihteeri, kaksi p\u00f6yt\u00e4kirjantarkastajaa ja kaksi\u00a0\u00e4\u00e4ntenlaskijaa3. Todetaan kokouksen laillisuus ja p\u00e4\u00e4t\u00f6svaltaisuus4. Hyv\u00e4ksyt\u00e4\u00e4n kokouksen ty\u00f6j\u00e4rjestys5. Esitet\u00e4\u00e4n tilinp\u00e4\u00e4t\u00f6s, toimintakertomus ja tilintarkastajien lausunto6. P\u00e4\u00e4tet\u00e4\u00e4n tilinp\u00e4\u00e4t\u00f6ksen vahvistamisesta ja vastuuvapauden my\u00f6nt\u00e4misest\u00e4 hallitukselle ja muille [&hellip;]<\/p>\n","protected":false},"author":9,"featured_media":0,"comment_status":"closed","ping_status":"closed","sticky":false,"template":"","format":"standard","meta":{"_acf_changed":false,"footnotes":""},"categories":[1],"class_list":["post-5797","post","type-post","status-publish","format-standard","hentry","category-yleinen"],"acf":[],"yoast_head":"<!-- This site is optimized with the Yoast SEO plugin v27.1.1 - https:\/\/yoast.com\/product\/yoast-seo-wordpress\/ -->\n<title>Kutsu Kaakkois-Suomen el\u00e4insuojeluyhdistys ry:n s\u00e4\u00e4nt\u00f6m\u00e4\u00e4r\u00e4iseen kev\u00e4tkokoukseen - Kaakkois-Suomen el\u00e4insuojeluyhdistys<\/title>\n<meta name=\"robots\" content=\"index, follow, max-snippet:-1, max-image-preview:large, max-video-preview:-1\" \/>\n<link rel=\"canonical\" href=\"https:\/\/sey.fi\/kaakkois-suomi\/2026\/04\/28\/kutsu-kaakkois-suomen-elainsuojeluyhdistys-ryn-saantomaaraiseen-kevatkokoukseen\/\" \/>\n<meta property=\"og:locale\" content=\"fi_FI\" \/>\n<meta property=\"og:type\" content=\"article\" \/>\n<meta property=\"og:title\" content=\"Kutsu Kaakkois-Suomen el\u00e4insuojeluyhdistys ry:n s\u00e4\u00e4nt\u00f6m\u00e4\u00e4r\u00e4iseen kev\u00e4tkokoukseen - Kaakkois-Suomen el\u00e4insuojeluyhdistys\" \/>\n<meta property=\"og:description\" content=\"Tervetuloa Kaakkois-Suomen el\u00e4insuojeluyhdistys ry:n s\u00e4\u00e4nt\u00f6m\u00e4\u00e4r\u00e4iseen\u00a0kev\u00e4tkokoukseen! Aika: Sunnuntai 17.5.2026 klo 12 Paikka:\u00a0El\u00e4insuojelukeskus Miu, It\u00e4inen Kanavatie 6, 53420 Lappeenranta Kokouksessa k\u00e4sitell\u00e4\u00e4n seuraavat kev\u00e4tkokouksen asiat:1. Kokouksen avaus2. Valitaan kokouksen puheenjohtaja, sihteeri, kaksi p\u00f6yt\u00e4kirjantarkastajaa ja kaksi\u00a0\u00e4\u00e4ntenlaskijaa3. Todetaan kokouksen laillisuus ja p\u00e4\u00e4t\u00f6svaltaisuus4. Hyv\u00e4ksyt\u00e4\u00e4n kokouksen ty\u00f6j\u00e4rjestys5. Esitet\u00e4\u00e4n tilinp\u00e4\u00e4t\u00f6s, toimintakertomus ja tilintarkastajien lausunto6. P\u00e4\u00e4tet\u00e4\u00e4n tilinp\u00e4\u00e4t\u00f6ksen vahvistamisesta ja vastuuvapauden my\u00f6nt\u00e4misest\u00e4 hallitukselle ja muille [&hellip;]\" \/>\n<meta property=\"og:url\" content=\"https:\/\/sey.fi\/kaakkois-suomi\/2026\/04\/28\/kutsu-kaakkois-suomen-elainsuojeluyhdistys-ryn-saantomaaraiseen-kevatkokoukseen\/\" \/>\n<meta property=\"og:site_name\" content=\"Kaakkois-Suomen el\u00e4insuojeluyhdistys\" \/>\n<meta property=\"article:published_time\" content=\"2026-04-28T14:57:48+00:00\" \/>\n<meta property=\"article:modified_time\" content=\"2026-04-28T14:57:49+00:00\" \/>\n<meta name=\"author\" content=\"kasey\" \/>\n<meta name=\"twitter:card\" content=\"summary_large_image\" \/>\n<meta name=\"twitter:label1\" content=\"Kirjoittanut\" \/>\n\t<meta name=\"twitter:data1\" content=\"kasey\" \/>\n\t<meta name=\"twitter:label2\" content=\"Arvioitu lukuaika\" \/>\n\t<meta name=\"twitter:data2\" content=\"1 minuutti\" \/>\n<script type=\"application\/ld+json\" class=\"yoast-schema-graph\">{\"@context\":\"https:\/\/schema.org\",\"@graph\":[{\"@type\":\"Article\",\"@id\":\"https:\/\/sey.fi\/kaakkois-suomi\/2026\/04\/28\/kutsu-kaakkois-suomen-elainsuojeluyhdistys-ryn-saantomaaraiseen-kevatkokoukseen\/#article\",\"isPartOf\":{\"@id\":\"https:\/\/sey.fi\/kaakkois-suomi\/2026\/04\/28\/kutsu-kaakkois-suomen-elainsuojeluyhdistys-ryn-saantomaaraiseen-kevatkokoukseen\/\"},\"author\":{\"name\":\"kasey\",\"@id\":\"https:\/\/sey.fi\/kaakkois-suomi\/#\/schema\/person\/27347e716209da4e173eea894d8510a4\"},\"headline\":\"Kutsu Kaakkois-Suomen el\u00e4insuojeluyhdistys ry:n s\u00e4\u00e4nt\u00f6m\u00e4\u00e4r\u00e4iseen kev\u00e4tkokoukseen\",\"datePublished\":\"2026-04-28T14:57:48+00:00\",\"dateModified\":\"2026-04-28T14:57:49+00:00\",\"mainEntityOfPage\":{\"@id\":\"https:\/\/sey.fi\/kaakkois-suomi\/2026\/04\/28\/kutsu-kaakkois-suomen-elainsuojeluyhdistys-ryn-saantomaaraiseen-kevatkokoukseen\/\"},\"wordCount\":133,\"inLanguage\":\"fi\"},{\"@type\":\"WebPage\",\"@id\":\"https:\/\/sey.fi\/kaakkois-suomi\/2026\/04\/28\/kutsu-kaakkois-suomen-elainsuojeluyhdistys-ryn-saantomaaraiseen-kevatkokoukseen\/\",\"url\":\"https:\/\/sey.fi\/kaakkois-suomi\/2026\/04\/28\/kutsu-kaakkois-suomen-elainsuojeluyhdistys-ryn-saantomaaraiseen-kevatkokoukseen\/\",\"name\":\"Kutsu Kaakkois-Suomen el\u00e4insuojeluyhdistys ry:n s\u00e4\u00e4nt\u00f6m\u00e4\u00e4r\u00e4iseen kev\u00e4tkokoukseen - Kaakkois-Suomen el\u00e4insuojeluyhdistys\",\"isPartOf\":{\"@id\":\"https:\/\/sey.fi\/kaakkois-suomi\/#website\"},\"datePublished\":\"2026-04-28T14:57:48+00:00\",\"dateModified\":\"2026-04-28T14:57:49+00:00\",\"author\":{\"@id\":\"https:\/\/sey.fi\/kaakkois-suomi\/#\/schema\/person\/27347e716209da4e173eea894d8510a4\"},\"breadcrumb\":{\"@id\":\"https:\/\/sey.fi\/kaakkois-suomi\/2026\/04\/28\/kutsu-kaakkois-suomen-elainsuojeluyhdistys-ryn-saantomaaraiseen-kevatkokoukseen\/#breadcrumb\"},\"inLanguage\":\"fi\",\"potentialAction\":[{\"@type\":\"ReadAction\",\"target\":[\"https:\/\/sey.fi\/kaakkois-suomi\/2026\/04\/28\/kutsu-kaakkois-suomen-elainsuojeluyhdistys-ryn-saantomaaraiseen-kevatkokoukseen\/\"]}]},{\"@type\":\"BreadcrumbList\",\"@id\":\"https:\/\/sey.fi\/kaakkois-suomi\/2026\/04\/28\/kutsu-kaakkois-suomen-elainsuojeluyhdistys-ryn-saantomaaraiseen-kevatkokoukseen\/#breadcrumb\",\"itemListElement\":[{\"@type\":\"ListItem\",\"position\":1,\"name\":\"Home\",\"item\":\"https:\/\/sey.fi\/kaakkois-suomi\/\"},{\"@type\":\"ListItem\",\"position\":2,\"name\":\"Kutsu Kaakkois-Suomen el\u00e4insuojeluyhdistys ry:n s\u00e4\u00e4nt\u00f6m\u00e4\u00e4r\u00e4iseen kev\u00e4tkokoukseen\"}]},{\"@type\":\"WebSite\",\"@id\":\"https:\/\/sey.fi\/kaakkois-suomi\/#website\",\"url\":\"https:\/\/sey.fi\/kaakkois-suomi\/\",\"name\":\"Kaakkois-Suomen el\u00e4insuojeluyhdistys\",\"description\":\"Uusi SEY J\u00e4senyhdistykset -sivusto\",\"potentialAction\":[{\"@type\":\"SearchAction\",\"target\":{\"@type\":\"EntryPoint\",\"urlTemplate\":\"https:\/\/sey.fi\/kaakkois-suomi\/?s={search_term_string}\"},\"query-input\":{\"@type\":\"PropertyValueSpecification\",\"valueRequired\":true,\"valueName\":\"search_term_string\"}}],\"inLanguage\":\"fi\"},{\"@type\":\"Person\",\"@id\":\"https:\/\/sey.fi\/kaakkois-suomi\/#\/schema\/person\/27347e716209da4e173eea894d8510a4\",\"name\":\"kasey\",\"image\":{\"@type\":\"ImageObject\",\"inLanguage\":\"fi\",\"@id\":\"https:\/\/sey.fi\/kaakkois-suomi\/#\/schema\/person\/image\/\",\"url\":\"https:\/\/secure.gravatar.com\/avatar\/1fc3d7174d1815bf1775f3e7361a0422ef85a4ba1f94d4f991c4adbbe1d006d9?s=96&d=mm&r=g\",\"contentUrl\":\"https:\/\/secure.gravatar.com\/avatar\/1fc3d7174d1815bf1775f3e7361a0422ef85a4ba1f94d4f991c4adbbe1d006d9?s=96&d=mm&r=g\",\"caption\":\"kasey\"},\"url\":\"https:\/\/sey.fi\/kaakkois-suomi\/author\/ksesy\/\"}]}<\/script>\n<!-- \/ Yoast SEO plugin. -->","yoast_head_json":{"title":"Kutsu Kaakkois-Suomen el\u00e4insuojeluyhdistys ry:n s\u00e4\u00e4nt\u00f6m\u00e4\u00e4r\u00e4iseen kev\u00e4tkokoukseen - Kaakkois-Suomen el\u00e4insuojeluyhdistys","robots":{"index":"index","follow":"follow","max-snippet":"max-snippet:-1","max-image-preview":"max-image-preview:large","max-video-preview":"max-video-preview:-1"},"canonical":"https:\/\/sey.fi\/kaakkois-suomi\/2026\/04\/28\/kutsu-kaakkois-suomen-elainsuojeluyhdistys-ryn-saantomaaraiseen-kevatkokoukseen\/","og_locale":"fi_FI","og_type":"article","og_title":"Kutsu Kaakkois-Suomen el\u00e4insuojeluyhdistys ry:n s\u00e4\u00e4nt\u00f6m\u00e4\u00e4r\u00e4iseen kev\u00e4tkokoukseen - Kaakkois-Suomen el\u00e4insuojeluyhdistys","og_description":"Tervetuloa Kaakkois-Suomen el\u00e4insuojeluyhdistys ry:n s\u00e4\u00e4nt\u00f6m\u00e4\u00e4r\u00e4iseen\u00a0kev\u00e4tkokoukseen! Aika: Sunnuntai 17.5.2026 klo 12 Paikka:\u00a0El\u00e4insuojelukeskus Miu, It\u00e4inen Kanavatie 6, 53420 Lappeenranta Kokouksessa k\u00e4sitell\u00e4\u00e4n seuraavat kev\u00e4tkokouksen asiat:1. Kokouksen avaus2. Valitaan kokouksen puheenjohtaja, sihteeri, kaksi p\u00f6yt\u00e4kirjantarkastajaa ja kaksi\u00a0\u00e4\u00e4ntenlaskijaa3. Todetaan kokouksen laillisuus ja p\u00e4\u00e4t\u00f6svaltaisuus4. Hyv\u00e4ksyt\u00e4\u00e4n kokouksen ty\u00f6j\u00e4rjestys5. Esitet\u00e4\u00e4n tilinp\u00e4\u00e4t\u00f6s, toimintakertomus ja tilintarkastajien lausunto6. P\u00e4\u00e4tet\u00e4\u00e4n tilinp\u00e4\u00e4t\u00f6ksen vahvistamisesta ja vastuuvapauden my\u00f6nt\u00e4misest\u00e4 hallitukselle ja muille [&hellip;]","og_url":"https:\/\/sey.fi\/kaakkois-suomi\/2026\/04\/28\/kutsu-kaakkois-suomen-elainsuojeluyhdistys-ryn-saantomaaraiseen-kevatkokoukseen\/","og_site_name":"Kaakkois-Suomen el\u00e4insuojeluyhdistys","article_published_time":"2026-04-28T14:57:48+00:00","article_modified_time":"2026-04-28T14:57:49+00:00","author":"kasey","twitter_card":"summary_large_image","twitter_misc":{"Kirjoittanut":"kasey","Arvioitu lukuaika":"1 minuutti"},"schema":{"@context":"https:\/\/schema.org","@graph":[{"@type":"Article","@id":"https:\/\/sey.fi\/kaakkois-suomi\/2026\/04\/28\/kutsu-kaakkois-suomen-elainsuojeluyhdistys-ryn-saantomaaraiseen-kevatkokoukseen\/#article","isPartOf":{"@id":"https:\/\/sey.fi\/kaakkois-suomi\/2026\/04\/28\/kutsu-kaakkois-suomen-elainsuojeluyhdistys-ryn-saantomaaraiseen-kevatkokoukseen\/"},"author":{"name":"kasey","@id":"https:\/\/sey.fi\/kaakkois-suomi\/#\/schema\/person\/27347e716209da4e173eea894d8510a4"},"headline":"Kutsu Kaakkois-Suomen el\u00e4insuojeluyhdistys ry:n s\u00e4\u00e4nt\u00f6m\u00e4\u00e4r\u00e4iseen kev\u00e4tkokoukseen","datePublished":"2026-04-28T14:57:48+00:00","dateModified":"2026-04-28T14:57:49+00:00","mainEntityOfPage":{"@id":"https:\/\/sey.fi\/kaakkois-suomi\/2026\/04\/28\/kutsu-kaakkois-suomen-elainsuojeluyhdistys-ryn-saantomaaraiseen-kevatkokoukseen\/"},"wordCount":133,"inLanguage":"fi"},{"@type":"WebPage","@id":"https:\/\/sey.fi\/kaakkois-suomi\/2026\/04\/28\/kutsu-kaakkois-suomen-elainsuojeluyhdistys-ryn-saantomaaraiseen-kevatkokoukseen\/","url":"https:\/\/sey.fi\/kaakkois-suomi\/2026\/04\/28\/kutsu-kaakkois-suomen-elainsuojeluyhdistys-ryn-saantomaaraiseen-kevatkokoukseen\/","name":"Kutsu Kaakkois-Suomen el\u00e4insuojeluyhdistys ry:n s\u00e4\u00e4nt\u00f6m\u00e4\u00e4r\u00e4iseen kev\u00e4tkokoukseen - Kaakkois-Suomen el\u00e4insuojeluyhdistys","isPartOf":{"@id":"https:\/\/sey.fi\/kaakkois-suomi\/#website"},"datePublished":"2026-04-28T14:57:48+00:00","dateModified":"2026-04-28T14:57:49+00:00","author":{"@id":"https:\/\/sey.fi\/kaakkois-suomi\/#\/schema\/person\/27347e716209da4e173eea894d8510a4"},"breadcrumb":{"@id":"https:\/\/sey.fi\/kaakkois-suomi\/2026\/04\/28\/kutsu-kaakkois-suomen-elainsuojeluyhdistys-ryn-saantomaaraiseen-kevatkokoukseen\/#breadcrumb"},"inLanguage":"fi","potentialAction":[{"@type":"ReadAction","target":["https:\/\/sey.fi\/kaakkois-suomi\/2026\/04\/28\/kutsu-kaakkois-suomen-elainsuojeluyhdistys-ryn-saantomaaraiseen-kevatkokoukseen\/"]}]},{"@type":"BreadcrumbList","@id":"https:\/\/sey.fi\/kaakkois-suomi\/2026\/04\/28\/kutsu-kaakkois-suomen-elainsuojeluyhdistys-ryn-saantomaaraiseen-kevatkokoukseen\/#breadcrumb","itemListElement":[{"@type":"ListItem","position":1,"name":"Home","item":"https:\/\/sey.fi\/kaakkois-suomi\/"},{"@type":"ListItem","position":2,"name":"Kutsu Kaakkois-Suomen el\u00e4insuojeluyhdistys ry:n s\u00e4\u00e4nt\u00f6m\u00e4\u00e4r\u00e4iseen kev\u00e4tkokoukseen"}]},{"@type":"WebSite","@id":"https:\/\/sey.fi\/kaakkois-suomi\/#website","url":"https:\/\/sey.fi\/kaakkois-suomi\/","name":"Kaakkois-Suomen el\u00e4insuojeluyhdistys","description":"Uusi SEY J\u00e4senyhdistykset -sivusto","potentialAction":[{"@type":"SearchAction","target":{"@type":"EntryPoint","urlTemplate":"https:\/\/sey.fi\/kaakkois-suomi\/?s={search_term_string}"},"query-input":{"@type":"PropertyValueSpecification","valueRequired":true,"valueName":"search_term_string"}}],"inLanguage":"fi"},{"@type":"Person","@id":"https:\/\/sey.fi\/kaakkois-suomi\/#\/schema\/person\/27347e716209da4e173eea894d8510a4","name":"kasey","image":{"@type":"ImageObject","inLanguage":"fi","@id":"https:\/\/sey.fi\/kaakkois-suomi\/#\/schema\/person\/image\/","url":"https:\/\/secure.gravatar.com\/avatar\/1fc3d7174d1815bf1775f3e7361a0422ef85a4ba1f94d4f991c4adbbe1d006d9?s=96&d=mm&r=g","contentUrl":"https:\/\/secure.gravatar.com\/avatar\/1fc3d7174d1815bf1775f3e7361a0422ef85a4ba1f94d4f991c4adbbe1d006d9?s=96&d=mm&r=g","caption":"kasey"},"url":"https:\/\/sey.fi\/kaakkois-suomi\/author\/ksesy\/"}]}},"_links":{"self":[{"href":"https:\/\/sey.fi\/kaakkois-suomi\/wp-json\/wp\/v2\/posts\/5797","targetHints":{"allow":["GET"]}}],"collection":[{"href":"https:\/\/sey.fi\/kaakkois-suomi\/wp-json\/wp\/v2\/posts"}],"about":[{"href":"https:\/\/sey.fi\/kaakkois-suomi\/wp-json\/wp\/v2\/types\/post"}],"author":[{"embeddable":true,"href":"https:\/\/sey.fi\/kaakkois-suomi\/wp-json\/wp\/v2\/users\/9"}],"replies":[{"embeddable":true,"href":"https:\/\/sey.fi\/kaakkois-suomi\/wp-json\/wp\/v2\/comments?post=5797"}],"version-history":[{"count":3,"href":"https:\/\/sey.fi\/kaakkois-suomi\/wp-json\/wp\/v2\/posts\/5797\/revisions"}],"predecessor-version":[{"id":5800,"href":"https:\/\/sey.fi\/kaakkois-suomi\/wp-json\/wp\/v2\/posts\/5797\/revisions\/5800"}],"wp:attachment":[{"href":"https:\/\/sey.fi\/kaakkois-suomi\/wp-json\/wp\/v2\/media?parent=5797"}],"wp:term":[{"taxonomy":"category","embeddable":true,"href":"https:\/\/sey.fi\/kaakkois-suomi\/wp-json\/wp\/v2\/categories?post=5797"}],"curies":[{"name":"wp","href":"https:\/\/api.w.org\/{rel}","templated":true}]}}