{"id":770,"date":"2020-03-05T21:49:54","date_gmt":"2020-03-05T19:49:54","guid":{"rendered":"https:\/\/sey.fi\/kaakkois-suomi\/?p=770"},"modified":"2020-03-05T22:09:18","modified_gmt":"2020-03-05T20:09:18","slug":"elainkoti-pesalla-lomaillaan-9-15-3-2020","status":"publish","type":"post","link":"https:\/\/sey.fi\/kaakkois-suomi\/2020\/03\/05\/elainkoti-pesalla-lomaillaan-9-15-3-2020\/","title":{"rendered":"El\u00e4inkoti Pes\u00e4ll\u00e4 lomaillaan 9-15.3.2020"},"content":{"rendered":"\n<p>El\u00e4inkoti Pes\u00e4ll\u00e4 vietet\u00e4\u00e4n talvilomaa 9-15.3.2020. Tuona aikana Pes\u00e4ll\u00e4 ei ole puhelinp\u00e4ivystyst\u00e4. El\u00e4imet hoidetaan loman aikana normaalisti. Loman aikana voitte olla yhteydess\u00e4 seuraaviin yhteystietoihin:<\/p>\n\n\n\n<p><strong>Yhdistyksen yleiset asiat:<\/strong><\/p>\n\n\n\n<p> Sanni M\u00e4ki\u00e4 p. 050 331 0689 \/&nbsp;<strong><a href=\"mailto:kasey.koiravastaava@gmail.com\">kasey.koiravastaava(at)gmail.com<\/a><\/strong><\/p>\n\n\n\n<p>Jenni Laamanen p. 050 555 1197 \/ <strong><a href=\"mailto:kasey.kymenlaakso@gmail.com\">kasey.kymenlaakso(at)gmail.com<\/a><\/strong>&nbsp;<\/p>\n\n\n\n<p><strong>Luonnonvaraiset el\u00e4imet<\/strong><br>vastaava\u00a0Mirkka Nousiainen<br>p.\u00a0050 555 1466 tai\u00a0<strong><a href=\"mailto:mirkka.neuvoja@gmail.com\">mirkka.neuvoja(at)gmail.com<\/a><\/strong>\u00a0<\/p>\n\n\n\n<p><strong>El\u00e4inten hautausmaa<\/strong><br>vastaava\u00a0Mia Kolehmainen<br><strong><a href=\"mailto:kasey.hautausmaa@gmail.com\">kasey.hautausmaa(at)gmail.com<\/a><\/strong><br>p.\u00a0050 432 4942\u00a0<\/p>\n\n\n\n<p>Lis\u00e4\u00e4 yhteystietoja l\u00f6yd\u00e4t kotisivujemme <strong>yhteystiedot<\/strong> -sivulta.<\/p>\n","protected":false},"excerpt":{"rendered":"<p>El\u00e4inkoti Pes\u00e4ll\u00e4 vietet\u00e4\u00e4n talvilomaa 9-15.3.2020. Tuona aikana Pes\u00e4ll\u00e4 ei ole puhelinp\u00e4ivystyst\u00e4. El\u00e4imet hoidetaan loman aikana normaalisti. Loman aikana voitte olla yhteydess\u00e4 seuraaviin yhteystietoihin: Yhdistyksen yleiset asiat: Sanni M\u00e4ki\u00e4 p. 050 331 0689 \/&nbsp;kasey.koiravastaava(at)gmail.com Jenni Laamanen p. 050 555 1197 \/ kasey.kymenlaakso(at)gmail.com&nbsp; Luonnonvaraiset el\u00e4imetvastaava\u00a0Mirkka Nousiainenp.\u00a0050 555 1466 tai\u00a0mirkka.neuvoja(at)gmail.com\u00a0 El\u00e4inten hautausmaavastaava\u00a0Mia Kolehmainenkasey.hautausmaa(at)gmail.comp.\u00a0050 432 4942\u00a0 Lis\u00e4\u00e4 yhteystietoja l\u00f6yd\u00e4t [&hellip;]<\/p>\n","protected":false},"author":9,"featured_media":0,"comment_status":"closed","ping_status":"closed","sticky":false,"template":"","format":"standard","meta":{"_acf_changed":false,"footnotes":""},"categories":[1],"class_list":["post-770","post","type-post","status-publish","format-standard","hentry","category-yleinen"],"acf":[],"yoast_head":"<!-- This site is optimized with the Yoast SEO plugin v27.1.1 - https:\/\/yoast.com\/product\/yoast-seo-wordpress\/ -->\n<title>El\u00e4inkoti Pes\u00e4ll\u00e4 lomaillaan 9-15.3.2020 - Kaakkois-Suomen el\u00e4insuojeluyhdistys<\/title>\n<meta name=\"robots\" content=\"index, follow, max-snippet:-1, max-image-preview:large, max-video-preview:-1\" \/>\n<link rel=\"canonical\" href=\"https:\/\/sey.fi\/kaakkois-suomi\/2020\/03\/05\/elainkoti-pesalla-lomaillaan-9-15-3-2020\/\" \/>\n<meta property=\"og:locale\" content=\"fi_FI\" \/>\n<meta property=\"og:type\" content=\"article\" \/>\n<meta property=\"og:title\" content=\"El\u00e4inkoti Pes\u00e4ll\u00e4 lomaillaan 9-15.3.2020 - Kaakkois-Suomen el\u00e4insuojeluyhdistys\" \/>\n<meta property=\"og:description\" content=\"El\u00e4inkoti Pes\u00e4ll\u00e4 vietet\u00e4\u00e4n talvilomaa 9-15.3.2020. Tuona aikana Pes\u00e4ll\u00e4 ei ole puhelinp\u00e4ivystyst\u00e4. El\u00e4imet hoidetaan loman aikana normaalisti. Loman aikana voitte olla yhteydess\u00e4 seuraaviin yhteystietoihin: Yhdistyksen yleiset asiat: Sanni M\u00e4ki\u00e4 p. 050 331 0689 \/&nbsp;kasey.koiravastaava(at)gmail.com Jenni Laamanen p. 050 555 1197 \/ kasey.kymenlaakso(at)gmail.com&nbsp; Luonnonvaraiset el\u00e4imetvastaava\u00a0Mirkka Nousiainenp.\u00a0050 555 1466 tai\u00a0mirkka.neuvoja(at)gmail.com\u00a0 El\u00e4inten hautausmaavastaava\u00a0Mia Kolehmainenkasey.hautausmaa(at)gmail.comp.\u00a0050 432 4942\u00a0 Lis\u00e4\u00e4 yhteystietoja l\u00f6yd\u00e4t [&hellip;]\" \/>\n<meta property=\"og:url\" content=\"https:\/\/sey.fi\/kaakkois-suomi\/2020\/03\/05\/elainkoti-pesalla-lomaillaan-9-15-3-2020\/\" \/>\n<meta property=\"og:site_name\" content=\"Kaakkois-Suomen el\u00e4insuojeluyhdistys\" \/>\n<meta property=\"article:published_time\" content=\"2020-03-05T19:49:54+00:00\" \/>\n<meta property=\"article:modified_time\" content=\"2020-03-05T20:09:18+00:00\" \/>\n<meta name=\"author\" content=\"kasey\" \/>\n<meta name=\"twitter:card\" content=\"summary_large_image\" \/>\n<meta name=\"twitter:label1\" content=\"Kirjoittanut\" \/>\n\t<meta name=\"twitter:data1\" content=\"kasey\" \/>\n<script type=\"application\/ld+json\" class=\"yoast-schema-graph\">{\"@context\":\"https:\/\/schema.org\",\"@graph\":[{\"@type\":\"Article\",\"@id\":\"https:\/\/sey.fi\/kaakkois-suomi\/2020\/03\/05\/elainkoti-pesalla-lomaillaan-9-15-3-2020\/#article\",\"isPartOf\":{\"@id\":\"https:\/\/sey.fi\/kaakkois-suomi\/2020\/03\/05\/elainkoti-pesalla-lomaillaan-9-15-3-2020\/\"},\"author\":{\"name\":\"kasey\",\"@id\":\"https:\/\/sey.fi\/kaakkois-suomi\/#\/schema\/person\/27347e716209da4e173eea894d8510a4\"},\"headline\":\"El\u00e4inkoti Pes\u00e4ll\u00e4 lomaillaan 9-15.3.2020\",\"datePublished\":\"2020-03-05T19:49:54+00:00\",\"dateModified\":\"2020-03-05T20:09:18+00:00\",\"mainEntityOfPage\":{\"@id\":\"https:\/\/sey.fi\/kaakkois-suomi\/2020\/03\/05\/elainkoti-pesalla-lomaillaan-9-15-3-2020\/\"},\"wordCount\":89,\"inLanguage\":\"fi\"},{\"@type\":\"WebPage\",\"@id\":\"https:\/\/sey.fi\/kaakkois-suomi\/2020\/03\/05\/elainkoti-pesalla-lomaillaan-9-15-3-2020\/\",\"url\":\"https:\/\/sey.fi\/kaakkois-suomi\/2020\/03\/05\/elainkoti-pesalla-lomaillaan-9-15-3-2020\/\",\"name\":\"El\u00e4inkoti Pes\u00e4ll\u00e4 lomaillaan 9-15.3.2020 - Kaakkois-Suomen el\u00e4insuojeluyhdistys\",\"isPartOf\":{\"@id\":\"https:\/\/sey.fi\/kaakkois-suomi\/#website\"},\"datePublished\":\"2020-03-05T19:49:54+00:00\",\"dateModified\":\"2020-03-05T20:09:18+00:00\",\"author\":{\"@id\":\"https:\/\/sey.fi\/kaakkois-suomi\/#\/schema\/person\/27347e716209da4e173eea894d8510a4\"},\"breadcrumb\":{\"@id\":\"https:\/\/sey.fi\/kaakkois-suomi\/2020\/03\/05\/elainkoti-pesalla-lomaillaan-9-15-3-2020\/#breadcrumb\"},\"inLanguage\":\"fi\",\"potentialAction\":[{\"@type\":\"ReadAction\",\"target\":[\"https:\/\/sey.fi\/kaakkois-suomi\/2020\/03\/05\/elainkoti-pesalla-lomaillaan-9-15-3-2020\/\"]}]},{\"@type\":\"BreadcrumbList\",\"@id\":\"https:\/\/sey.fi\/kaakkois-suomi\/2020\/03\/05\/elainkoti-pesalla-lomaillaan-9-15-3-2020\/#breadcrumb\",\"itemListElement\":[{\"@type\":\"ListItem\",\"position\":1,\"name\":\"Home\",\"item\":\"https:\/\/sey.fi\/kaakkois-suomi\/\"},{\"@type\":\"ListItem\",\"position\":2,\"name\":\"El\u00e4inkoti Pes\u00e4ll\u00e4 lomaillaan 9-15.3.2020\"}]},{\"@type\":\"WebSite\",\"@id\":\"https:\/\/sey.fi\/kaakkois-suomi\/#website\",\"url\":\"https:\/\/sey.fi\/kaakkois-suomi\/\",\"name\":\"Kaakkois-Suomen el\u00e4insuojeluyhdistys\",\"description\":\"Uusi SEY J\u00e4senyhdistykset -sivusto\",\"potentialAction\":[{\"@type\":\"SearchAction\",\"target\":{\"@type\":\"EntryPoint\",\"urlTemplate\":\"https:\/\/sey.fi\/kaakkois-suomi\/?s={search_term_string}\"},\"query-input\":{\"@type\":\"PropertyValueSpecification\",\"valueRequired\":true,\"valueName\":\"search_term_string\"}}],\"inLanguage\":\"fi\"},{\"@type\":\"Person\",\"@id\":\"https:\/\/sey.fi\/kaakkois-suomi\/#\/schema\/person\/27347e716209da4e173eea894d8510a4\",\"name\":\"kasey\",\"image\":{\"@type\":\"ImageObject\",\"inLanguage\":\"fi\",\"@id\":\"https:\/\/sey.fi\/kaakkois-suomi\/#\/schema\/person\/image\/\",\"url\":\"https:\/\/secure.gravatar.com\/avatar\/1fc3d7174d1815bf1775f3e7361a0422ef85a4ba1f94d4f991c4adbbe1d006d9?s=96&d=mm&r=g\",\"contentUrl\":\"https:\/\/secure.gravatar.com\/avatar\/1fc3d7174d1815bf1775f3e7361a0422ef85a4ba1f94d4f991c4adbbe1d006d9?s=96&d=mm&r=g\",\"caption\":\"kasey\"},\"url\":\"https:\/\/sey.fi\/kaakkois-suomi\/author\/ksesy\/\"}]}<\/script>\n<!-- \/ Yoast SEO plugin. -->","yoast_head_json":{"title":"El\u00e4inkoti Pes\u00e4ll\u00e4 lomaillaan 9-15.3.2020 - Kaakkois-Suomen el\u00e4insuojeluyhdistys","robots":{"index":"index","follow":"follow","max-snippet":"max-snippet:-1","max-image-preview":"max-image-preview:large","max-video-preview":"max-video-preview:-1"},"canonical":"https:\/\/sey.fi\/kaakkois-suomi\/2020\/03\/05\/elainkoti-pesalla-lomaillaan-9-15-3-2020\/","og_locale":"fi_FI","og_type":"article","og_title":"El\u00e4inkoti Pes\u00e4ll\u00e4 lomaillaan 9-15.3.2020 - Kaakkois-Suomen el\u00e4insuojeluyhdistys","og_description":"El\u00e4inkoti Pes\u00e4ll\u00e4 vietet\u00e4\u00e4n talvilomaa 9-15.3.2020. Tuona aikana Pes\u00e4ll\u00e4 ei ole puhelinp\u00e4ivystyst\u00e4. El\u00e4imet hoidetaan loman aikana normaalisti. Loman aikana voitte olla yhteydess\u00e4 seuraaviin yhteystietoihin: Yhdistyksen yleiset asiat: Sanni M\u00e4ki\u00e4 p. 050 331 0689 \/&nbsp;kasey.koiravastaava(at)gmail.com Jenni Laamanen p. 050 555 1197 \/ kasey.kymenlaakso(at)gmail.com&nbsp; Luonnonvaraiset el\u00e4imetvastaava\u00a0Mirkka Nousiainenp.\u00a0050 555 1466 tai\u00a0mirkka.neuvoja(at)gmail.com\u00a0 El\u00e4inten hautausmaavastaava\u00a0Mia Kolehmainenkasey.hautausmaa(at)gmail.comp.\u00a0050 432 4942\u00a0 Lis\u00e4\u00e4 yhteystietoja l\u00f6yd\u00e4t [&hellip;]","og_url":"https:\/\/sey.fi\/kaakkois-suomi\/2020\/03\/05\/elainkoti-pesalla-lomaillaan-9-15-3-2020\/","og_site_name":"Kaakkois-Suomen el\u00e4insuojeluyhdistys","article_published_time":"2020-03-05T19:49:54+00:00","article_modified_time":"2020-03-05T20:09:18+00:00","author":"kasey","twitter_card":"summary_large_image","twitter_misc":{"Kirjoittanut":"kasey"},"schema":{"@context":"https:\/\/schema.org","@graph":[{"@type":"Article","@id":"https:\/\/sey.fi\/kaakkois-suomi\/2020\/03\/05\/elainkoti-pesalla-lomaillaan-9-15-3-2020\/#article","isPartOf":{"@id":"https:\/\/sey.fi\/kaakkois-suomi\/2020\/03\/05\/elainkoti-pesalla-lomaillaan-9-15-3-2020\/"},"author":{"name":"kasey","@id":"https:\/\/sey.fi\/kaakkois-suomi\/#\/schema\/person\/27347e716209da4e173eea894d8510a4"},"headline":"El\u00e4inkoti Pes\u00e4ll\u00e4 lomaillaan 9-15.3.2020","datePublished":"2020-03-05T19:49:54+00:00","dateModified":"2020-03-05T20:09:18+00:00","mainEntityOfPage":{"@id":"https:\/\/sey.fi\/kaakkois-suomi\/2020\/03\/05\/elainkoti-pesalla-lomaillaan-9-15-3-2020\/"},"wordCount":89,"inLanguage":"fi"},{"@type":"WebPage","@id":"https:\/\/sey.fi\/kaakkois-suomi\/2020\/03\/05\/elainkoti-pesalla-lomaillaan-9-15-3-2020\/","url":"https:\/\/sey.fi\/kaakkois-suomi\/2020\/03\/05\/elainkoti-pesalla-lomaillaan-9-15-3-2020\/","name":"El\u00e4inkoti Pes\u00e4ll\u00e4 lomaillaan 9-15.3.2020 - Kaakkois-Suomen el\u00e4insuojeluyhdistys","isPartOf":{"@id":"https:\/\/sey.fi\/kaakkois-suomi\/#website"},"datePublished":"2020-03-05T19:49:54+00:00","dateModified":"2020-03-05T20:09:18+00:00","author":{"@id":"https:\/\/sey.fi\/kaakkois-suomi\/#\/schema\/person\/27347e716209da4e173eea894d8510a4"},"breadcrumb":{"@id":"https:\/\/sey.fi\/kaakkois-suomi\/2020\/03\/05\/elainkoti-pesalla-lomaillaan-9-15-3-2020\/#breadcrumb"},"inLanguage":"fi","potentialAction":[{"@type":"ReadAction","target":["https:\/\/sey.fi\/kaakkois-suomi\/2020\/03\/05\/elainkoti-pesalla-lomaillaan-9-15-3-2020\/"]}]},{"@type":"BreadcrumbList","@id":"https:\/\/sey.fi\/kaakkois-suomi\/2020\/03\/05\/elainkoti-pesalla-lomaillaan-9-15-3-2020\/#breadcrumb","itemListElement":[{"@type":"ListItem","position":1,"name":"Home","item":"https:\/\/sey.fi\/kaakkois-suomi\/"},{"@type":"ListItem","position":2,"name":"El\u00e4inkoti Pes\u00e4ll\u00e4 lomaillaan 9-15.3.2020"}]},{"@type":"WebSite","@id":"https:\/\/sey.fi\/kaakkois-suomi\/#website","url":"https:\/\/sey.fi\/kaakkois-suomi\/","name":"Kaakkois-Suomen el\u00e4insuojeluyhdistys","description":"Uusi SEY J\u00e4senyhdistykset -sivusto","potentialAction":[{"@type":"SearchAction","target":{"@type":"EntryPoint","urlTemplate":"https:\/\/sey.fi\/kaakkois-suomi\/?s={search_term_string}"},"query-input":{"@type":"PropertyValueSpecification","valueRequired":true,"valueName":"search_term_string"}}],"inLanguage":"fi"},{"@type":"Person","@id":"https:\/\/sey.fi\/kaakkois-suomi\/#\/schema\/person\/27347e716209da4e173eea894d8510a4","name":"kasey","image":{"@type":"ImageObject","inLanguage":"fi","@id":"https:\/\/sey.fi\/kaakkois-suomi\/#\/schema\/person\/image\/","url":"https:\/\/secure.gravatar.com\/avatar\/1fc3d7174d1815bf1775f3e7361a0422ef85a4ba1f94d4f991c4adbbe1d006d9?s=96&d=mm&r=g","contentUrl":"https:\/\/secure.gravatar.com\/avatar\/1fc3d7174d1815bf1775f3e7361a0422ef85a4ba1f94d4f991c4adbbe1d006d9?s=96&d=mm&r=g","caption":"kasey"},"url":"https:\/\/sey.fi\/kaakkois-suomi\/author\/ksesy\/"}]}},"_links":{"self":[{"href":"https:\/\/sey.fi\/kaakkois-suomi\/wp-json\/wp\/v2\/posts\/770","targetHints":{"allow":["GET"]}}],"collection":[{"href":"https:\/\/sey.fi\/kaakkois-suomi\/wp-json\/wp\/v2\/posts"}],"about":[{"href":"https:\/\/sey.fi\/kaakkois-suomi\/wp-json\/wp\/v2\/types\/post"}],"author":[{"embeddable":true,"href":"https:\/\/sey.fi\/kaakkois-suomi\/wp-json\/wp\/v2\/users\/9"}],"replies":[{"embeddable":true,"href":"https:\/\/sey.fi\/kaakkois-suomi\/wp-json\/wp\/v2\/comments?post=770"}],"version-history":[{"count":4,"href":"https:\/\/sey.fi\/kaakkois-suomi\/wp-json\/wp\/v2\/posts\/770\/revisions"}],"predecessor-version":[{"id":775,"href":"https:\/\/sey.fi\/kaakkois-suomi\/wp-json\/wp\/v2\/posts\/770\/revisions\/775"}],"wp:attachment":[{"href":"https:\/\/sey.fi\/kaakkois-suomi\/wp-json\/wp\/v2\/media?parent=770"}],"wp:term":[{"taxonomy":"category","embeddable":true,"href":"https:\/\/sey.fi\/kaakkois-suomi\/wp-json\/wp\/v2\/categories?post=770"}],"curies":[{"name":"wp","href":"https:\/\/api.w.org\/{rel}","templated":true}]}}