{"id":116,"date":"2019-04-01T15:00:05","date_gmt":"2019-04-01T12:00:05","guid":{"rendered":"http:\/\/127.0.0.1\/lantisen-uudenmaan-elainsuojeluyhdistys\/?p=116"},"modified":"2020-11-17T10:29:35","modified_gmt":"2020-11-17T08:29:35","slug":"testiuutinen","status":"publish","type":"post","link":"https:\/\/sey.fi\/lantisen-uudenmaan-elainsuojeluyhdistys\/testiuutinen\/","title":{"rendered":"LUE ry aloittaa 1.4.2019 my\u00f6s Vihdin l\u00f6yt\u00f6el\u00e4inten vastaanottotahona"},"content":{"rendered":"\n<p>Jatkossa toimimme sek\u00e4 Karkkilan ett\u00e4 Vihdin virallisena l\u00f6yt\u00f6el\u00e4inten vastaanottotahona. Tilamme sijaitsevat Vihdin Kirkonkyl\u00e4ll\u00e4, osoitteessa Liukkaakuja 1, 03400 Vihti. <\/p>\n\n\n\n<p>Karkkilan kanssa sopimus l\u00f6yt\u00f6el\u00e4inten vastaanottamisesta on tehty jo aiemmin 1.1.2019.<\/p>\n\n\n\n<p>Toimintamme tueksi tarvitsemme lis\u00e4\u00e4 vapaaehtoisia. Tervetuloa mukaan iloiseen joukkoomme, l\u00e4het\u00e4 viesti\u00e4 vaikka Facebookissa.<\/p>\n","protected":false},"excerpt":{"rendered":"<p>Jatkossa toimimme sek\u00e4 Karkkilan ett\u00e4 Vihdin virallisena l\u00f6yt\u00f6el\u00e4inten vastaanottotahona. Tilamme sijaitsevat Vihdin Kirkonkyl\u00e4ll\u00e4, osoitteessa Liukkaakuja 1, 03400 Vihti. Karkkilan kanssa sopimus l\u00f6yt\u00f6el\u00e4inten vastaanottamisesta on tehty jo aiemmin 1.1.2019. Toimintamme tueksi tarvitsemme lis\u00e4\u00e4 vapaaehtoisia. Tervetuloa mukaan iloiseen joukkoomme, l\u00e4het\u00e4 viesti\u00e4 vaikka Facebookissa.<\/p>\n","protected":false},"author":1,"featured_media":0,"comment_status":"closed","ping_status":"closed","sticky":false,"template":"","format":"standard","meta":{"_acf_changed":false,"footnotes":""},"categories":[1],"class_list":["post-116","post","type-post","status-publish","format-standard","hentry","category-yleinen"],"acf":[],"yoast_head":"<!-- This site is optimized with the Yoast SEO plugin v27.1.1 - https:\/\/yoast.com\/product\/yoast-seo-wordpress\/ -->\n<title>LUE ry aloittaa 1.4.2019 my\u00f6s Vihdin l\u00f6yt\u00f6el\u00e4inten vastaanottotahona - L\u00e4ntisen Uudenmaan el\u00e4insuojeluyhdistys<\/title>\n<meta name=\"robots\" content=\"index, follow, max-snippet:-1, max-image-preview:large, max-video-preview:-1\" \/>\n<link rel=\"canonical\" href=\"https:\/\/sey.fi\/lantisen-uudenmaan-elainsuojeluyhdistys\/testiuutinen\/\" \/>\n<meta property=\"og:locale\" content=\"fi_FI\" \/>\n<meta property=\"og:type\" content=\"article\" \/>\n<meta property=\"og:title\" content=\"LUE ry aloittaa 1.4.2019 my\u00f6s Vihdin l\u00f6yt\u00f6el\u00e4inten vastaanottotahona - L\u00e4ntisen Uudenmaan el\u00e4insuojeluyhdistys\" \/>\n<meta property=\"og:description\" content=\"Jatkossa toimimme sek\u00e4 Karkkilan ett\u00e4 Vihdin virallisena l\u00f6yt\u00f6el\u00e4inten vastaanottotahona. Tilamme sijaitsevat Vihdin Kirkonkyl\u00e4ll\u00e4, osoitteessa Liukkaakuja 1, 03400 Vihti. Karkkilan kanssa sopimus l\u00f6yt\u00f6el\u00e4inten vastaanottamisesta on tehty jo aiemmin 1.1.2019. Toimintamme tueksi tarvitsemme lis\u00e4\u00e4 vapaaehtoisia. Tervetuloa mukaan iloiseen joukkoomme, l\u00e4het\u00e4 viesti\u00e4 vaikka Facebookissa.\" \/>\n<meta property=\"og:url\" content=\"https:\/\/sey.fi\/lantisen-uudenmaan-elainsuojeluyhdistys\/testiuutinen\/\" \/>\n<meta property=\"og:site_name\" content=\"L\u00e4ntisen Uudenmaan el\u00e4insuojeluyhdistys\" \/>\n<meta property=\"article:published_time\" content=\"2019-04-01T12:00:05+00:00\" \/>\n<meta property=\"article:modified_time\" content=\"2020-11-17T08:29:35+00:00\" \/>\n<meta name=\"author\" content=\"Joonas Ylitalo\" \/>\n<meta name=\"twitter:card\" content=\"summary_large_image\" \/>\n<meta name=\"twitter:label1\" content=\"Kirjoittanut\" \/>\n\t<meta name=\"twitter:data1\" content=\"Joonas Ylitalo\" \/>\n<script type=\"application\/ld+json\" class=\"yoast-schema-graph\">{\"@context\":\"https:\/\/schema.org\",\"@graph\":[{\"@type\":\"Article\",\"@id\":\"https:\/\/sey.fi\/lantisen-uudenmaan-elainsuojeluyhdistys\/testiuutinen\/#article\",\"isPartOf\":{\"@id\":\"https:\/\/sey.fi\/lantisen-uudenmaan-elainsuojeluyhdistys\/testiuutinen\/\"},\"author\":{\"name\":\"Joonas Ylitalo\",\"@id\":\"https:\/\/sey.fi\/lantisen-uudenmaan-elainsuojeluyhdistys\/#\/schema\/person\/a42c420da0bd7f5a515c89ca65af4008\"},\"headline\":\"LUE ry aloittaa 1.4.2019 my\u00f6s Vihdin l\u00f6yt\u00f6el\u00e4inten vastaanottotahona\",\"datePublished\":\"2019-04-01T12:00:05+00:00\",\"dateModified\":\"2020-11-17T08:29:35+00:00\",\"mainEntityOfPage\":{\"@id\":\"https:\/\/sey.fi\/lantisen-uudenmaan-elainsuojeluyhdistys\/testiuutinen\/\"},\"wordCount\":57,\"inLanguage\":\"fi\"},{\"@type\":\"WebPage\",\"@id\":\"https:\/\/sey.fi\/lantisen-uudenmaan-elainsuojeluyhdistys\/testiuutinen\/\",\"url\":\"https:\/\/sey.fi\/lantisen-uudenmaan-elainsuojeluyhdistys\/testiuutinen\/\",\"name\":\"LUE ry aloittaa 1.4.2019 my\u00f6s Vihdin l\u00f6yt\u00f6el\u00e4inten vastaanottotahona - L\u00e4ntisen Uudenmaan el\u00e4insuojeluyhdistys\",\"isPartOf\":{\"@id\":\"https:\/\/sey.fi\/lantisen-uudenmaan-elainsuojeluyhdistys\/#website\"},\"datePublished\":\"2019-04-01T12:00:05+00:00\",\"dateModified\":\"2020-11-17T08:29:35+00:00\",\"author\":{\"@id\":\"https:\/\/sey.fi\/lantisen-uudenmaan-elainsuojeluyhdistys\/#\/schema\/person\/a42c420da0bd7f5a515c89ca65af4008\"},\"breadcrumb\":{\"@id\":\"https:\/\/sey.fi\/lantisen-uudenmaan-elainsuojeluyhdistys\/testiuutinen\/#breadcrumb\"},\"inLanguage\":\"fi\",\"potentialAction\":[{\"@type\":\"ReadAction\",\"target\":[\"https:\/\/sey.fi\/lantisen-uudenmaan-elainsuojeluyhdistys\/testiuutinen\/\"]}]},{\"@type\":\"BreadcrumbList\",\"@id\":\"https:\/\/sey.fi\/lantisen-uudenmaan-elainsuojeluyhdistys\/testiuutinen\/#breadcrumb\",\"itemListElement\":[{\"@type\":\"ListItem\",\"position\":1,\"name\":\"Home\",\"item\":\"https:\/\/sey.fi\/lantisen-uudenmaan-elainsuojeluyhdistys\/\"},{\"@type\":\"ListItem\",\"position\":2,\"name\":\"LUE ry aloittaa 1.4.2019 my\u00f6s Vihdin l\u00f6yt\u00f6el\u00e4inten vastaanottotahona\"}]},{\"@type\":\"WebSite\",\"@id\":\"https:\/\/sey.fi\/lantisen-uudenmaan-elainsuojeluyhdistys\/#website\",\"url\":\"https:\/\/sey.fi\/lantisen-uudenmaan-elainsuojeluyhdistys\/\",\"name\":\"L\u00e4ntisen Uudenmaan el\u00e4insuojeluyhdistys\",\"description\":\"Uusi SEY J\u00e4senyhdistykset -sivusto\",\"potentialAction\":[{\"@type\":\"SearchAction\",\"target\":{\"@type\":\"EntryPoint\",\"urlTemplate\":\"https:\/\/sey.fi\/lantisen-uudenmaan-elainsuojeluyhdistys\/?s={search_term_string}\"},\"query-input\":{\"@type\":\"PropertyValueSpecification\",\"valueRequired\":true,\"valueName\":\"search_term_string\"}}],\"inLanguage\":\"fi\"},{\"@type\":\"Person\",\"@id\":\"https:\/\/sey.fi\/lantisen-uudenmaan-elainsuojeluyhdistys\/#\/schema\/person\/a42c420da0bd7f5a515c89ca65af4008\",\"name\":\"Joonas Ylitalo\",\"image\":{\"@type\":\"ImageObject\",\"inLanguage\":\"fi\",\"@id\":\"https:\/\/sey.fi\/lantisen-uudenmaan-elainsuojeluyhdistys\/#\/schema\/person\/image\/\",\"url\":\"https:\/\/secure.gravatar.com\/avatar\/deca10238b1a8aad39b527f26cfe4ce4f9a8affad032c8141ae4471de5fc9fab?s=96&d=mm&r=g\",\"contentUrl\":\"https:\/\/secure.gravatar.com\/avatar\/deca10238b1a8aad39b527f26cfe4ce4f9a8affad032c8141ae4471de5fc9fab?s=96&d=mm&r=g\",\"caption\":\"Joonas Ylitalo\"},\"url\":\"https:\/\/sey.fi\/lantisen-uudenmaan-elainsuojeluyhdistys\/author\/mscadmin\/\"}]}<\/script>\n<!-- \/ Yoast SEO plugin. -->","yoast_head_json":{"title":"LUE ry aloittaa 1.4.2019 my\u00f6s Vihdin l\u00f6yt\u00f6el\u00e4inten vastaanottotahona - L\u00e4ntisen Uudenmaan el\u00e4insuojeluyhdistys","robots":{"index":"index","follow":"follow","max-snippet":"max-snippet:-1","max-image-preview":"max-image-preview:large","max-video-preview":"max-video-preview:-1"},"canonical":"https:\/\/sey.fi\/lantisen-uudenmaan-elainsuojeluyhdistys\/testiuutinen\/","og_locale":"fi_FI","og_type":"article","og_title":"LUE ry aloittaa 1.4.2019 my\u00f6s Vihdin l\u00f6yt\u00f6el\u00e4inten vastaanottotahona - L\u00e4ntisen Uudenmaan el\u00e4insuojeluyhdistys","og_description":"Jatkossa toimimme sek\u00e4 Karkkilan ett\u00e4 Vihdin virallisena l\u00f6yt\u00f6el\u00e4inten vastaanottotahona. Tilamme sijaitsevat Vihdin Kirkonkyl\u00e4ll\u00e4, osoitteessa Liukkaakuja 1, 03400 Vihti. Karkkilan kanssa sopimus l\u00f6yt\u00f6el\u00e4inten vastaanottamisesta on tehty jo aiemmin 1.1.2019. Toimintamme tueksi tarvitsemme lis\u00e4\u00e4 vapaaehtoisia. Tervetuloa mukaan iloiseen joukkoomme, l\u00e4het\u00e4 viesti\u00e4 vaikka Facebookissa.","og_url":"https:\/\/sey.fi\/lantisen-uudenmaan-elainsuojeluyhdistys\/testiuutinen\/","og_site_name":"L\u00e4ntisen Uudenmaan el\u00e4insuojeluyhdistys","article_published_time":"2019-04-01T12:00:05+00:00","article_modified_time":"2020-11-17T08:29:35+00:00","author":"Joonas Ylitalo","twitter_card":"summary_large_image","twitter_misc":{"Kirjoittanut":"Joonas Ylitalo"},"schema":{"@context":"https:\/\/schema.org","@graph":[{"@type":"Article","@id":"https:\/\/sey.fi\/lantisen-uudenmaan-elainsuojeluyhdistys\/testiuutinen\/#article","isPartOf":{"@id":"https:\/\/sey.fi\/lantisen-uudenmaan-elainsuojeluyhdistys\/testiuutinen\/"},"author":{"name":"Joonas Ylitalo","@id":"https:\/\/sey.fi\/lantisen-uudenmaan-elainsuojeluyhdistys\/#\/schema\/person\/a42c420da0bd7f5a515c89ca65af4008"},"headline":"LUE ry aloittaa 1.4.2019 my\u00f6s Vihdin l\u00f6yt\u00f6el\u00e4inten vastaanottotahona","datePublished":"2019-04-01T12:00:05+00:00","dateModified":"2020-11-17T08:29:35+00:00","mainEntityOfPage":{"@id":"https:\/\/sey.fi\/lantisen-uudenmaan-elainsuojeluyhdistys\/testiuutinen\/"},"wordCount":57,"inLanguage":"fi"},{"@type":"WebPage","@id":"https:\/\/sey.fi\/lantisen-uudenmaan-elainsuojeluyhdistys\/testiuutinen\/","url":"https:\/\/sey.fi\/lantisen-uudenmaan-elainsuojeluyhdistys\/testiuutinen\/","name":"LUE ry aloittaa 1.4.2019 my\u00f6s Vihdin l\u00f6yt\u00f6el\u00e4inten vastaanottotahona - L\u00e4ntisen Uudenmaan el\u00e4insuojeluyhdistys","isPartOf":{"@id":"https:\/\/sey.fi\/lantisen-uudenmaan-elainsuojeluyhdistys\/#website"},"datePublished":"2019-04-01T12:00:05+00:00","dateModified":"2020-11-17T08:29:35+00:00","author":{"@id":"https:\/\/sey.fi\/lantisen-uudenmaan-elainsuojeluyhdistys\/#\/schema\/person\/a42c420da0bd7f5a515c89ca65af4008"},"breadcrumb":{"@id":"https:\/\/sey.fi\/lantisen-uudenmaan-elainsuojeluyhdistys\/testiuutinen\/#breadcrumb"},"inLanguage":"fi","potentialAction":[{"@type":"ReadAction","target":["https:\/\/sey.fi\/lantisen-uudenmaan-elainsuojeluyhdistys\/testiuutinen\/"]}]},{"@type":"BreadcrumbList","@id":"https:\/\/sey.fi\/lantisen-uudenmaan-elainsuojeluyhdistys\/testiuutinen\/#breadcrumb","itemListElement":[{"@type":"ListItem","position":1,"name":"Home","item":"https:\/\/sey.fi\/lantisen-uudenmaan-elainsuojeluyhdistys\/"},{"@type":"ListItem","position":2,"name":"LUE ry aloittaa 1.4.2019 my\u00f6s Vihdin l\u00f6yt\u00f6el\u00e4inten vastaanottotahona"}]},{"@type":"WebSite","@id":"https:\/\/sey.fi\/lantisen-uudenmaan-elainsuojeluyhdistys\/#website","url":"https:\/\/sey.fi\/lantisen-uudenmaan-elainsuojeluyhdistys\/","name":"L\u00e4ntisen Uudenmaan el\u00e4insuojeluyhdistys","description":"Uusi SEY J\u00e4senyhdistykset -sivusto","potentialAction":[{"@type":"SearchAction","target":{"@type":"EntryPoint","urlTemplate":"https:\/\/sey.fi\/lantisen-uudenmaan-elainsuojeluyhdistys\/?s={search_term_string}"},"query-input":{"@type":"PropertyValueSpecification","valueRequired":true,"valueName":"search_term_string"}}],"inLanguage":"fi"},{"@type":"Person","@id":"https:\/\/sey.fi\/lantisen-uudenmaan-elainsuojeluyhdistys\/#\/schema\/person\/a42c420da0bd7f5a515c89ca65af4008","name":"Joonas Ylitalo","image":{"@type":"ImageObject","inLanguage":"fi","@id":"https:\/\/sey.fi\/lantisen-uudenmaan-elainsuojeluyhdistys\/#\/schema\/person\/image\/","url":"https:\/\/secure.gravatar.com\/avatar\/deca10238b1a8aad39b527f26cfe4ce4f9a8affad032c8141ae4471de5fc9fab?s=96&d=mm&r=g","contentUrl":"https:\/\/secure.gravatar.com\/avatar\/deca10238b1a8aad39b527f26cfe4ce4f9a8affad032c8141ae4471de5fc9fab?s=96&d=mm&r=g","caption":"Joonas Ylitalo"},"url":"https:\/\/sey.fi\/lantisen-uudenmaan-elainsuojeluyhdistys\/author\/mscadmin\/"}]}},"_links":{"self":[{"href":"https:\/\/sey.fi\/lantisen-uudenmaan-elainsuojeluyhdistys\/wp-json\/wp\/v2\/posts\/116","targetHints":{"allow":["GET"]}}],"collection":[{"href":"https:\/\/sey.fi\/lantisen-uudenmaan-elainsuojeluyhdistys\/wp-json\/wp\/v2\/posts"}],"about":[{"href":"https:\/\/sey.fi\/lantisen-uudenmaan-elainsuojeluyhdistys\/wp-json\/wp\/v2\/types\/post"}],"author":[{"embeddable":true,"href":"https:\/\/sey.fi\/lantisen-uudenmaan-elainsuojeluyhdistys\/wp-json\/wp\/v2\/users\/1"}],"replies":[{"embeddable":true,"href":"https:\/\/sey.fi\/lantisen-uudenmaan-elainsuojeluyhdistys\/wp-json\/wp\/v2\/comments?post=116"}],"version-history":[{"count":4,"href":"https:\/\/sey.fi\/lantisen-uudenmaan-elainsuojeluyhdistys\/wp-json\/wp\/v2\/posts\/116\/revisions"}],"predecessor-version":[{"id":501,"href":"https:\/\/sey.fi\/lantisen-uudenmaan-elainsuojeluyhdistys\/wp-json\/wp\/v2\/posts\/116\/revisions\/501"}],"wp:attachment":[{"href":"https:\/\/sey.fi\/lantisen-uudenmaan-elainsuojeluyhdistys\/wp-json\/wp\/v2\/media?parent=116"}],"wp:term":[{"taxonomy":"category","embeddable":true,"href":"https:\/\/sey.fi\/lantisen-uudenmaan-elainsuojeluyhdistys\/wp-json\/wp\/v2\/categories?post=116"}],"curies":[{"name":"wp","href":"https:\/\/api.w.org\/{rel}","templated":true}]}}