{"id":578,"date":"2021-04-20T17:36:37","date_gmt":"2021-04-20T14:36:37","guid":{"rendered":"https:\/\/sey.fi\/lantisen-uudenmaan-elainsuojeluyhdistys\/?p=578"},"modified":"2021-04-20T17:36:39","modified_gmt":"2021-04-20T14:36:39","slug":"loytoelaintalomme-toimii-taas-liukkaankuja-1ssa","status":"publish","type":"post","link":"https:\/\/sey.fi\/lantisen-uudenmaan-elainsuojeluyhdistys\/loytoelaintalomme-toimii-taas-liukkaankuja-1ssa\/","title":{"rendered":"L\u00f6yt\u00f6el\u00e4intalomme toimii taas Liukkaankuja 1:ss\u00e4"},"content":{"rendered":"\n<p>V\u00e4ist\u00f6tiloista on palattu kotiin! Asukit selvisiv\u00e4t hyvin muutosta ja kurkistelevat jo innokkaina kev\u00e4tauringon s\u00e4teit\u00e4 ikkunoista. <\/p>\n\n\n\n<p>Korona-tilanteen vuoksi emme viel\u00e4k\u00e4\u00e4n voi ottaa vastaan vierailijoita tai j\u00e4rjest\u00e4\u00e4 avoimia ovia. Jospa kes\u00e4n l\u00e4hestyess\u00e4 t\u00e4m\u00e4kin tilanne muuttuisi parempaan p\u00e4in.<\/p>\n","protected":false},"excerpt":{"rendered":"<p>V\u00e4ist\u00f6tiloista on palattu kotiin! Asukit selvisiv\u00e4t hyvin muutosta ja kurkistelevat jo innokkaina kev\u00e4tauringon s\u00e4teit\u00e4 ikkunoista. Korona-tilanteen vuoksi emme viel\u00e4k\u00e4\u00e4n voi ottaa vastaan vierailijoita tai j\u00e4rjest\u00e4\u00e4 avoimia ovia. Jospa kes\u00e4n l\u00e4hestyess\u00e4 t\u00e4m\u00e4kin tilanne muuttuisi parempaan p\u00e4in.<\/p>\n","protected":false},"author":10,"featured_media":0,"comment_status":"closed","ping_status":"closed","sticky":false,"template":"","format":"standard","meta":{"_acf_changed":false,"footnotes":""},"categories":[1],"class_list":["post-578","post","type-post","status-publish","format-standard","hentry","category-yleinen"],"acf":[],"yoast_head":"<!-- This site is optimized with the Yoast SEO plugin v27.1.1 - https:\/\/yoast.com\/product\/yoast-seo-wordpress\/ -->\n<title>L\u00f6yt\u00f6el\u00e4intalomme toimii taas Liukkaankuja 1:ss\u00e4 - L\u00e4ntisen Uudenmaan el\u00e4insuojeluyhdistys<\/title>\n<meta name=\"robots\" content=\"index, follow, max-snippet:-1, max-image-preview:large, max-video-preview:-1\" \/>\n<link rel=\"canonical\" href=\"https:\/\/sey.fi\/lantisen-uudenmaan-elainsuojeluyhdistys\/loytoelaintalomme-toimii-taas-liukkaankuja-1ssa\/\" \/>\n<meta property=\"og:locale\" content=\"fi_FI\" \/>\n<meta property=\"og:type\" content=\"article\" \/>\n<meta property=\"og:title\" content=\"L\u00f6yt\u00f6el\u00e4intalomme toimii taas Liukkaankuja 1:ss\u00e4 - L\u00e4ntisen Uudenmaan el\u00e4insuojeluyhdistys\" \/>\n<meta property=\"og:description\" content=\"V\u00e4ist\u00f6tiloista on palattu kotiin! Asukit selvisiv\u00e4t hyvin muutosta ja kurkistelevat jo innokkaina kev\u00e4tauringon s\u00e4teit\u00e4 ikkunoista. Korona-tilanteen vuoksi emme viel\u00e4k\u00e4\u00e4n voi ottaa vastaan vierailijoita tai j\u00e4rjest\u00e4\u00e4 avoimia ovia. Jospa kes\u00e4n l\u00e4hestyess\u00e4 t\u00e4m\u00e4kin tilanne muuttuisi parempaan p\u00e4in.\" \/>\n<meta property=\"og:url\" content=\"https:\/\/sey.fi\/lantisen-uudenmaan-elainsuojeluyhdistys\/loytoelaintalomme-toimii-taas-liukkaankuja-1ssa\/\" \/>\n<meta property=\"og:site_name\" content=\"L\u00e4ntisen Uudenmaan el\u00e4insuojeluyhdistys\" \/>\n<meta property=\"article:author\" content=\"https:\/\/www.facebook.com\/Lntisen-Uudenmaan-elinsuojeluyhdistys-LUE-ry-259052924693637\/\" \/>\n<meta property=\"article:published_time\" content=\"2021-04-20T14:36:37+00:00\" \/>\n<meta property=\"article:modified_time\" content=\"2021-04-20T14:36:39+00:00\" \/>\n<meta name=\"author\" content=\"lantinenuusimaa\" \/>\n<meta name=\"twitter:card\" content=\"summary_large_image\" \/>\n<meta name=\"twitter:label1\" content=\"Kirjoittanut\" \/>\n\t<meta name=\"twitter:data1\" content=\"lantinenuusimaa\" \/>\n<script type=\"application\/ld+json\" class=\"yoast-schema-graph\">{\"@context\":\"https:\/\/schema.org\",\"@graph\":[{\"@type\":\"Article\",\"@id\":\"https:\/\/sey.fi\/lantisen-uudenmaan-elainsuojeluyhdistys\/loytoelaintalomme-toimii-taas-liukkaankuja-1ssa\/#article\",\"isPartOf\":{\"@id\":\"https:\/\/sey.fi\/lantisen-uudenmaan-elainsuojeluyhdistys\/loytoelaintalomme-toimii-taas-liukkaankuja-1ssa\/\"},\"author\":{\"name\":\"lantinenuusimaa\",\"@id\":\"https:\/\/sey.fi\/lantisen-uudenmaan-elainsuojeluyhdistys\/#\/schema\/person\/2c3996172875d8a1100bb6c245867996\"},\"headline\":\"L\u00f6yt\u00f6el\u00e4intalomme toimii taas Liukkaankuja 1:ss\u00e4\",\"datePublished\":\"2021-04-20T14:36:37+00:00\",\"dateModified\":\"2021-04-20T14:36:39+00:00\",\"mainEntityOfPage\":{\"@id\":\"https:\/\/sey.fi\/lantisen-uudenmaan-elainsuojeluyhdistys\/loytoelaintalomme-toimii-taas-liukkaankuja-1ssa\/\"},\"wordCount\":56,\"inLanguage\":\"fi\"},{\"@type\":\"WebPage\",\"@id\":\"https:\/\/sey.fi\/lantisen-uudenmaan-elainsuojeluyhdistys\/loytoelaintalomme-toimii-taas-liukkaankuja-1ssa\/\",\"url\":\"https:\/\/sey.fi\/lantisen-uudenmaan-elainsuojeluyhdistys\/loytoelaintalomme-toimii-taas-liukkaankuja-1ssa\/\",\"name\":\"L\u00f6yt\u00f6el\u00e4intalomme toimii taas Liukkaankuja 1:ss\u00e4 - L\u00e4ntisen Uudenmaan el\u00e4insuojeluyhdistys\",\"isPartOf\":{\"@id\":\"https:\/\/sey.fi\/lantisen-uudenmaan-elainsuojeluyhdistys\/#website\"},\"datePublished\":\"2021-04-20T14:36:37+00:00\",\"dateModified\":\"2021-04-20T14:36:39+00:00\",\"author\":{\"@id\":\"https:\/\/sey.fi\/lantisen-uudenmaan-elainsuojeluyhdistys\/#\/schema\/person\/2c3996172875d8a1100bb6c245867996\"},\"breadcrumb\":{\"@id\":\"https:\/\/sey.fi\/lantisen-uudenmaan-elainsuojeluyhdistys\/loytoelaintalomme-toimii-taas-liukkaankuja-1ssa\/#breadcrumb\"},\"inLanguage\":\"fi\",\"potentialAction\":[{\"@type\":\"ReadAction\",\"target\":[\"https:\/\/sey.fi\/lantisen-uudenmaan-elainsuojeluyhdistys\/loytoelaintalomme-toimii-taas-liukkaankuja-1ssa\/\"]}]},{\"@type\":\"BreadcrumbList\",\"@id\":\"https:\/\/sey.fi\/lantisen-uudenmaan-elainsuojeluyhdistys\/loytoelaintalomme-toimii-taas-liukkaankuja-1ssa\/#breadcrumb\",\"itemListElement\":[{\"@type\":\"ListItem\",\"position\":1,\"name\":\"Home\",\"item\":\"https:\/\/sey.fi\/lantisen-uudenmaan-elainsuojeluyhdistys\/\"},{\"@type\":\"ListItem\",\"position\":2,\"name\":\"L\u00f6yt\u00f6el\u00e4intalomme toimii taas Liukkaankuja 1:ss\u00e4\"}]},{\"@type\":\"WebSite\",\"@id\":\"https:\/\/sey.fi\/lantisen-uudenmaan-elainsuojeluyhdistys\/#website\",\"url\":\"https:\/\/sey.fi\/lantisen-uudenmaan-elainsuojeluyhdistys\/\",\"name\":\"L\u00e4ntisen Uudenmaan el\u00e4insuojeluyhdistys\",\"description\":\"Uusi SEY J\u00e4senyhdistykset -sivusto\",\"potentialAction\":[{\"@type\":\"SearchAction\",\"target\":{\"@type\":\"EntryPoint\",\"urlTemplate\":\"https:\/\/sey.fi\/lantisen-uudenmaan-elainsuojeluyhdistys\/?s={search_term_string}\"},\"query-input\":{\"@type\":\"PropertyValueSpecification\",\"valueRequired\":true,\"valueName\":\"search_term_string\"}}],\"inLanguage\":\"fi\"},{\"@type\":\"Person\",\"@id\":\"https:\/\/sey.fi\/lantisen-uudenmaan-elainsuojeluyhdistys\/#\/schema\/person\/2c3996172875d8a1100bb6c245867996\",\"name\":\"lantinenuusimaa\",\"image\":{\"@type\":\"ImageObject\",\"inLanguage\":\"fi\",\"@id\":\"https:\/\/sey.fi\/lantisen-uudenmaan-elainsuojeluyhdistys\/#\/schema\/person\/image\/\",\"url\":\"https:\/\/secure.gravatar.com\/avatar\/8d2b81e2022c7a0a1345d681c3778a286784a2a6f2c1e7a625a71ad758db0dba?s=96&d=mm&r=g\",\"contentUrl\":\"https:\/\/secure.gravatar.com\/avatar\/8d2b81e2022c7a0a1345d681c3778a286784a2a6f2c1e7a625a71ad758db0dba?s=96&d=mm&r=g\",\"caption\":\"lantinenuusimaa\"},\"sameAs\":[\"https:\/\/www.facebook.com\/Lntisen-Uudenmaan-elinsuojeluyhdistys-LUE-ry-259052924693637\/\"],\"url\":\"https:\/\/sey.fi\/lantisen-uudenmaan-elainsuojeluyhdistys\/author\/lantinenuusimaa\/\"}]}<\/script>\n<!-- \/ Yoast SEO plugin. -->","yoast_head_json":{"title":"L\u00f6yt\u00f6el\u00e4intalomme toimii taas Liukkaankuja 1:ss\u00e4 - L\u00e4ntisen Uudenmaan el\u00e4insuojeluyhdistys","robots":{"index":"index","follow":"follow","max-snippet":"max-snippet:-1","max-image-preview":"max-image-preview:large","max-video-preview":"max-video-preview:-1"},"canonical":"https:\/\/sey.fi\/lantisen-uudenmaan-elainsuojeluyhdistys\/loytoelaintalomme-toimii-taas-liukkaankuja-1ssa\/","og_locale":"fi_FI","og_type":"article","og_title":"L\u00f6yt\u00f6el\u00e4intalomme toimii taas Liukkaankuja 1:ss\u00e4 - L\u00e4ntisen Uudenmaan el\u00e4insuojeluyhdistys","og_description":"V\u00e4ist\u00f6tiloista on palattu kotiin! Asukit selvisiv\u00e4t hyvin muutosta ja kurkistelevat jo innokkaina kev\u00e4tauringon s\u00e4teit\u00e4 ikkunoista. Korona-tilanteen vuoksi emme viel\u00e4k\u00e4\u00e4n voi ottaa vastaan vierailijoita tai j\u00e4rjest\u00e4\u00e4 avoimia ovia. Jospa kes\u00e4n l\u00e4hestyess\u00e4 t\u00e4m\u00e4kin tilanne muuttuisi parempaan p\u00e4in.","og_url":"https:\/\/sey.fi\/lantisen-uudenmaan-elainsuojeluyhdistys\/loytoelaintalomme-toimii-taas-liukkaankuja-1ssa\/","og_site_name":"L\u00e4ntisen Uudenmaan el\u00e4insuojeluyhdistys","article_author":"https:\/\/www.facebook.com\/Lntisen-Uudenmaan-elinsuojeluyhdistys-LUE-ry-259052924693637\/","article_published_time":"2021-04-20T14:36:37+00:00","article_modified_time":"2021-04-20T14:36:39+00:00","author":"lantinenuusimaa","twitter_card":"summary_large_image","twitter_misc":{"Kirjoittanut":"lantinenuusimaa"},"schema":{"@context":"https:\/\/schema.org","@graph":[{"@type":"Article","@id":"https:\/\/sey.fi\/lantisen-uudenmaan-elainsuojeluyhdistys\/loytoelaintalomme-toimii-taas-liukkaankuja-1ssa\/#article","isPartOf":{"@id":"https:\/\/sey.fi\/lantisen-uudenmaan-elainsuojeluyhdistys\/loytoelaintalomme-toimii-taas-liukkaankuja-1ssa\/"},"author":{"name":"lantinenuusimaa","@id":"https:\/\/sey.fi\/lantisen-uudenmaan-elainsuojeluyhdistys\/#\/schema\/person\/2c3996172875d8a1100bb6c245867996"},"headline":"L\u00f6yt\u00f6el\u00e4intalomme toimii taas Liukkaankuja 1:ss\u00e4","datePublished":"2021-04-20T14:36:37+00:00","dateModified":"2021-04-20T14:36:39+00:00","mainEntityOfPage":{"@id":"https:\/\/sey.fi\/lantisen-uudenmaan-elainsuojeluyhdistys\/loytoelaintalomme-toimii-taas-liukkaankuja-1ssa\/"},"wordCount":56,"inLanguage":"fi"},{"@type":"WebPage","@id":"https:\/\/sey.fi\/lantisen-uudenmaan-elainsuojeluyhdistys\/loytoelaintalomme-toimii-taas-liukkaankuja-1ssa\/","url":"https:\/\/sey.fi\/lantisen-uudenmaan-elainsuojeluyhdistys\/loytoelaintalomme-toimii-taas-liukkaankuja-1ssa\/","name":"L\u00f6yt\u00f6el\u00e4intalomme toimii taas Liukkaankuja 1:ss\u00e4 - L\u00e4ntisen Uudenmaan el\u00e4insuojeluyhdistys","isPartOf":{"@id":"https:\/\/sey.fi\/lantisen-uudenmaan-elainsuojeluyhdistys\/#website"},"datePublished":"2021-04-20T14:36:37+00:00","dateModified":"2021-04-20T14:36:39+00:00","author":{"@id":"https:\/\/sey.fi\/lantisen-uudenmaan-elainsuojeluyhdistys\/#\/schema\/person\/2c3996172875d8a1100bb6c245867996"},"breadcrumb":{"@id":"https:\/\/sey.fi\/lantisen-uudenmaan-elainsuojeluyhdistys\/loytoelaintalomme-toimii-taas-liukkaankuja-1ssa\/#breadcrumb"},"inLanguage":"fi","potentialAction":[{"@type":"ReadAction","target":["https:\/\/sey.fi\/lantisen-uudenmaan-elainsuojeluyhdistys\/loytoelaintalomme-toimii-taas-liukkaankuja-1ssa\/"]}]},{"@type":"BreadcrumbList","@id":"https:\/\/sey.fi\/lantisen-uudenmaan-elainsuojeluyhdistys\/loytoelaintalomme-toimii-taas-liukkaankuja-1ssa\/#breadcrumb","itemListElement":[{"@type":"ListItem","position":1,"name":"Home","item":"https:\/\/sey.fi\/lantisen-uudenmaan-elainsuojeluyhdistys\/"},{"@type":"ListItem","position":2,"name":"L\u00f6yt\u00f6el\u00e4intalomme toimii taas Liukkaankuja 1:ss\u00e4"}]},{"@type":"WebSite","@id":"https:\/\/sey.fi\/lantisen-uudenmaan-elainsuojeluyhdistys\/#website","url":"https:\/\/sey.fi\/lantisen-uudenmaan-elainsuojeluyhdistys\/","name":"L\u00e4ntisen Uudenmaan el\u00e4insuojeluyhdistys","description":"Uusi SEY J\u00e4senyhdistykset -sivusto","potentialAction":[{"@type":"SearchAction","target":{"@type":"EntryPoint","urlTemplate":"https:\/\/sey.fi\/lantisen-uudenmaan-elainsuojeluyhdistys\/?s={search_term_string}"},"query-input":{"@type":"PropertyValueSpecification","valueRequired":true,"valueName":"search_term_string"}}],"inLanguage":"fi"},{"@type":"Person","@id":"https:\/\/sey.fi\/lantisen-uudenmaan-elainsuojeluyhdistys\/#\/schema\/person\/2c3996172875d8a1100bb6c245867996","name":"lantinenuusimaa","image":{"@type":"ImageObject","inLanguage":"fi","@id":"https:\/\/sey.fi\/lantisen-uudenmaan-elainsuojeluyhdistys\/#\/schema\/person\/image\/","url":"https:\/\/secure.gravatar.com\/avatar\/8d2b81e2022c7a0a1345d681c3778a286784a2a6f2c1e7a625a71ad758db0dba?s=96&d=mm&r=g","contentUrl":"https:\/\/secure.gravatar.com\/avatar\/8d2b81e2022c7a0a1345d681c3778a286784a2a6f2c1e7a625a71ad758db0dba?s=96&d=mm&r=g","caption":"lantinenuusimaa"},"sameAs":["https:\/\/www.facebook.com\/Lntisen-Uudenmaan-elinsuojeluyhdistys-LUE-ry-259052924693637\/"],"url":"https:\/\/sey.fi\/lantisen-uudenmaan-elainsuojeluyhdistys\/author\/lantinenuusimaa\/"}]}},"_links":{"self":[{"href":"https:\/\/sey.fi\/lantisen-uudenmaan-elainsuojeluyhdistys\/wp-json\/wp\/v2\/posts\/578","targetHints":{"allow":["GET"]}}],"collection":[{"href":"https:\/\/sey.fi\/lantisen-uudenmaan-elainsuojeluyhdistys\/wp-json\/wp\/v2\/posts"}],"about":[{"href":"https:\/\/sey.fi\/lantisen-uudenmaan-elainsuojeluyhdistys\/wp-json\/wp\/v2\/types\/post"}],"author":[{"embeddable":true,"href":"https:\/\/sey.fi\/lantisen-uudenmaan-elainsuojeluyhdistys\/wp-json\/wp\/v2\/users\/10"}],"replies":[{"embeddable":true,"href":"https:\/\/sey.fi\/lantisen-uudenmaan-elainsuojeluyhdistys\/wp-json\/wp\/v2\/comments?post=578"}],"version-history":[{"count":1,"href":"https:\/\/sey.fi\/lantisen-uudenmaan-elainsuojeluyhdistys\/wp-json\/wp\/v2\/posts\/578\/revisions"}],"predecessor-version":[{"id":579,"href":"https:\/\/sey.fi\/lantisen-uudenmaan-elainsuojeluyhdistys\/wp-json\/wp\/v2\/posts\/578\/revisions\/579"}],"wp:attachment":[{"href":"https:\/\/sey.fi\/lantisen-uudenmaan-elainsuojeluyhdistys\/wp-json\/wp\/v2\/media?parent=578"}],"wp:term":[{"taxonomy":"category","embeddable":true,"href":"https:\/\/sey.fi\/lantisen-uudenmaan-elainsuojeluyhdistys\/wp-json\/wp\/v2\/categories?post=578"}],"curies":[{"name":"wp","href":"https:\/\/api.w.org\/{rel}","templated":true}]}}