{"id":915,"date":"2023-05-09T11:17:36","date_gmt":"2023-05-09T08:17:36","guid":{"rendered":"https:\/\/sey.fi\/lantisen-uudenmaan-elainsuojeluyhdistys\/?p=915"},"modified":"2023-06-13T15:44:41","modified_gmt":"2023-06-13T12:44:41","slug":"lue-ry-vuosikokous-pe-19-5-2023","status":"publish","type":"post","link":"https:\/\/sey.fi\/lantisen-uudenmaan-elainsuojeluyhdistys\/lue-ry-vuosikokous-pe-19-5-2023\/","title":{"rendered":"LUE ry vuosikokous ti 27.6.2023"},"content":{"rendered":"\n<p>Vuosikokousaika on muuttunut. Vuosikokous j\u00e4rjestet\u00e4\u00e4n l\u00f6yt\u00f6el\u00e4intalollamme, osoitteessa <a href=\"https:\/\/goo.gl\/maps\/s81q1y1p2M39F56L6?coh=178571&amp;entry=tt\">Liukkaankuja 1, 03400 Vihti<\/a> <strong>ti 27.6.2023 klo 18.30 alkaen<\/strong>. Tervetuloa mukaan uudet ja nykyiset j\u00e4senet!<\/p>\n","protected":false},"excerpt":{"rendered":"<p>Vuosikokousaika on muuttunut. Vuosikokous j\u00e4rjestet\u00e4\u00e4n l\u00f6yt\u00f6el\u00e4intalollamme, osoitteessa Liukkaankuja 1, 03400 Vihti ti 27.6.2023 klo 18.30 alkaen. Tervetuloa mukaan uudet ja nykyiset j\u00e4senet!<\/p>\n","protected":false},"author":10,"featured_media":0,"comment_status":"closed","ping_status":"closed","sticky":false,"template":"","format":"standard","meta":{"_acf_changed":false,"footnotes":""},"categories":[1],"class_list":["post-915","post","type-post","status-publish","format-standard","hentry","category-yleinen"],"acf":[],"yoast_head":"<!-- This site is optimized with the Yoast SEO plugin v27.1.1 - https:\/\/yoast.com\/product\/yoast-seo-wordpress\/ -->\n<title>LUE ry vuosikokous ti 27.6.2023 - L\u00e4ntisen Uudenmaan el\u00e4insuojeluyhdistys<\/title>\n<meta name=\"description\" content=\"L\u00e4ntisen Uudenmaan el\u00e4insuojeluyhdistys LUE ry:n vuosikokous j\u00e4rjestet\u00e4\u00e4n l\u00f6yt\u00f6el\u00e4intalollamme Liukkaankuja 1, 03400 Vihti klo 18.00 alkaen.\" \/>\n<meta name=\"robots\" content=\"index, follow, max-snippet:-1, max-image-preview:large, max-video-preview:-1\" \/>\n<link rel=\"canonical\" href=\"https:\/\/sey.fi\/lantisen-uudenmaan-elainsuojeluyhdistys\/lue-ry-vuosikokous-pe-19-5-2023\/\" \/>\n<meta property=\"og:locale\" content=\"fi_FI\" \/>\n<meta property=\"og:type\" content=\"article\" \/>\n<meta property=\"og:title\" content=\"LUE ry vuosikokous ti 27.6.2023 - L\u00e4ntisen Uudenmaan el\u00e4insuojeluyhdistys\" \/>\n<meta property=\"og:description\" content=\"L\u00e4ntisen Uudenmaan el\u00e4insuojeluyhdistys LUE ry:n vuosikokous j\u00e4rjestet\u00e4\u00e4n l\u00f6yt\u00f6el\u00e4intalollamme Liukkaankuja 1, 03400 Vihti klo 18.00 alkaen.\" \/>\n<meta property=\"og:url\" content=\"https:\/\/sey.fi\/lantisen-uudenmaan-elainsuojeluyhdistys\/lue-ry-vuosikokous-pe-19-5-2023\/\" \/>\n<meta property=\"og:site_name\" content=\"L\u00e4ntisen Uudenmaan el\u00e4insuojeluyhdistys\" \/>\n<meta property=\"article:author\" content=\"https:\/\/www.facebook.com\/Lntisen-Uudenmaan-elinsuojeluyhdistys-LUE-ry-259052924693637\/\" \/>\n<meta property=\"article:published_time\" content=\"2023-05-09T08:17:36+00:00\" \/>\n<meta property=\"article:modified_time\" content=\"2023-06-13T12:44:41+00:00\" \/>\n<meta name=\"author\" content=\"lantinenuusimaa\" \/>\n<meta name=\"twitter:card\" content=\"summary_large_image\" \/>\n<meta name=\"twitter:label1\" content=\"Kirjoittanut\" \/>\n\t<meta name=\"twitter:data1\" content=\"lantinenuusimaa\" \/>\n\t<meta name=\"twitter:label2\" content=\"Arvioitu lukuaika\" \/>\n\t<meta name=\"twitter:data2\" content=\"1 minuutti\" \/>\n<script type=\"application\/ld+json\" class=\"yoast-schema-graph\">{\"@context\":\"https:\/\/schema.org\",\"@graph\":[{\"@type\":\"Article\",\"@id\":\"https:\/\/sey.fi\/lantisen-uudenmaan-elainsuojeluyhdistys\/lue-ry-vuosikokous-pe-19-5-2023\/#article\",\"isPartOf\":{\"@id\":\"https:\/\/sey.fi\/lantisen-uudenmaan-elainsuojeluyhdistys\/lue-ry-vuosikokous-pe-19-5-2023\/\"},\"author\":{\"name\":\"lantinenuusimaa\",\"@id\":\"https:\/\/sey.fi\/lantisen-uudenmaan-elainsuojeluyhdistys\/#\/schema\/person\/2c3996172875d8a1100bb6c245867996\"},\"headline\":\"LUE ry vuosikokous ti 27.6.2023\",\"datePublished\":\"2023-05-09T08:17:36+00:00\",\"dateModified\":\"2023-06-13T12:44:41+00:00\",\"mainEntityOfPage\":{\"@id\":\"https:\/\/sey.fi\/lantisen-uudenmaan-elainsuojeluyhdistys\/lue-ry-vuosikokous-pe-19-5-2023\/\"},\"wordCount\":28,\"inLanguage\":\"fi\"},{\"@type\":\"WebPage\",\"@id\":\"https:\/\/sey.fi\/lantisen-uudenmaan-elainsuojeluyhdistys\/lue-ry-vuosikokous-pe-19-5-2023\/\",\"url\":\"https:\/\/sey.fi\/lantisen-uudenmaan-elainsuojeluyhdistys\/lue-ry-vuosikokous-pe-19-5-2023\/\",\"name\":\"LUE ry vuosikokous ti 27.6.2023 - L\u00e4ntisen Uudenmaan el\u00e4insuojeluyhdistys\",\"isPartOf\":{\"@id\":\"https:\/\/sey.fi\/lantisen-uudenmaan-elainsuojeluyhdistys\/#website\"},\"datePublished\":\"2023-05-09T08:17:36+00:00\",\"dateModified\":\"2023-06-13T12:44:41+00:00\",\"author\":{\"@id\":\"https:\/\/sey.fi\/lantisen-uudenmaan-elainsuojeluyhdistys\/#\/schema\/person\/2c3996172875d8a1100bb6c245867996\"},\"description\":\"L\u00e4ntisen Uudenmaan el\u00e4insuojeluyhdistys LUE ry:n vuosikokous j\u00e4rjestet\u00e4\u00e4n l\u00f6yt\u00f6el\u00e4intalollamme Liukkaankuja 1, 03400 Vihti klo 18.00 alkaen.\",\"breadcrumb\":{\"@id\":\"https:\/\/sey.fi\/lantisen-uudenmaan-elainsuojeluyhdistys\/lue-ry-vuosikokous-pe-19-5-2023\/#breadcrumb\"},\"inLanguage\":\"fi\",\"potentialAction\":[{\"@type\":\"ReadAction\",\"target\":[\"https:\/\/sey.fi\/lantisen-uudenmaan-elainsuojeluyhdistys\/lue-ry-vuosikokous-pe-19-5-2023\/\"]}]},{\"@type\":\"BreadcrumbList\",\"@id\":\"https:\/\/sey.fi\/lantisen-uudenmaan-elainsuojeluyhdistys\/lue-ry-vuosikokous-pe-19-5-2023\/#breadcrumb\",\"itemListElement\":[{\"@type\":\"ListItem\",\"position\":1,\"name\":\"Home\",\"item\":\"https:\/\/sey.fi\/lantisen-uudenmaan-elainsuojeluyhdistys\/\"},{\"@type\":\"ListItem\",\"position\":2,\"name\":\"LUE ry vuosikokous ti 27.6.2023\"}]},{\"@type\":\"WebSite\",\"@id\":\"https:\/\/sey.fi\/lantisen-uudenmaan-elainsuojeluyhdistys\/#website\",\"url\":\"https:\/\/sey.fi\/lantisen-uudenmaan-elainsuojeluyhdistys\/\",\"name\":\"L\u00e4ntisen Uudenmaan el\u00e4insuojeluyhdistys\",\"description\":\"Uusi SEY J\u00e4senyhdistykset -sivusto\",\"potentialAction\":[{\"@type\":\"SearchAction\",\"target\":{\"@type\":\"EntryPoint\",\"urlTemplate\":\"https:\/\/sey.fi\/lantisen-uudenmaan-elainsuojeluyhdistys\/?s={search_term_string}\"},\"query-input\":{\"@type\":\"PropertyValueSpecification\",\"valueRequired\":true,\"valueName\":\"search_term_string\"}}],\"inLanguage\":\"fi\"},{\"@type\":\"Person\",\"@id\":\"https:\/\/sey.fi\/lantisen-uudenmaan-elainsuojeluyhdistys\/#\/schema\/person\/2c3996172875d8a1100bb6c245867996\",\"name\":\"lantinenuusimaa\",\"image\":{\"@type\":\"ImageObject\",\"inLanguage\":\"fi\",\"@id\":\"https:\/\/sey.fi\/lantisen-uudenmaan-elainsuojeluyhdistys\/#\/schema\/person\/image\/\",\"url\":\"https:\/\/secure.gravatar.com\/avatar\/8d2b81e2022c7a0a1345d681c3778a286784a2a6f2c1e7a625a71ad758db0dba?s=96&d=mm&r=g\",\"contentUrl\":\"https:\/\/secure.gravatar.com\/avatar\/8d2b81e2022c7a0a1345d681c3778a286784a2a6f2c1e7a625a71ad758db0dba?s=96&d=mm&r=g\",\"caption\":\"lantinenuusimaa\"},\"sameAs\":[\"https:\/\/www.facebook.com\/Lntisen-Uudenmaan-elinsuojeluyhdistys-LUE-ry-259052924693637\/\"],\"url\":\"https:\/\/sey.fi\/lantisen-uudenmaan-elainsuojeluyhdistys\/author\/lantinenuusimaa\/\"}]}<\/script>\n<!-- \/ Yoast SEO plugin. -->","yoast_head_json":{"title":"LUE ry vuosikokous ti 27.6.2023 - L\u00e4ntisen Uudenmaan el\u00e4insuojeluyhdistys","description":"L\u00e4ntisen Uudenmaan el\u00e4insuojeluyhdistys LUE ry:n vuosikokous j\u00e4rjestet\u00e4\u00e4n l\u00f6yt\u00f6el\u00e4intalollamme Liukkaankuja 1, 03400 Vihti klo 18.00 alkaen.","robots":{"index":"index","follow":"follow","max-snippet":"max-snippet:-1","max-image-preview":"max-image-preview:large","max-video-preview":"max-video-preview:-1"},"canonical":"https:\/\/sey.fi\/lantisen-uudenmaan-elainsuojeluyhdistys\/lue-ry-vuosikokous-pe-19-5-2023\/","og_locale":"fi_FI","og_type":"article","og_title":"LUE ry vuosikokous ti 27.6.2023 - L\u00e4ntisen Uudenmaan el\u00e4insuojeluyhdistys","og_description":"L\u00e4ntisen Uudenmaan el\u00e4insuojeluyhdistys LUE ry:n vuosikokous j\u00e4rjestet\u00e4\u00e4n l\u00f6yt\u00f6el\u00e4intalollamme Liukkaankuja 1, 03400 Vihti klo 18.00 alkaen.","og_url":"https:\/\/sey.fi\/lantisen-uudenmaan-elainsuojeluyhdistys\/lue-ry-vuosikokous-pe-19-5-2023\/","og_site_name":"L\u00e4ntisen Uudenmaan el\u00e4insuojeluyhdistys","article_author":"https:\/\/www.facebook.com\/Lntisen-Uudenmaan-elinsuojeluyhdistys-LUE-ry-259052924693637\/","article_published_time":"2023-05-09T08:17:36+00:00","article_modified_time":"2023-06-13T12:44:41+00:00","author":"lantinenuusimaa","twitter_card":"summary_large_image","twitter_misc":{"Kirjoittanut":"lantinenuusimaa","Arvioitu lukuaika":"1 minuutti"},"schema":{"@context":"https:\/\/schema.org","@graph":[{"@type":"Article","@id":"https:\/\/sey.fi\/lantisen-uudenmaan-elainsuojeluyhdistys\/lue-ry-vuosikokous-pe-19-5-2023\/#article","isPartOf":{"@id":"https:\/\/sey.fi\/lantisen-uudenmaan-elainsuojeluyhdistys\/lue-ry-vuosikokous-pe-19-5-2023\/"},"author":{"name":"lantinenuusimaa","@id":"https:\/\/sey.fi\/lantisen-uudenmaan-elainsuojeluyhdistys\/#\/schema\/person\/2c3996172875d8a1100bb6c245867996"},"headline":"LUE ry vuosikokous ti 27.6.2023","datePublished":"2023-05-09T08:17:36+00:00","dateModified":"2023-06-13T12:44:41+00:00","mainEntityOfPage":{"@id":"https:\/\/sey.fi\/lantisen-uudenmaan-elainsuojeluyhdistys\/lue-ry-vuosikokous-pe-19-5-2023\/"},"wordCount":28,"inLanguage":"fi"},{"@type":"WebPage","@id":"https:\/\/sey.fi\/lantisen-uudenmaan-elainsuojeluyhdistys\/lue-ry-vuosikokous-pe-19-5-2023\/","url":"https:\/\/sey.fi\/lantisen-uudenmaan-elainsuojeluyhdistys\/lue-ry-vuosikokous-pe-19-5-2023\/","name":"LUE ry vuosikokous ti 27.6.2023 - L\u00e4ntisen Uudenmaan el\u00e4insuojeluyhdistys","isPartOf":{"@id":"https:\/\/sey.fi\/lantisen-uudenmaan-elainsuojeluyhdistys\/#website"},"datePublished":"2023-05-09T08:17:36+00:00","dateModified":"2023-06-13T12:44:41+00:00","author":{"@id":"https:\/\/sey.fi\/lantisen-uudenmaan-elainsuojeluyhdistys\/#\/schema\/person\/2c3996172875d8a1100bb6c245867996"},"description":"L\u00e4ntisen Uudenmaan el\u00e4insuojeluyhdistys LUE ry:n vuosikokous j\u00e4rjestet\u00e4\u00e4n l\u00f6yt\u00f6el\u00e4intalollamme Liukkaankuja 1, 03400 Vihti klo 18.00 alkaen.","breadcrumb":{"@id":"https:\/\/sey.fi\/lantisen-uudenmaan-elainsuojeluyhdistys\/lue-ry-vuosikokous-pe-19-5-2023\/#breadcrumb"},"inLanguage":"fi","potentialAction":[{"@type":"ReadAction","target":["https:\/\/sey.fi\/lantisen-uudenmaan-elainsuojeluyhdistys\/lue-ry-vuosikokous-pe-19-5-2023\/"]}]},{"@type":"BreadcrumbList","@id":"https:\/\/sey.fi\/lantisen-uudenmaan-elainsuojeluyhdistys\/lue-ry-vuosikokous-pe-19-5-2023\/#breadcrumb","itemListElement":[{"@type":"ListItem","position":1,"name":"Home","item":"https:\/\/sey.fi\/lantisen-uudenmaan-elainsuojeluyhdistys\/"},{"@type":"ListItem","position":2,"name":"LUE ry vuosikokous ti 27.6.2023"}]},{"@type":"WebSite","@id":"https:\/\/sey.fi\/lantisen-uudenmaan-elainsuojeluyhdistys\/#website","url":"https:\/\/sey.fi\/lantisen-uudenmaan-elainsuojeluyhdistys\/","name":"L\u00e4ntisen Uudenmaan el\u00e4insuojeluyhdistys","description":"Uusi SEY J\u00e4senyhdistykset -sivusto","potentialAction":[{"@type":"SearchAction","target":{"@type":"EntryPoint","urlTemplate":"https:\/\/sey.fi\/lantisen-uudenmaan-elainsuojeluyhdistys\/?s={search_term_string}"},"query-input":{"@type":"PropertyValueSpecification","valueRequired":true,"valueName":"search_term_string"}}],"inLanguage":"fi"},{"@type":"Person","@id":"https:\/\/sey.fi\/lantisen-uudenmaan-elainsuojeluyhdistys\/#\/schema\/person\/2c3996172875d8a1100bb6c245867996","name":"lantinenuusimaa","image":{"@type":"ImageObject","inLanguage":"fi","@id":"https:\/\/sey.fi\/lantisen-uudenmaan-elainsuojeluyhdistys\/#\/schema\/person\/image\/","url":"https:\/\/secure.gravatar.com\/avatar\/8d2b81e2022c7a0a1345d681c3778a286784a2a6f2c1e7a625a71ad758db0dba?s=96&d=mm&r=g","contentUrl":"https:\/\/secure.gravatar.com\/avatar\/8d2b81e2022c7a0a1345d681c3778a286784a2a6f2c1e7a625a71ad758db0dba?s=96&d=mm&r=g","caption":"lantinenuusimaa"},"sameAs":["https:\/\/www.facebook.com\/Lntisen-Uudenmaan-elinsuojeluyhdistys-LUE-ry-259052924693637\/"],"url":"https:\/\/sey.fi\/lantisen-uudenmaan-elainsuojeluyhdistys\/author\/lantinenuusimaa\/"}]}},"_links":{"self":[{"href":"https:\/\/sey.fi\/lantisen-uudenmaan-elainsuojeluyhdistys\/wp-json\/wp\/v2\/posts\/915","targetHints":{"allow":["GET"]}}],"collection":[{"href":"https:\/\/sey.fi\/lantisen-uudenmaan-elainsuojeluyhdistys\/wp-json\/wp\/v2\/posts"}],"about":[{"href":"https:\/\/sey.fi\/lantisen-uudenmaan-elainsuojeluyhdistys\/wp-json\/wp\/v2\/types\/post"}],"author":[{"embeddable":true,"href":"https:\/\/sey.fi\/lantisen-uudenmaan-elainsuojeluyhdistys\/wp-json\/wp\/v2\/users\/10"}],"replies":[{"embeddable":true,"href":"https:\/\/sey.fi\/lantisen-uudenmaan-elainsuojeluyhdistys\/wp-json\/wp\/v2\/comments?post=915"}],"version-history":[{"count":9,"href":"https:\/\/sey.fi\/lantisen-uudenmaan-elainsuojeluyhdistys\/wp-json\/wp\/v2\/posts\/915\/revisions"}],"predecessor-version":[{"id":957,"href":"https:\/\/sey.fi\/lantisen-uudenmaan-elainsuojeluyhdistys\/wp-json\/wp\/v2\/posts\/915\/revisions\/957"}],"wp:attachment":[{"href":"https:\/\/sey.fi\/lantisen-uudenmaan-elainsuojeluyhdistys\/wp-json\/wp\/v2\/media?parent=915"}],"wp:term":[{"taxonomy":"category","embeddable":true,"href":"https:\/\/sey.fi\/lantisen-uudenmaan-elainsuojeluyhdistys\/wp-json\/wp\/v2\/categories?post=915"}],"curies":[{"name":"wp","href":"https:\/\/api.w.org\/{rel}","templated":true}]}}