{"id":325,"date":"2023-04-18T16:54:57","date_gmt":"2023-04-18T13:54:57","guid":{"rendered":"https:\/\/sey.fi\/nuoret\/?p=325"},"modified":"2023-08-21T10:22:50","modified_gmt":"2023-08-21T07:22:50","slug":"elainten-nakokulma","status":"publish","type":"post","link":"https:\/\/sey.fi\/nuoret\/2023\/04\/18\/elainten-nakokulma\/","title":{"rendered":"El\u00e4inten n\u00e4k\u00f6kulma"},"content":{"rendered":"\n<figure class=\"wp-block-image size-large\"><img loading=\"lazy\" decoding=\"async\" width=\"1024\" height=\"724\" src=\"https:\/\/sey.fi\/wp-content\/uploads\/sites\/51\/2023\/06\/elaimet-nakokulma-1024x724.png\" alt=\"Piirroskuvassa koira katsoo ihmist\u00e4 p\u00e4in\n\" class=\"wp-image-567\" srcset=\"https:\/\/sey.fi\/wp-content\/uploads\/sites\/51\/2023\/06\/elaimet-nakokulma-1024x724.png 1024w, https:\/\/sey.fi\/wp-content\/uploads\/sites\/51\/2023\/06\/elaimet-nakokulma-300x212.png 300w, https:\/\/sey.fi\/wp-content\/uploads\/sites\/51\/2023\/06\/elaimet-nakokulma-768x543.png 768w, https:\/\/sey.fi\/wp-content\/uploads\/sites\/51\/2023\/06\/elaimet-nakokulma-1536x1086.png 1536w, https:\/\/sey.fi\/wp-content\/uploads\/sites\/51\/2023\/06\/elaimet-nakokulma-2048x1448.png 2048w\" sizes=\"auto, (max-width: 1024px) 100vw, 1024px\" \/><\/figure>\n\n\n\n<p>El\u00e4imi\u00e4 saatetaan v\u00e4lill\u00e4 aliarvioida tai inhimillist\u00e4 liikaa. Molemmissa on huonot puolensa. Liika inhimillist\u00e4minen voi aiheuttaa v\u00e4\u00e4r\u00e4n kuvan el\u00e4imest\u00e4 ja olla vahingollista el\u00e4imen ja ihmisen suhteelle. Esimerkiksi silloin, jos el\u00e4in reagoi sille ep\u00e4mukavaan asiaan, joku voi ajatella, ett\u00e4 el\u00e4in hankaloittaa asioita tahallaan tai kostaa jostain aikaisemmasta. <\/p>\n\n\n\n<p>Ihmisen ja el\u00e4imen v\u00e4lisess\u00e4 kommunikaatiossa sattuu my\u00f6s usein v\u00e4\u00e4rinymm\u00e4rryksi\u00e4. El\u00e4inten tapa viesti\u00e4 on hyvin erilainen meihin ihmisiin verrattuna. Me ihmiset olemme tottuneet muille esitt\u00e4ytyess\u00e4 k\u00e4velem\u00e4\u00e4n ripe\u00e4sti kohti k\u00e4si ojossa sek\u00e4 katsomaan suoraan silmiin. T\u00e4m\u00e4 n\u00e4hd\u00e4\u00e4n ihmisten keskuudessa kohteliaana, mutta koirasta se voi tuntua kovin ep\u00e4miellytt\u00e4v\u00e4lt\u00e4 tai jopa pelottavalta tavalta.&nbsp;<\/p>\n\n\n\n<p>Lis\u00e4ksi el\u00e4imen lajityypilliset tarpeet sek\u00e4 hyvinvointia edist\u00e4v\u00e4t asiat eroavat kesken\u00e4\u00e4n ihmisten kanssa. El\u00e4imet hy\u00f6tyv\u00e4t erilaisista virikkeist\u00e4, jotka t\u00e4ytt\u00e4v\u00e4t el\u00e4imell\u00e4 luonnostaan olevan k\u00e4ytt\u00e4ytymistarpeen. Kun virike hy\u00f6dynt\u00e4\u00e4 el\u00e4imen lajityypillist\u00e4 k\u00e4ytt\u00e4ytymist\u00e4, ei el\u00e4in todenn\u00e4k\u00f6isemmin t\u00e4yt\u00e4 k\u00e4ytt\u00e4ytymistarvettaan ihmisen mielest\u00e4 ep\u00e4mieluisalla tavalla, kuten huonekaluja tuhoamalla.&nbsp;<\/p>\n\n\n\n<p>Esimerkiksi koiralle lenkkeilyss\u00e4 ei ole aina t\u00e4rkeint\u00e4 nopea tahti tai kuljettu matka, vaan my\u00f6s haisteleminen. Hevonen taas nauttii yhdess\u00e4 lauman kanssa ruoan per\u00e4ss\u00e4 kulkemisesta sek\u00e4 pitkin p\u00e4iv\u00e4\u00e4 sy\u00f6misest\u00e4. Monet jyrsij\u00e4t taas kaipaavat luonnollisia materiaaleja, joita voi jyrsi\u00e4 tai hy\u00f6dynt\u00e4\u00e4 pes\u00e4n rakentamisessa tai tunnelien kaivamisessa.<\/p>\n\n\n\n<p><\/p>\n\n\n\n<p><em>SEY Nuoret<\/em><\/p>\n","protected":false},"excerpt":{"rendered":"<p>El\u00e4imi\u00e4 saatetaan v\u00e4lill\u00e4 aliarvioida tai inhimillist\u00e4 liikaa. Molemmissa on huonot puolensa. Liika inhimillist\u00e4minen voi aiheuttaa v\u00e4\u00e4r\u00e4n kuvan el\u00e4imest\u00e4 ja olla vahingollista el\u00e4imen ja ihmisen suhteelle. Esimerkiksi silloin, jos el\u00e4in reagoi sille ep\u00e4mukavaan asiaan, joku voi ajatella, ett\u00e4 el\u00e4in hankaloittaa asioita tahallaan tai kostaa jostain aikaisemmasta. Ihmisen ja el\u00e4imen v\u00e4lisess\u00e4 kommunikaatiossa sattuu my\u00f6s usein v\u00e4\u00e4rinymm\u00e4rryksi\u00e4. El\u00e4inten [&hellip;]<\/p>\n","protected":false},"author":73,"featured_media":0,"comment_status":"closed","ping_status":"closed","sticky":false,"template":"","format":"standard","meta":{"_acf_changed":false,"footnotes":""},"categories":[1],"class_list":["post-325","post","type-post","status-publish","format-standard","hentry","category-yleinen"],"acf":[],"yoast_head":"<!-- This site is optimized with the Yoast SEO plugin v27.1.1 - https:\/\/yoast.com\/product\/yoast-seo-wordpress\/ -->\n<title>El\u00e4inten n\u00e4k\u00f6kulma - Nuorten el\u00e4insuojelutoiminnan opas<\/title>\n<meta name=\"description\" content=\"El\u00e4imi\u00e4 saatetaan v\u00e4lill\u00e4 aliarvioida tai jopa ihnhimillist\u00e4\u00e4 liikaa. Se voi aiheuttaa v\u00e4rinymm\u00e4rryksi\u00e4 ja haitata ihmisen ja el\u00e4imen v\u00e4list\u00e4 suhdetta.\" \/>\n<meta name=\"robots\" content=\"index, follow, max-snippet:-1, max-image-preview:large, max-video-preview:-1\" \/>\n<link rel=\"canonical\" href=\"https:\/\/sey.fi\/nuoret\/2023\/04\/18\/elainten-nakokulma\/\" \/>\n<meta property=\"og:locale\" content=\"fi_FI\" \/>\n<meta property=\"og:type\" content=\"article\" \/>\n<meta property=\"og:title\" content=\"El\u00e4inten n\u00e4k\u00f6kulma - Nuorten el\u00e4insuojelutoiminnan opas\" \/>\n<meta property=\"og:description\" content=\"El\u00e4imi\u00e4 saatetaan v\u00e4lill\u00e4 aliarvioida tai jopa ihnhimillist\u00e4\u00e4 liikaa. Se voi aiheuttaa v\u00e4rinymm\u00e4rryksi\u00e4 ja haitata ihmisen ja el\u00e4imen v\u00e4list\u00e4 suhdetta.\" \/>\n<meta property=\"og:url\" content=\"https:\/\/sey.fi\/nuoret\/2023\/04\/18\/elainten-nakokulma\/\" \/>\n<meta property=\"og:site_name\" content=\"Nuorten el\u00e4insuojelutoiminnan opas\" \/>\n<meta property=\"article:published_time\" content=\"2023-04-18T13:54:57+00:00\" \/>\n<meta property=\"article:modified_time\" content=\"2023-08-21T07:22:50+00:00\" \/>\n<meta property=\"og:image\" content=\"https:\/\/sey.fi\/wp-content\/uploads\/sites\/51\/2023\/06\/elaimet-nakokulma-1024x724.png\" \/>\n<meta name=\"author\" content=\"seyemma\" \/>\n<meta name=\"twitter:card\" content=\"summary_large_image\" \/>\n<meta name=\"twitter:label1\" content=\"Kirjoittanut\" \/>\n\t<meta name=\"twitter:data1\" content=\"seyemma\" \/>\n\t<meta name=\"twitter:label2\" content=\"Arvioitu lukuaika\" \/>\n\t<meta name=\"twitter:data2\" content=\"2 minuuttia\" \/>\n<script type=\"application\/ld+json\" class=\"yoast-schema-graph\">{\"@context\":\"https:\/\/schema.org\",\"@graph\":[{\"@type\":\"Article\",\"@id\":\"https:\/\/sey.fi\/nuoret\/2023\/04\/18\/elainten-nakokulma\/#article\",\"isPartOf\":{\"@id\":\"https:\/\/sey.fi\/nuoret\/2023\/04\/18\/elainten-nakokulma\/\"},\"author\":{\"name\":\"seyemma\",\"@id\":\"https:\/\/sey.fi\/nuoret\/#\/schema\/person\/501ada8285cc90c9aa984ed7d5573825\"},\"headline\":\"El\u00e4inten n\u00e4k\u00f6kulma\",\"datePublished\":\"2023-04-18T13:54:57+00:00\",\"dateModified\":\"2023-08-21T07:22:50+00:00\",\"mainEntityOfPage\":{\"@id\":\"https:\/\/sey.fi\/nuoret\/2023\/04\/18\/elainten-nakokulma\/\"},\"wordCount\":247,\"image\":{\"@id\":\"https:\/\/sey.fi\/nuoret\/2023\/04\/18\/elainten-nakokulma\/#primaryimage\"},\"thumbnailUrl\":\"https:\/\/sey.fi\/wp-content\/uploads\/sites\/51\/2023\/06\/elaimet-nakokulma-1024x724.png\",\"inLanguage\":\"fi\"},{\"@type\":\"WebPage\",\"@id\":\"https:\/\/sey.fi\/nuoret\/2023\/04\/18\/elainten-nakokulma\/\",\"url\":\"https:\/\/sey.fi\/nuoret\/2023\/04\/18\/elainten-nakokulma\/\",\"name\":\"El\u00e4inten n\u00e4k\u00f6kulma - Nuorten el\u00e4insuojelutoiminnan opas\",\"isPartOf\":{\"@id\":\"https:\/\/sey.fi\/nuoret\/#website\"},\"primaryImageOfPage\":{\"@id\":\"https:\/\/sey.fi\/nuoret\/2023\/04\/18\/elainten-nakokulma\/#primaryimage\"},\"image\":{\"@id\":\"https:\/\/sey.fi\/nuoret\/2023\/04\/18\/elainten-nakokulma\/#primaryimage\"},\"thumbnailUrl\":\"https:\/\/sey.fi\/wp-content\/uploads\/sites\/51\/2023\/06\/elaimet-nakokulma-1024x724.png\",\"datePublished\":\"2023-04-18T13:54:57+00:00\",\"dateModified\":\"2023-08-21T07:22:50+00:00\",\"author\":{\"@id\":\"https:\/\/sey.fi\/nuoret\/#\/schema\/person\/501ada8285cc90c9aa984ed7d5573825\"},\"description\":\"El\u00e4imi\u00e4 saatetaan v\u00e4lill\u00e4 aliarvioida tai jopa ihnhimillist\u00e4\u00e4 liikaa. Se voi aiheuttaa v\u00e4rinymm\u00e4rryksi\u00e4 ja haitata ihmisen ja el\u00e4imen v\u00e4list\u00e4 suhdetta.\",\"breadcrumb\":{\"@id\":\"https:\/\/sey.fi\/nuoret\/2023\/04\/18\/elainten-nakokulma\/#breadcrumb\"},\"inLanguage\":\"fi\",\"potentialAction\":[{\"@type\":\"ReadAction\",\"target\":[\"https:\/\/sey.fi\/nuoret\/2023\/04\/18\/elainten-nakokulma\/\"]}]},{\"@type\":\"ImageObject\",\"inLanguage\":\"fi\",\"@id\":\"https:\/\/sey.fi\/nuoret\/2023\/04\/18\/elainten-nakokulma\/#primaryimage\",\"url\":\"https:\/\/sey.fi\/wp-content\/uploads\/sites\/51\/2023\/06\/elaimet-nakokulma-1024x724.png\",\"contentUrl\":\"https:\/\/sey.fi\/wp-content\/uploads\/sites\/51\/2023\/06\/elaimet-nakokulma-1024x724.png\"},{\"@type\":\"BreadcrumbList\",\"@id\":\"https:\/\/sey.fi\/nuoret\/2023\/04\/18\/elainten-nakokulma\/#breadcrumb\",\"itemListElement\":[{\"@type\":\"ListItem\",\"position\":1,\"name\":\"Home\",\"item\":\"https:\/\/sey.fi\/nuoret\/\"},{\"@type\":\"ListItem\",\"position\":2,\"name\":\"El\u00e4inten n\u00e4k\u00f6kulma\"}]},{\"@type\":\"WebSite\",\"@id\":\"https:\/\/sey.fi\/nuoret\/#website\",\"url\":\"https:\/\/sey.fi\/nuoret\/\",\"name\":\"Nuorten el\u00e4insuojelutoiminnan opas\",\"description\":\"SEY nuortet\",\"potentialAction\":[{\"@type\":\"SearchAction\",\"target\":{\"@type\":\"EntryPoint\",\"urlTemplate\":\"https:\/\/sey.fi\/nuoret\/?s={search_term_string}\"},\"query-input\":{\"@type\":\"PropertyValueSpecification\",\"valueRequired\":true,\"valueName\":\"search_term_string\"}}],\"inLanguage\":\"fi\"},{\"@type\":\"Person\",\"@id\":\"https:\/\/sey.fi\/nuoret\/#\/schema\/person\/501ada8285cc90c9aa984ed7d5573825\",\"name\":\"seyemma\",\"image\":{\"@type\":\"ImageObject\",\"inLanguage\":\"fi\",\"@id\":\"https:\/\/sey.fi\/nuoret\/#\/schema\/person\/image\/\",\"url\":\"https:\/\/secure.gravatar.com\/avatar\/a55aa587f848dbfb7c4edda67957032c1d13a739f9bb4411b2c4aba7f318ebff?s=96&d=mm&r=g\",\"contentUrl\":\"https:\/\/secure.gravatar.com\/avatar\/a55aa587f848dbfb7c4edda67957032c1d13a739f9bb4411b2c4aba7f318ebff?s=96&d=mm&r=g\",\"caption\":\"seyemma\"},\"url\":\"https:\/\/sey.fi\/nuoret\/author\/seyemma\/\"}]}<\/script>\n<!-- \/ Yoast SEO plugin. -->","yoast_head_json":{"title":"El\u00e4inten n\u00e4k\u00f6kulma - Nuorten el\u00e4insuojelutoiminnan opas","description":"El\u00e4imi\u00e4 saatetaan v\u00e4lill\u00e4 aliarvioida tai jopa ihnhimillist\u00e4\u00e4 liikaa. Se voi aiheuttaa v\u00e4rinymm\u00e4rryksi\u00e4 ja haitata ihmisen ja el\u00e4imen v\u00e4list\u00e4 suhdetta.","robots":{"index":"index","follow":"follow","max-snippet":"max-snippet:-1","max-image-preview":"max-image-preview:large","max-video-preview":"max-video-preview:-1"},"canonical":"https:\/\/sey.fi\/nuoret\/2023\/04\/18\/elainten-nakokulma\/","og_locale":"fi_FI","og_type":"article","og_title":"El\u00e4inten n\u00e4k\u00f6kulma - Nuorten el\u00e4insuojelutoiminnan opas","og_description":"El\u00e4imi\u00e4 saatetaan v\u00e4lill\u00e4 aliarvioida tai jopa ihnhimillist\u00e4\u00e4 liikaa. Se voi aiheuttaa v\u00e4rinymm\u00e4rryksi\u00e4 ja haitata ihmisen ja el\u00e4imen v\u00e4list\u00e4 suhdetta.","og_url":"https:\/\/sey.fi\/nuoret\/2023\/04\/18\/elainten-nakokulma\/","og_site_name":"Nuorten el\u00e4insuojelutoiminnan opas","article_published_time":"2023-04-18T13:54:57+00:00","article_modified_time":"2023-08-21T07:22:50+00:00","og_image":[{"url":"https:\/\/sey.fi\/wp-content\/uploads\/sites\/51\/2023\/06\/elaimet-nakokulma-1024x724.png","type":"","width":"","height":""}],"author":"seyemma","twitter_card":"summary_large_image","twitter_misc":{"Kirjoittanut":"seyemma","Arvioitu lukuaika":"2 minuuttia"},"schema":{"@context":"https:\/\/schema.org","@graph":[{"@type":"Article","@id":"https:\/\/sey.fi\/nuoret\/2023\/04\/18\/elainten-nakokulma\/#article","isPartOf":{"@id":"https:\/\/sey.fi\/nuoret\/2023\/04\/18\/elainten-nakokulma\/"},"author":{"name":"seyemma","@id":"https:\/\/sey.fi\/nuoret\/#\/schema\/person\/501ada8285cc90c9aa984ed7d5573825"},"headline":"El\u00e4inten n\u00e4k\u00f6kulma","datePublished":"2023-04-18T13:54:57+00:00","dateModified":"2023-08-21T07:22:50+00:00","mainEntityOfPage":{"@id":"https:\/\/sey.fi\/nuoret\/2023\/04\/18\/elainten-nakokulma\/"},"wordCount":247,"image":{"@id":"https:\/\/sey.fi\/nuoret\/2023\/04\/18\/elainten-nakokulma\/#primaryimage"},"thumbnailUrl":"https:\/\/sey.fi\/wp-content\/uploads\/sites\/51\/2023\/06\/elaimet-nakokulma-1024x724.png","inLanguage":"fi"},{"@type":"WebPage","@id":"https:\/\/sey.fi\/nuoret\/2023\/04\/18\/elainten-nakokulma\/","url":"https:\/\/sey.fi\/nuoret\/2023\/04\/18\/elainten-nakokulma\/","name":"El\u00e4inten n\u00e4k\u00f6kulma - Nuorten el\u00e4insuojelutoiminnan opas","isPartOf":{"@id":"https:\/\/sey.fi\/nuoret\/#website"},"primaryImageOfPage":{"@id":"https:\/\/sey.fi\/nuoret\/2023\/04\/18\/elainten-nakokulma\/#primaryimage"},"image":{"@id":"https:\/\/sey.fi\/nuoret\/2023\/04\/18\/elainten-nakokulma\/#primaryimage"},"thumbnailUrl":"https:\/\/sey.fi\/wp-content\/uploads\/sites\/51\/2023\/06\/elaimet-nakokulma-1024x724.png","datePublished":"2023-04-18T13:54:57+00:00","dateModified":"2023-08-21T07:22:50+00:00","author":{"@id":"https:\/\/sey.fi\/nuoret\/#\/schema\/person\/501ada8285cc90c9aa984ed7d5573825"},"description":"El\u00e4imi\u00e4 saatetaan v\u00e4lill\u00e4 aliarvioida tai jopa ihnhimillist\u00e4\u00e4 liikaa. Se voi aiheuttaa v\u00e4rinymm\u00e4rryksi\u00e4 ja haitata ihmisen ja el\u00e4imen v\u00e4list\u00e4 suhdetta.","breadcrumb":{"@id":"https:\/\/sey.fi\/nuoret\/2023\/04\/18\/elainten-nakokulma\/#breadcrumb"},"inLanguage":"fi","potentialAction":[{"@type":"ReadAction","target":["https:\/\/sey.fi\/nuoret\/2023\/04\/18\/elainten-nakokulma\/"]}]},{"@type":"ImageObject","inLanguage":"fi","@id":"https:\/\/sey.fi\/nuoret\/2023\/04\/18\/elainten-nakokulma\/#primaryimage","url":"https:\/\/sey.fi\/wp-content\/uploads\/sites\/51\/2023\/06\/elaimet-nakokulma-1024x724.png","contentUrl":"https:\/\/sey.fi\/wp-content\/uploads\/sites\/51\/2023\/06\/elaimet-nakokulma-1024x724.png"},{"@type":"BreadcrumbList","@id":"https:\/\/sey.fi\/nuoret\/2023\/04\/18\/elainten-nakokulma\/#breadcrumb","itemListElement":[{"@type":"ListItem","position":1,"name":"Home","item":"https:\/\/sey.fi\/nuoret\/"},{"@type":"ListItem","position":2,"name":"El\u00e4inten n\u00e4k\u00f6kulma"}]},{"@type":"WebSite","@id":"https:\/\/sey.fi\/nuoret\/#website","url":"https:\/\/sey.fi\/nuoret\/","name":"Nuorten el\u00e4insuojelutoiminnan opas","description":"SEY nuortet","potentialAction":[{"@type":"SearchAction","target":{"@type":"EntryPoint","urlTemplate":"https:\/\/sey.fi\/nuoret\/?s={search_term_string}"},"query-input":{"@type":"PropertyValueSpecification","valueRequired":true,"valueName":"search_term_string"}}],"inLanguage":"fi"},{"@type":"Person","@id":"https:\/\/sey.fi\/nuoret\/#\/schema\/person\/501ada8285cc90c9aa984ed7d5573825","name":"seyemma","image":{"@type":"ImageObject","inLanguage":"fi","@id":"https:\/\/sey.fi\/nuoret\/#\/schema\/person\/image\/","url":"https:\/\/secure.gravatar.com\/avatar\/a55aa587f848dbfb7c4edda67957032c1d13a739f9bb4411b2c4aba7f318ebff?s=96&d=mm&r=g","contentUrl":"https:\/\/secure.gravatar.com\/avatar\/a55aa587f848dbfb7c4edda67957032c1d13a739f9bb4411b2c4aba7f318ebff?s=96&d=mm&r=g","caption":"seyemma"},"url":"https:\/\/sey.fi\/nuoret\/author\/seyemma\/"}]}},"_links":{"self":[{"href":"https:\/\/sey.fi\/nuoret\/wp-json\/wp\/v2\/posts\/325","targetHints":{"allow":["GET"]}}],"collection":[{"href":"https:\/\/sey.fi\/nuoret\/wp-json\/wp\/v2\/posts"}],"about":[{"href":"https:\/\/sey.fi\/nuoret\/wp-json\/wp\/v2\/types\/post"}],"author":[{"embeddable":true,"href":"https:\/\/sey.fi\/nuoret\/wp-json\/wp\/v2\/users\/73"}],"replies":[{"embeddable":true,"href":"https:\/\/sey.fi\/nuoret\/wp-json\/wp\/v2\/comments?post=325"}],"version-history":[{"count":7,"href":"https:\/\/sey.fi\/nuoret\/wp-json\/wp\/v2\/posts\/325\/revisions"}],"predecessor-version":[{"id":829,"href":"https:\/\/sey.fi\/nuoret\/wp-json\/wp\/v2\/posts\/325\/revisions\/829"}],"wp:attachment":[{"href":"https:\/\/sey.fi\/nuoret\/wp-json\/wp\/v2\/media?parent=325"}],"wp:term":[{"taxonomy":"category","embeddable":true,"href":"https:\/\/sey.fi\/nuoret\/wp-json\/wp\/v2\/categories?post=325"}],"curies":[{"name":"wp","href":"https:\/\/api.w.org\/{rel}","templated":true}]}}