{"id":901,"date":"2023-05-29T11:25:15","date_gmt":"2023-05-29T08:25:15","guid":{"rendered":"https:\/\/sey.fi\/salo\/?p=901"},"modified":"2023-05-29T11:25:16","modified_gmt":"2023-05-29T08:25:16","slug":"tarvitseeko-yksinainen-oravanpoikanen-apua","status":"publish","type":"post","link":"https:\/\/sey.fi\/salo\/2023\/05\/29\/tarvitseeko-yksinainen-oravanpoikanen-apua\/","title":{"rendered":"Tarvitseeko yksin\u00e4inen oravanpoikanen apua?"},"content":{"rendered":"<div class=\"wp-block-image\">\n<figure class=\"alignleft size-large is-resized\"><img decoding=\"async\" src=\"https:\/\/sey.fi\/wp-content\/uploads\/sites\/28\/2023\/05\/oravanpoikanen-656x1024.jpg\" alt=\"\" class=\"wp-image-902\" width=\"300\" srcset=\"https:\/\/sey.fi\/wp-content\/uploads\/sites\/28\/2023\/05\/oravanpoikanen-656x1024.jpg 656w, https:\/\/sey.fi\/wp-content\/uploads\/sites\/28\/2023\/05\/oravanpoikanen-192x300.jpg 192w, https:\/\/sey.fi\/wp-content\/uploads\/sites\/28\/2023\/05\/oravanpoikanen-768x1198.jpg 768w, https:\/\/sey.fi\/wp-content\/uploads\/sites\/28\/2023\/05\/oravanpoikanen-985x1536.jpg 985w, https:\/\/sey.fi\/wp-content\/uploads\/sites\/28\/2023\/05\/oravanpoikanen.jpg 1114w\" sizes=\"(max-width: 656px) 100vw, 656px\" \/><\/figure><\/div>\n\n\n<p>N\u00e4in kev\u00e4\u00e4ll\u00e4 ja kes\u00e4ll\u00e4 saatat t\u00f6rm\u00e4t\u00e4 jos jonkinlaiseen luonnonvaraiseen el\u00e4imeen sek\u00e4 niiden yksin\u00e4isiin poikasiin. L\u00e4hesk\u00e4\u00e4n aina yksin\u00e4inen oravanpoikanen ei tarvitse ihmisen apua &#8211; monessa tapauksessa poikanen on emon hoidossa ja valvonnan alaisena vaikkei se silt\u00e4 meid\u00e4n silm\u00e4\u00e4n n\u00e4ytt\u00e4isik\u00e4\u00e4n. Poikanen voi my\u00f6s olla jo tarpeeksi iso ja vieroitettu emostaan. Moni poikanen joutuu jatkohoitoon ja pois emonsa luota vain, koska ihminen on koskenut siihen turhaan. Joissakin tapauksissa kuitenkin my\u00f6s jo vieroitetut oravanpoikaset voivat tarvita ihmisen apua. Avun tarve riippuu kuitenkin aina monesta eri asiasta ja siksi on vaikea antaa mit\u00e4\u00e4n kaiken kattavia ohjeita. T\u00e4m\u00e4n vuoksi tulee aina ensin olla yhteydess\u00e4 el\u00e4insuojeluneuvojaan.<\/p>\n\n\n\n<h2 class=\"wp-block-heading\">Millainen on orava?<\/h2>\n\n\n\n<p>Orava (<em>Sciurus vulgaris<\/em>) on jyrsij\u00f6iden lahkoon kuuluva nis\u00e4k\u00e4slaji. Oravaa esiintyy Euraasian pohjoisosien metsiss\u00e4 ja suurimmassa osassa Eurooppaa.<\/p>\n\n\n\n<p>Aikuinen orava painaa keskim\u00e4\u00e4rin noin 300 grammaa ja on h\u00e4ntineen noin 35 senttimetri\u00e4 pitk\u00e4. Sen turkin vatsapuoli on vaalea, ja muualta se on tummempi, joskin v\u00e4ritys vaihtelee paljon yksil\u00f6iden ja populaatioiden v\u00e4lill\u00e4. Talvisin pohjoisten alueiden oravat kasvattavat vaaleanharmaan talviturkin. Luonnossa oravat el\u00e4v\u00e4t korkean kuolleisuuden vuoksi tavallisesti korkeintaan 2\u20134-vuotiaiksi. Oravan luontaisia vihollisia ovat etenkin n\u00e4\u00e4t\u00e4 ja kanahaukka. Liikenne aiheuttaa oravakuolemista noin puolet.<\/p>\n\n\n\n<p>Orava kiipeilee puunrungolla taitavasti. Orava on sekasy\u00f6j\u00e4, jonka suosikkiruokaa ovat kuusensiemenet ja muut siemenet. Orava ei horrosta talvella vaan asustaa l\u00e4mpim\u00e4ss\u00e4 talvipes\u00e4ss\u00e4\u00e4n ja sy\u00f6 k\u00e4tk\u00f6ihin ker\u00e4\u00e4mi\u00e4\u00e4n siemeni\u00e4.<\/p>\n\n\n\n<h2 class=\"wp-block-heading\">Oravan pesint\u00e4<\/h2>\n\n\n\n<p>Orava tekee kev\u00e4\u00e4ll\u00e4 ja alkukes\u00e4ll\u00e4 yhden tai kaksi poikuetta, joissa on keskim\u00e4\u00e4rin viisi poikasta. Orava on rauhoitettu pesim\u00e4ajan helmikuusta marraskuuhun. Poikaset ovat syntyess\u00e4\u00e4n 8\u201312 gramman painoisia, karvattomia, sokeita ja kuuroja. Silm\u00e4t ja korvat avautuvat noin 30 p\u00e4iv\u00e4n ik\u00e4isin\u00e4, mink\u00e4 j\u00e4lkeen poikaset alkavat liikkua pes\u00e4ss\u00e4\u00e4n. Emo vieroittaa poikasensa 8\u201310 viikon ik\u00e4isin\u00e4.<\/p>\n\n\n\n<p>Poikaset ovat yksin\u00e4\u00e4n pes\u00e4ss\u00e4 useaan otteeseen vuorokauden aikana. Emo saattaa noutaa pudonneen poikasen takaisin pes\u00e4\u00e4n, kunhan ihmiset eiv\u00e4t ole l\u00e4hell\u00e4. Poikanen voi tipahtaa liian aikaisin pes\u00e4st\u00e4 esimerkiksi opetellessaan kiipeilem\u00e4\u00e4n.<\/p>\n\n\n\n<h3 class=\"wp-block-heading\">Miten erotan orvon ja vieroitetun poikasen toisistaan?<\/h3>\n\n\n\n<p>Tunnistat orvon tai liian nuorena pudonneen poikasen helpoiten siit\u00e4, ett\u00e4 sen silm\u00e4t eiv\u00e4t ole viel\u00e4 auenneet, turkki ja korvat ovat sileit\u00e4 eik\u00e4 korvatupsuja ole. H\u00e4nt\u00e4 saattaa olla viel\u00e4 sile\u00e4 tai jopa kokonaan karvaton. Tuuhea h\u00e4nt\u00e4 l\u00e4mmitt\u00e4\u00e4 oravaa ja ilman sit\u00e4 poikanen ei yleens\u00e4 p\u00e4rj\u00e4\u00e4 omillaan. Tuuhean h\u00e4nn\u00e4n viel\u00e4 puuttuessa oravanpoikaset kylmettyv\u00e4t helposti ja tarvitsevat nopeasti apua ja l\u00e4mp\u00f6\u00e4.<\/p>\n\n\n\n<p>Emostaan vieroitettu poikanen on vilkas eik\u00e4 useinkaan pelk\u00e4\u00e4 ihmisi\u00e4 \u2013 p\u00e4invastoin ne voivat olla todella uteliaita! Niill\u00e4 silm\u00e4t ovat auki, sek\u00e4 h\u00e4nt\u00e4 ja turkki muistuttavat pulloharjaa. Yleens\u00e4 jos t\u00e4llainen vieroitettu poikanen on pirte\u00e4 ja menev\u00e4inen, sill\u00e4 ei ole mit\u00e4\u00e4n h\u00e4t\u00e4\u00e4 eik\u00e4 se todenn\u00e4k\u00f6isesti tarvitse apua. Jos poikanen makaa maassa, n\u00e4ytt\u00e4\u00e4 nuutuneelta tai on loukkaantunut, on apu mit\u00e4 luultavammin tarpeen. Sympaattisen oloinen tupsukorvainen orava saa usein osakseen runsaasti positiivista huomiota, josta voi pahimmillaan koitua haittaa niin ihmisille kuin oravillekin. Orava nimitt\u00e4in kesyyntyy helposti, ja kun pelko h\u00e4lvenee, orava saattaa menn\u00e4 sis\u00e4\u00e4n ihmisasuntoihin ja aiheuttaa melkoista tuhoa jo lyhyell\u00e4 vierailulla. Kesyt oravat saattavat jopa kiipeill\u00e4 ihmisten vaatteissa ja n\u00e4ykki\u00e4 n\u00e4it\u00e4. On selv\u00e4\u00e4, ett\u00e4 oravat ovat t\u00e4ll\u00f6in suuressa vaarassa joutua kovakouraisen h\u00e4tistelyn tai jopa ilkivallan kohteiksi. Oravia ei tulekaan pyrki\u00e4 kesytt\u00e4m\u00e4\u00e4n, ja esimerkiksi poikasia hoidettaessa kesyyntymist\u00e4 tulee erityisesti v\u00e4ltt\u00e4\u00e4.<\/p>\n\n\n\n<h2 class=\"wp-block-heading\">Mit\u00e4 tehd\u00e4 jos tielleni osuu yksin\u00e4inen oravanpoikanen?<\/h2>\n\n\n\n<p>Hyv\u00e4 nyrkkis\u00e4\u00e4nt\u00f6 luonnonvaraisten el\u00e4inten kohtaamiseen on<br><strong>tarkkaile \u2013 KYSY \u2013 auta<\/strong>:<\/p>\n\n\n\n<ol class=\"wp-block-list\">\n<li>Yksin\u00e4inen oravanpoikanen ei v\u00e4ltt\u00e4m\u00e4tt\u00e4 tarvitse apua. Tarkkaile el\u00e4int\u00e4 riitt\u00e4v\u00e4n v\u00e4limatkan p\u00e4\u00e4st\u00e4, jotta n\u00e4et noutaako emo pudonneen poikasen takaisin pes\u00e4\u00e4n. Jos yksin\u00e4inen jo vieroitettu poikanen k\u00e4y liian tuttavalliseksi -&gt; katso kohta 2.<\/li>\n\n\n\n<li>Pudonneet pienet poikaset ovat alttiita kaikenlaisille vaaroille, joten \u00e4l\u00e4 aikaile liian pitk\u00e4\u00e4n, vaan ota yhteytt\u00e4 l\u00e4himp\u00e4\u00e4n el\u00e4insuojeluneuvojaan ja vastaa sinulle esitettyihin kysymyksiin parhaasi mukaan. My\u00f6s jo isomman poikasen ollessa kyseess\u00e4 varmista avun tarve <a href=\"https:\/\/sey.fi\/salo\/salon-elainsuojelu\/elainsuojelu\/elainsuojeluneuvonta\/\">el\u00e4insuojeluneuvojalta<\/a>.<\/li>\n\n\n\n<li>El\u00e4insuojeluneuvoja saattaa pyyt\u00e4\u00e4 el\u00e4imest\u00e4 kuvaa tai videota tilanteen havainnollistamiseksi. Toimi aina el\u00e4insuojeluneuvojalta saatujen ohjeiden mukaisesti.<\/li>\n\n\n\n<li>\u00c4l\u00e4 koske el\u00e4imeen omin p\u00e4in, \u00e4l\u00e4k\u00e4 vie sit\u00e4 kotiisi.<\/li>\n\n\n\n<li>Voit my\u00f6s tarjoutua avuksi el\u00e4imen kuljettamiseen jatkohoitoon, jos el\u00e4insuojeluneuvoja kokee sen tarpeelliseksi.<\/li>\n<\/ol>\n\n\n\n<p>Kiitos kun v\u00e4lit\u00e4t!<\/p>\n\n\n\n<h4 class=\"wp-block-heading\">L\u00e4hteet:<\/h4>\n\n\n\n<p><a href=\"https:\/\/fi.wikipedia.org\/wiki\/Orava\" target=\"_blank\" rel=\"noreferrer noopener\">Wikipedia: Orava<\/a><br><a href=\"https:\/\/sey.fi\/luonnonelaimet\/orava\/\" target=\"_blank\" rel=\"noreferrer noopener\">Suomen El\u00e4insuojeluyhdistysten Liitto SEY: Orava<\/a><br><a href=\"https:\/\/sey.fi\/luonnonelaimet\/usein-kysyttya-luonnonelaimista\/lajikohtaisia-kysymyksia-orava\/\" target=\"_blank\" rel=\"noreferrer noopener\">Suomen El\u00e4insuojeluyhdistysten Liitto SEY: Lajikohtaisia kysymyksi\u00e4 oravasta<\/a><\/p>\n","protected":false},"excerpt":{"rendered":"<p>N\u00e4in kev\u00e4\u00e4ll\u00e4 ja kes\u00e4ll\u00e4 saatat t\u00f6rm\u00e4t\u00e4 jos jonkinlaiseen luonnonvaraiseen el\u00e4imeen sek\u00e4 niiden yksin\u00e4isiin poikasiin. L\u00e4hesk\u00e4\u00e4n aina yksin\u00e4inen oravanpoikanen ei tarvitse ihmisen apua &#8211; monessa tapauksessa poikanen on emon hoidossa ja valvonnan alaisena vaikkei se silt\u00e4 meid\u00e4n silm\u00e4\u00e4n n\u00e4ytt\u00e4isik\u00e4\u00e4n. Poikanen voi my\u00f6s olla jo tarpeeksi iso ja vieroitettu emostaan. Moni poikanen joutuu jatkohoitoon ja pois emonsa [&hellip;]<\/p>\n","protected":false},"author":25,"featured_media":0,"comment_status":"closed","ping_status":"closed","sticky":false,"template":"","format":"standard","meta":{"_acf_changed":false,"footnotes":""},"categories":[4],"class_list":["post-901","post","type-post","status-publish","format-standard","hentry","category-tietonurkka"],"acf":[],"yoast_head":"<!-- This site is optimized with the Yoast SEO plugin v27.1.1 - https:\/\/yoast.com\/product\/yoast-seo-wordpress\/ -->\n<title>Tarvitseeko yksin\u00e4inen oravanpoikanen apua? - Salon seudun el\u00e4insuojeluyhdistys<\/title>\n<meta name=\"description\" content=\"Tarvitseeko yksin\u00e4inen oravanpoikanen apua? N\u00e4iden ohjeiden avulla osaat auttaa poikasta parhaalla mahdollisella tavalla!\" \/>\n<meta name=\"robots\" content=\"index, follow, max-snippet:-1, max-image-preview:large, max-video-preview:-1\" \/>\n<link rel=\"canonical\" href=\"https:\/\/sey.fi\/salo\/2023\/05\/29\/tarvitseeko-yksinainen-oravanpoikanen-apua\/\" \/>\n<meta property=\"og:locale\" content=\"fi_FI\" \/>\n<meta property=\"og:type\" content=\"article\" \/>\n<meta property=\"og:title\" content=\"Tarvitseeko yksin\u00e4inen oravanpoikanen apua? - Salon seudun el\u00e4insuojeluyhdistys\" \/>\n<meta property=\"og:description\" content=\"Tarvitseeko yksin\u00e4inen oravanpoikanen apua? N\u00e4iden ohjeiden avulla osaat auttaa poikasta parhaalla mahdollisella tavalla!\" \/>\n<meta property=\"og:url\" content=\"https:\/\/sey.fi\/salo\/2023\/05\/29\/tarvitseeko-yksinainen-oravanpoikanen-apua\/\" \/>\n<meta property=\"og:site_name\" content=\"Salon seudun el\u00e4insuojeluyhdistys\" \/>\n<meta property=\"article:published_time\" content=\"2023-05-29T08:25:15+00:00\" \/>\n<meta property=\"article:modified_time\" content=\"2023-05-29T08:25:16+00:00\" \/>\n<meta property=\"og:image\" content=\"https:\/\/sey.fi\/wp-content\/uploads\/sites\/28\/2023\/05\/oravanpoikanen-656x1024.jpg\" \/>\n<meta name=\"author\" content=\"salo\" \/>\n<meta name=\"twitter:card\" content=\"summary_large_image\" \/>\n<meta name=\"twitter:label1\" content=\"Kirjoittanut\" \/>\n\t<meta name=\"twitter:data1\" content=\"salo\" \/>\n\t<meta name=\"twitter:label2\" content=\"Arvioitu lukuaika\" \/>\n\t<meta name=\"twitter:data2\" content=\"5 minuuttia\" \/>\n<script type=\"application\/ld+json\" class=\"yoast-schema-graph\">{\"@context\":\"https:\/\/schema.org\",\"@graph\":[{\"@type\":\"Article\",\"@id\":\"https:\/\/sey.fi\/salo\/2023\/05\/29\/tarvitseeko-yksinainen-oravanpoikanen-apua\/#article\",\"isPartOf\":{\"@id\":\"https:\/\/sey.fi\/salo\/2023\/05\/29\/tarvitseeko-yksinainen-oravanpoikanen-apua\/\"},\"author\":{\"name\":\"salo\",\"@id\":\"https:\/\/sey.fi\/salo\/#\/schema\/person\/8eed8781bb4296688428c5e05a49fe83\"},\"headline\":\"Tarvitseeko yksin\u00e4inen oravanpoikanen apua?\",\"datePublished\":\"2023-05-29T08:25:15+00:00\",\"dateModified\":\"2023-05-29T08:25:16+00:00\",\"mainEntityOfPage\":{\"@id\":\"https:\/\/sey.fi\/salo\/2023\/05\/29\/tarvitseeko-yksinainen-oravanpoikanen-apua\/\"},\"wordCount\":751,\"image\":{\"@id\":\"https:\/\/sey.fi\/salo\/2023\/05\/29\/tarvitseeko-yksinainen-oravanpoikanen-apua\/#primaryimage\"},\"thumbnailUrl\":\"https:\/\/sey.fi\/wp-content\/uploads\/sites\/28\/2023\/05\/oravanpoikanen-656x1024.jpg\",\"articleSection\":[\"Tietonurkka\"],\"inLanguage\":\"fi\"},{\"@type\":\"WebPage\",\"@id\":\"https:\/\/sey.fi\/salo\/2023\/05\/29\/tarvitseeko-yksinainen-oravanpoikanen-apua\/\",\"url\":\"https:\/\/sey.fi\/salo\/2023\/05\/29\/tarvitseeko-yksinainen-oravanpoikanen-apua\/\",\"name\":\"Tarvitseeko yksin\u00e4inen oravanpoikanen apua? - Salon seudun el\u00e4insuojeluyhdistys\",\"isPartOf\":{\"@id\":\"https:\/\/sey.fi\/salo\/#website\"},\"primaryImageOfPage\":{\"@id\":\"https:\/\/sey.fi\/salo\/2023\/05\/29\/tarvitseeko-yksinainen-oravanpoikanen-apua\/#primaryimage\"},\"image\":{\"@id\":\"https:\/\/sey.fi\/salo\/2023\/05\/29\/tarvitseeko-yksinainen-oravanpoikanen-apua\/#primaryimage\"},\"thumbnailUrl\":\"https:\/\/sey.fi\/wp-content\/uploads\/sites\/28\/2023\/05\/oravanpoikanen-656x1024.jpg\",\"datePublished\":\"2023-05-29T08:25:15+00:00\",\"dateModified\":\"2023-05-29T08:25:16+00:00\",\"author\":{\"@id\":\"https:\/\/sey.fi\/salo\/#\/schema\/person\/8eed8781bb4296688428c5e05a49fe83\"},\"description\":\"Tarvitseeko yksin\u00e4inen oravanpoikanen apua? N\u00e4iden ohjeiden avulla osaat auttaa poikasta parhaalla mahdollisella tavalla!\",\"breadcrumb\":{\"@id\":\"https:\/\/sey.fi\/salo\/2023\/05\/29\/tarvitseeko-yksinainen-oravanpoikanen-apua\/#breadcrumb\"},\"inLanguage\":\"fi\",\"potentialAction\":[{\"@type\":\"ReadAction\",\"target\":[\"https:\/\/sey.fi\/salo\/2023\/05\/29\/tarvitseeko-yksinainen-oravanpoikanen-apua\/\"]}]},{\"@type\":\"ImageObject\",\"inLanguage\":\"fi\",\"@id\":\"https:\/\/sey.fi\/salo\/2023\/05\/29\/tarvitseeko-yksinainen-oravanpoikanen-apua\/#primaryimage\",\"url\":\"https:\/\/sey.fi\/wp-content\/uploads\/sites\/28\/2023\/05\/oravanpoikanen-656x1024.jpg\",\"contentUrl\":\"https:\/\/sey.fi\/wp-content\/uploads\/sites\/28\/2023\/05\/oravanpoikanen-656x1024.jpg\"},{\"@type\":\"BreadcrumbList\",\"@id\":\"https:\/\/sey.fi\/salo\/2023\/05\/29\/tarvitseeko-yksinainen-oravanpoikanen-apua\/#breadcrumb\",\"itemListElement\":[{\"@type\":\"ListItem\",\"position\":1,\"name\":\"Home\",\"item\":\"https:\/\/sey.fi\/salo\/\"},{\"@type\":\"ListItem\",\"position\":2,\"name\":\"Tarvitseeko yksin\u00e4inen oravanpoikanen apua?\"}]},{\"@type\":\"WebSite\",\"@id\":\"https:\/\/sey.fi\/salo\/#website\",\"url\":\"https:\/\/sey.fi\/salo\/\",\"name\":\"Salon seudun el\u00e4insuojeluyhdistys\",\"description\":\"Uusi SEY J\u00e4senyhdistykset -sivusto\",\"potentialAction\":[{\"@type\":\"SearchAction\",\"target\":{\"@type\":\"EntryPoint\",\"urlTemplate\":\"https:\/\/sey.fi\/salo\/?s={search_term_string}\"},\"query-input\":{\"@type\":\"PropertyValueSpecification\",\"valueRequired\":true,\"valueName\":\"search_term_string\"}}],\"inLanguage\":\"fi\"},{\"@type\":\"Person\",\"@id\":\"https:\/\/sey.fi\/salo\/#\/schema\/person\/8eed8781bb4296688428c5e05a49fe83\",\"name\":\"salo\",\"image\":{\"@type\":\"ImageObject\",\"inLanguage\":\"fi\",\"@id\":\"https:\/\/sey.fi\/salo\/#\/schema\/person\/image\/\",\"url\":\"https:\/\/secure.gravatar.com\/avatar\/b73d9be1111069b24ac273b70ea74c5fef7456174772198c7b35e09fea44662d?s=96&d=mm&r=g\",\"contentUrl\":\"https:\/\/secure.gravatar.com\/avatar\/b73d9be1111069b24ac273b70ea74c5fef7456174772198c7b35e09fea44662d?s=96&d=mm&r=g\",\"caption\":\"salo\"},\"url\":\"https:\/\/sey.fi\/salo\/author\/salo\/\"}]}<\/script>\n<!-- \/ Yoast SEO plugin. -->","yoast_head_json":{"title":"Tarvitseeko yksin\u00e4inen oravanpoikanen apua? - Salon seudun el\u00e4insuojeluyhdistys","description":"Tarvitseeko yksin\u00e4inen oravanpoikanen apua? N\u00e4iden ohjeiden avulla osaat auttaa poikasta parhaalla mahdollisella tavalla!","robots":{"index":"index","follow":"follow","max-snippet":"max-snippet:-1","max-image-preview":"max-image-preview:large","max-video-preview":"max-video-preview:-1"},"canonical":"https:\/\/sey.fi\/salo\/2023\/05\/29\/tarvitseeko-yksinainen-oravanpoikanen-apua\/","og_locale":"fi_FI","og_type":"article","og_title":"Tarvitseeko yksin\u00e4inen oravanpoikanen apua? - Salon seudun el\u00e4insuojeluyhdistys","og_description":"Tarvitseeko yksin\u00e4inen oravanpoikanen apua? N\u00e4iden ohjeiden avulla osaat auttaa poikasta parhaalla mahdollisella tavalla!","og_url":"https:\/\/sey.fi\/salo\/2023\/05\/29\/tarvitseeko-yksinainen-oravanpoikanen-apua\/","og_site_name":"Salon seudun el\u00e4insuojeluyhdistys","article_published_time":"2023-05-29T08:25:15+00:00","article_modified_time":"2023-05-29T08:25:16+00:00","og_image":[{"url":"https:\/\/sey.fi\/wp-content\/uploads\/sites\/28\/2023\/05\/oravanpoikanen-656x1024.jpg","type":"","width":"","height":""}],"author":"salo","twitter_card":"summary_large_image","twitter_misc":{"Kirjoittanut":"salo","Arvioitu lukuaika":"5 minuuttia"},"schema":{"@context":"https:\/\/schema.org","@graph":[{"@type":"Article","@id":"https:\/\/sey.fi\/salo\/2023\/05\/29\/tarvitseeko-yksinainen-oravanpoikanen-apua\/#article","isPartOf":{"@id":"https:\/\/sey.fi\/salo\/2023\/05\/29\/tarvitseeko-yksinainen-oravanpoikanen-apua\/"},"author":{"name":"salo","@id":"https:\/\/sey.fi\/salo\/#\/schema\/person\/8eed8781bb4296688428c5e05a49fe83"},"headline":"Tarvitseeko yksin\u00e4inen oravanpoikanen apua?","datePublished":"2023-05-29T08:25:15+00:00","dateModified":"2023-05-29T08:25:16+00:00","mainEntityOfPage":{"@id":"https:\/\/sey.fi\/salo\/2023\/05\/29\/tarvitseeko-yksinainen-oravanpoikanen-apua\/"},"wordCount":751,"image":{"@id":"https:\/\/sey.fi\/salo\/2023\/05\/29\/tarvitseeko-yksinainen-oravanpoikanen-apua\/#primaryimage"},"thumbnailUrl":"https:\/\/sey.fi\/wp-content\/uploads\/sites\/28\/2023\/05\/oravanpoikanen-656x1024.jpg","articleSection":["Tietonurkka"],"inLanguage":"fi"},{"@type":"WebPage","@id":"https:\/\/sey.fi\/salo\/2023\/05\/29\/tarvitseeko-yksinainen-oravanpoikanen-apua\/","url":"https:\/\/sey.fi\/salo\/2023\/05\/29\/tarvitseeko-yksinainen-oravanpoikanen-apua\/","name":"Tarvitseeko yksin\u00e4inen oravanpoikanen apua? - Salon seudun el\u00e4insuojeluyhdistys","isPartOf":{"@id":"https:\/\/sey.fi\/salo\/#website"},"primaryImageOfPage":{"@id":"https:\/\/sey.fi\/salo\/2023\/05\/29\/tarvitseeko-yksinainen-oravanpoikanen-apua\/#primaryimage"},"image":{"@id":"https:\/\/sey.fi\/salo\/2023\/05\/29\/tarvitseeko-yksinainen-oravanpoikanen-apua\/#primaryimage"},"thumbnailUrl":"https:\/\/sey.fi\/wp-content\/uploads\/sites\/28\/2023\/05\/oravanpoikanen-656x1024.jpg","datePublished":"2023-05-29T08:25:15+00:00","dateModified":"2023-05-29T08:25:16+00:00","author":{"@id":"https:\/\/sey.fi\/salo\/#\/schema\/person\/8eed8781bb4296688428c5e05a49fe83"},"description":"Tarvitseeko yksin\u00e4inen oravanpoikanen apua? N\u00e4iden ohjeiden avulla osaat auttaa poikasta parhaalla mahdollisella tavalla!","breadcrumb":{"@id":"https:\/\/sey.fi\/salo\/2023\/05\/29\/tarvitseeko-yksinainen-oravanpoikanen-apua\/#breadcrumb"},"inLanguage":"fi","potentialAction":[{"@type":"ReadAction","target":["https:\/\/sey.fi\/salo\/2023\/05\/29\/tarvitseeko-yksinainen-oravanpoikanen-apua\/"]}]},{"@type":"ImageObject","inLanguage":"fi","@id":"https:\/\/sey.fi\/salo\/2023\/05\/29\/tarvitseeko-yksinainen-oravanpoikanen-apua\/#primaryimage","url":"https:\/\/sey.fi\/wp-content\/uploads\/sites\/28\/2023\/05\/oravanpoikanen-656x1024.jpg","contentUrl":"https:\/\/sey.fi\/wp-content\/uploads\/sites\/28\/2023\/05\/oravanpoikanen-656x1024.jpg"},{"@type":"BreadcrumbList","@id":"https:\/\/sey.fi\/salo\/2023\/05\/29\/tarvitseeko-yksinainen-oravanpoikanen-apua\/#breadcrumb","itemListElement":[{"@type":"ListItem","position":1,"name":"Home","item":"https:\/\/sey.fi\/salo\/"},{"@type":"ListItem","position":2,"name":"Tarvitseeko yksin\u00e4inen oravanpoikanen apua?"}]},{"@type":"WebSite","@id":"https:\/\/sey.fi\/salo\/#website","url":"https:\/\/sey.fi\/salo\/","name":"Salon seudun el\u00e4insuojeluyhdistys","description":"Uusi SEY J\u00e4senyhdistykset -sivusto","potentialAction":[{"@type":"SearchAction","target":{"@type":"EntryPoint","urlTemplate":"https:\/\/sey.fi\/salo\/?s={search_term_string}"},"query-input":{"@type":"PropertyValueSpecification","valueRequired":true,"valueName":"search_term_string"}}],"inLanguage":"fi"},{"@type":"Person","@id":"https:\/\/sey.fi\/salo\/#\/schema\/person\/8eed8781bb4296688428c5e05a49fe83","name":"salo","image":{"@type":"ImageObject","inLanguage":"fi","@id":"https:\/\/sey.fi\/salo\/#\/schema\/person\/image\/","url":"https:\/\/secure.gravatar.com\/avatar\/b73d9be1111069b24ac273b70ea74c5fef7456174772198c7b35e09fea44662d?s=96&d=mm&r=g","contentUrl":"https:\/\/secure.gravatar.com\/avatar\/b73d9be1111069b24ac273b70ea74c5fef7456174772198c7b35e09fea44662d?s=96&d=mm&r=g","caption":"salo"},"url":"https:\/\/sey.fi\/salo\/author\/salo\/"}]}},"_links":{"self":[{"href":"https:\/\/sey.fi\/salo\/wp-json\/wp\/v2\/posts\/901","targetHints":{"allow":["GET"]}}],"collection":[{"href":"https:\/\/sey.fi\/salo\/wp-json\/wp\/v2\/posts"}],"about":[{"href":"https:\/\/sey.fi\/salo\/wp-json\/wp\/v2\/types\/post"}],"author":[{"embeddable":true,"href":"https:\/\/sey.fi\/salo\/wp-json\/wp\/v2\/users\/25"}],"replies":[{"embeddable":true,"href":"https:\/\/sey.fi\/salo\/wp-json\/wp\/v2\/comments?post=901"}],"version-history":[{"count":3,"href":"https:\/\/sey.fi\/salo\/wp-json\/wp\/v2\/posts\/901\/revisions"}],"predecessor-version":[{"id":905,"href":"https:\/\/sey.fi\/salo\/wp-json\/wp\/v2\/posts\/901\/revisions\/905"}],"wp:attachment":[{"href":"https:\/\/sey.fi\/salo\/wp-json\/wp\/v2\/media?parent=901"}],"wp:term":[{"taxonomy":"category","embeddable":true,"href":"https:\/\/sey.fi\/salo\/wp-json\/wp\/v2\/categories?post=901"}],"curies":[{"name":"wp","href":"https:\/\/api.w.org\/{rel}","templated":true}]}}