{"id":200,"date":"2026-02-03T22:23:05","date_gmt":"2026-02-03T20:23:05","guid":{"rendered":"https:\/\/sey.fi\/urjala\/?p=200"},"modified":"2026-02-03T22:29:10","modified_gmt":"2026-02-03T20:29:10","slug":"loput-elainystavamme-2026-kalenterit-50","status":"publish","type":"post","link":"https:\/\/sey.fi\/urjala\/2026\/02\/03\/loput-elainystavamme-2026-kalenterit-50\/","title":{"rendered":"Loput El\u00e4inyst\u00e4v\u00e4mme 2026 -kalenterit -50%"},"content":{"rendered":"\n<p>Tue el\u00e4insuojelutoimintaa ja hanki s\u00f6p\u00f6 ja hy\u00f6dyllinen El\u00e4inyst\u00e4v\u00e4mme 2026 -vuosikalenteri nyt puoleen hintaan, vain 6\u20ac \/ kpl!<\/p>\n\n\n\n<p><strong>Tilaa<\/strong> oma kalenterisi s\u00e4hk\u00f6postitse <a href=\"mailto:esyurjala@gmail.com\">esyurjala@gmail.com<\/a>, puh. 050 571 4481. Postimaksu 6,10\u20ac. Maksu tilisiirtona tai Mobile Pay:lla.<\/p>\n\n\n\n<p><strong>Tai nouda<\/strong> kalenteri k\u00e4tev\u00e4sti <a href=\"https:\/\/www.urjala.fi\/ela-ja-voi-hyvin\/kirjasto\/aukioloajat-ja-yhteystiedot\/\">Urjalan kirjastosta<\/a>.<\/p>\n\n\n\n<figure class=\"wp-block-image size-large\"><img loading=\"lazy\" decoding=\"async\" width=\"1024\" height=\"768\" src=\"https:\/\/sey.fi\/wp-content\/uploads\/sites\/32\/2026\/02\/Kalenteri2026_nettipuffi_vaaka-1024x768.jpg\" alt=\"\" class=\"wp-image-201\" srcset=\"https:\/\/sey.fi\/wp-content\/uploads\/sites\/32\/2026\/02\/Kalenteri2026_nettipuffi_vaaka-1024x768.jpg 1024w, https:\/\/sey.fi\/wp-content\/uploads\/sites\/32\/2026\/02\/Kalenteri2026_nettipuffi_vaaka-300x225.jpg 300w, https:\/\/sey.fi\/wp-content\/uploads\/sites\/32\/2026\/02\/Kalenteri2026_nettipuffi_vaaka-768x576.jpg 768w, https:\/\/sey.fi\/wp-content\/uploads\/sites\/32\/2026\/02\/Kalenteri2026_nettipuffi_vaaka-1536x1152.jpg 1536w, https:\/\/sey.fi\/wp-content\/uploads\/sites\/32\/2026\/02\/Kalenteri2026_nettipuffi_vaaka-2048x1536.jpg 2048w\" sizes=\"auto, (max-width: 1024px) 100vw, 1024px\" \/><\/figure>\n","protected":false},"excerpt":{"rendered":"<p>Tue el\u00e4insuojelutoimintaa ja hanki s\u00f6p\u00f6 ja hy\u00f6dyllinen El\u00e4inyst\u00e4v\u00e4mme 2026 -vuosikalenteri nyt puoleen hintaan, vain 6\u20ac \/ kpl! Tilaa oma kalenterisi s\u00e4hk\u00f6postitse esyurjala@gmail.com, puh. 050 571 4481. Postimaksu 6,10\u20ac. Maksu tilisiirtona tai Mobile Pay:lla. Tai nouda kalenteri k\u00e4tev\u00e4sti Urjalan kirjastosta.<\/p>\n","protected":false},"author":29,"featured_media":201,"comment_status":"closed","ping_status":"closed","sticky":false,"template":"","format":"standard","meta":{"_acf_changed":false,"footnotes":""},"categories":[1],"class_list":["post-200","post","type-post","status-publish","format-standard","has-post-thumbnail","hentry","category-ajankohtaista"],"acf":[],"yoast_head":"<!-- This site is optimized with the Yoast SEO plugin v27.1.1 - https:\/\/yoast.com\/product\/yoast-seo-wordpress\/ -->\n<title>Loput El\u00e4inyst\u00e4v\u00e4mme 2026 -kalenterit -50% - Urjalan el\u00e4insuojeluyhdistys<\/title>\n<meta name=\"robots\" content=\"index, follow, max-snippet:-1, max-image-preview:large, max-video-preview:-1\" \/>\n<link rel=\"canonical\" href=\"https:\/\/sey.fi\/urjala\/2026\/02\/03\/loput-elainystavamme-2026-kalenterit-50\/\" \/>\n<meta property=\"og:locale\" content=\"fi_FI\" \/>\n<meta property=\"og:type\" content=\"article\" \/>\n<meta property=\"og:title\" content=\"Loput El\u00e4inyst\u00e4v\u00e4mme 2026 -kalenterit -50% - Urjalan el\u00e4insuojeluyhdistys\" \/>\n<meta property=\"og:description\" content=\"Tue el\u00e4insuojelutoimintaa ja hanki s\u00f6p\u00f6 ja hy\u00f6dyllinen El\u00e4inyst\u00e4v\u00e4mme 2026 -vuosikalenteri nyt puoleen hintaan, vain 6\u20ac \/ kpl! Tilaa oma kalenterisi s\u00e4hk\u00f6postitse esyurjala@gmail.com, puh. 050 571 4481. Postimaksu 6,10\u20ac. Maksu tilisiirtona tai Mobile Pay:lla. Tai nouda kalenteri k\u00e4tev\u00e4sti Urjalan kirjastosta.\" \/>\n<meta property=\"og:url\" content=\"https:\/\/sey.fi\/urjala\/2026\/02\/03\/loput-elainystavamme-2026-kalenterit-50\/\" \/>\n<meta property=\"og:site_name\" content=\"Urjalan el\u00e4insuojeluyhdistys\" \/>\n<meta property=\"article:published_time\" content=\"2026-02-03T20:23:05+00:00\" \/>\n<meta property=\"article:modified_time\" content=\"2026-02-03T20:29:10+00:00\" \/>\n<meta property=\"og:image\" content=\"https:\/\/sey.fi\/wp-content\/uploads\/sites\/32\/2026\/02\/Kalenteri2026_nettipuffi_vaaka.jpg\" \/>\n\t<meta property=\"og:image:width\" content=\"2500\" \/>\n\t<meta property=\"og:image:height\" content=\"1875\" \/>\n\t<meta property=\"og:image:type\" content=\"image\/jpeg\" \/>\n<meta name=\"author\" content=\"urjala\" \/>\n<meta name=\"twitter:card\" content=\"summary_large_image\" \/>\n<meta name=\"twitter:label1\" content=\"Kirjoittanut\" \/>\n\t<meta name=\"twitter:data1\" content=\"urjala\" \/>\n\t<meta name=\"twitter:label2\" content=\"Arvioitu lukuaika\" \/>\n\t<meta name=\"twitter:data2\" content=\"1 minuutti\" \/>\n<script type=\"application\/ld+json\" class=\"yoast-schema-graph\">{\"@context\":\"https:\/\/schema.org\",\"@graph\":[{\"@type\":\"Article\",\"@id\":\"https:\/\/sey.fi\/urjala\/2026\/02\/03\/loput-elainystavamme-2026-kalenterit-50\/#article\",\"isPartOf\":{\"@id\":\"https:\/\/sey.fi\/urjala\/2026\/02\/03\/loput-elainystavamme-2026-kalenterit-50\/\"},\"author\":{\"name\":\"urjala\",\"@id\":\"https:\/\/sey.fi\/urjala\/#\/schema\/person\/4e5321343dcea3ef45009bae2ff89a09\"},\"headline\":\"Loput El\u00e4inyst\u00e4v\u00e4mme 2026 -kalenterit -50%\",\"datePublished\":\"2026-02-03T20:23:05+00:00\",\"dateModified\":\"2026-02-03T20:29:10+00:00\",\"mainEntityOfPage\":{\"@id\":\"https:\/\/sey.fi\/urjala\/2026\/02\/03\/loput-elainystavamme-2026-kalenterit-50\/\"},\"wordCount\":52,\"image\":{\"@id\":\"https:\/\/sey.fi\/urjala\/2026\/02\/03\/loput-elainystavamme-2026-kalenterit-50\/#primaryimage\"},\"thumbnailUrl\":\"https:\/\/sey.fi\/wp-content\/uploads\/sites\/32\/2026\/02\/Kalenteri2026_nettipuffi_vaaka.jpg\",\"articleSection\":[\"Ajankohtaista\"],\"inLanguage\":\"fi\"},{\"@type\":\"WebPage\",\"@id\":\"https:\/\/sey.fi\/urjala\/2026\/02\/03\/loput-elainystavamme-2026-kalenterit-50\/\",\"url\":\"https:\/\/sey.fi\/urjala\/2026\/02\/03\/loput-elainystavamme-2026-kalenterit-50\/\",\"name\":\"Loput El\u00e4inyst\u00e4v\u00e4mme 2026 -kalenterit -50% - Urjalan el\u00e4insuojeluyhdistys\",\"isPartOf\":{\"@id\":\"https:\/\/sey.fi\/urjala\/#website\"},\"primaryImageOfPage\":{\"@id\":\"https:\/\/sey.fi\/urjala\/2026\/02\/03\/loput-elainystavamme-2026-kalenterit-50\/#primaryimage\"},\"image\":{\"@id\":\"https:\/\/sey.fi\/urjala\/2026\/02\/03\/loput-elainystavamme-2026-kalenterit-50\/#primaryimage\"},\"thumbnailUrl\":\"https:\/\/sey.fi\/wp-content\/uploads\/sites\/32\/2026\/02\/Kalenteri2026_nettipuffi_vaaka.jpg\",\"datePublished\":\"2026-02-03T20:23:05+00:00\",\"dateModified\":\"2026-02-03T20:29:10+00:00\",\"author\":{\"@id\":\"https:\/\/sey.fi\/urjala\/#\/schema\/person\/4e5321343dcea3ef45009bae2ff89a09\"},\"breadcrumb\":{\"@id\":\"https:\/\/sey.fi\/urjala\/2026\/02\/03\/loput-elainystavamme-2026-kalenterit-50\/#breadcrumb\"},\"inLanguage\":\"fi\",\"potentialAction\":[{\"@type\":\"ReadAction\",\"target\":[\"https:\/\/sey.fi\/urjala\/2026\/02\/03\/loput-elainystavamme-2026-kalenterit-50\/\"]}]},{\"@type\":\"ImageObject\",\"inLanguage\":\"fi\",\"@id\":\"https:\/\/sey.fi\/urjala\/2026\/02\/03\/loput-elainystavamme-2026-kalenterit-50\/#primaryimage\",\"url\":\"https:\/\/sey.fi\/wp-content\/uploads\/sites\/32\/2026\/02\/Kalenteri2026_nettipuffi_vaaka.jpg\",\"contentUrl\":\"https:\/\/sey.fi\/wp-content\/uploads\/sites\/32\/2026\/02\/Kalenteri2026_nettipuffi_vaaka.jpg\",\"width\":2500,\"height\":1875},{\"@type\":\"BreadcrumbList\",\"@id\":\"https:\/\/sey.fi\/urjala\/2026\/02\/03\/loput-elainystavamme-2026-kalenterit-50\/#breadcrumb\",\"itemListElement\":[{\"@type\":\"ListItem\",\"position\":1,\"name\":\"Home\",\"item\":\"https:\/\/sey.fi\/urjala\/\"},{\"@type\":\"ListItem\",\"position\":2,\"name\":\"Loput El\u00e4inyst\u00e4v\u00e4mme 2026 -kalenterit -50%\"}]},{\"@type\":\"WebSite\",\"@id\":\"https:\/\/sey.fi\/urjala\/#website\",\"url\":\"https:\/\/sey.fi\/urjala\/\",\"name\":\"Urjalan el\u00e4insuojeluyhdistys\",\"description\":\"Uusi SEY J\u00e4senyhdistykset -sivusto\",\"potentialAction\":[{\"@type\":\"SearchAction\",\"target\":{\"@type\":\"EntryPoint\",\"urlTemplate\":\"https:\/\/sey.fi\/urjala\/?s={search_term_string}\"},\"query-input\":{\"@type\":\"PropertyValueSpecification\",\"valueRequired\":true,\"valueName\":\"search_term_string\"}}],\"inLanguage\":\"fi\"},{\"@type\":\"Person\",\"@id\":\"https:\/\/sey.fi\/urjala\/#\/schema\/person\/4e5321343dcea3ef45009bae2ff89a09\",\"name\":\"urjala\",\"image\":{\"@type\":\"ImageObject\",\"inLanguage\":\"fi\",\"@id\":\"https:\/\/sey.fi\/urjala\/#\/schema\/person\/image\/\",\"url\":\"https:\/\/secure.gravatar.com\/avatar\/8237b92c4ca680127cb8099f3830dad29cfc2eb90bb72832e62c00feee924f7c?s=96&d=mm&r=g\",\"contentUrl\":\"https:\/\/secure.gravatar.com\/avatar\/8237b92c4ca680127cb8099f3830dad29cfc2eb90bb72832e62c00feee924f7c?s=96&d=mm&r=g\",\"caption\":\"urjala\"},\"url\":\"https:\/\/sey.fi\/urjala\/author\/urjala\/\"}]}<\/script>\n<!-- \/ Yoast SEO plugin. -->","yoast_head_json":{"title":"Loput El\u00e4inyst\u00e4v\u00e4mme 2026 -kalenterit -50% - Urjalan el\u00e4insuojeluyhdistys","robots":{"index":"index","follow":"follow","max-snippet":"max-snippet:-1","max-image-preview":"max-image-preview:large","max-video-preview":"max-video-preview:-1"},"canonical":"https:\/\/sey.fi\/urjala\/2026\/02\/03\/loput-elainystavamme-2026-kalenterit-50\/","og_locale":"fi_FI","og_type":"article","og_title":"Loput El\u00e4inyst\u00e4v\u00e4mme 2026 -kalenterit -50% - Urjalan el\u00e4insuojeluyhdistys","og_description":"Tue el\u00e4insuojelutoimintaa ja hanki s\u00f6p\u00f6 ja hy\u00f6dyllinen El\u00e4inyst\u00e4v\u00e4mme 2026 -vuosikalenteri nyt puoleen hintaan, vain 6\u20ac \/ kpl! Tilaa oma kalenterisi s\u00e4hk\u00f6postitse esyurjala@gmail.com, puh. 050 571 4481. Postimaksu 6,10\u20ac. Maksu tilisiirtona tai Mobile Pay:lla. Tai nouda kalenteri k\u00e4tev\u00e4sti Urjalan kirjastosta.","og_url":"https:\/\/sey.fi\/urjala\/2026\/02\/03\/loput-elainystavamme-2026-kalenterit-50\/","og_site_name":"Urjalan el\u00e4insuojeluyhdistys","article_published_time":"2026-02-03T20:23:05+00:00","article_modified_time":"2026-02-03T20:29:10+00:00","og_image":[{"width":2500,"height":1875,"url":"https:\/\/sey.fi\/wp-content\/uploads\/sites\/32\/2026\/02\/Kalenteri2026_nettipuffi_vaaka.jpg","type":"image\/jpeg"}],"author":"urjala","twitter_card":"summary_large_image","twitter_misc":{"Kirjoittanut":"urjala","Arvioitu lukuaika":"1 minuutti"},"schema":{"@context":"https:\/\/schema.org","@graph":[{"@type":"Article","@id":"https:\/\/sey.fi\/urjala\/2026\/02\/03\/loput-elainystavamme-2026-kalenterit-50\/#article","isPartOf":{"@id":"https:\/\/sey.fi\/urjala\/2026\/02\/03\/loput-elainystavamme-2026-kalenterit-50\/"},"author":{"name":"urjala","@id":"https:\/\/sey.fi\/urjala\/#\/schema\/person\/4e5321343dcea3ef45009bae2ff89a09"},"headline":"Loput El\u00e4inyst\u00e4v\u00e4mme 2026 -kalenterit -50%","datePublished":"2026-02-03T20:23:05+00:00","dateModified":"2026-02-03T20:29:10+00:00","mainEntityOfPage":{"@id":"https:\/\/sey.fi\/urjala\/2026\/02\/03\/loput-elainystavamme-2026-kalenterit-50\/"},"wordCount":52,"image":{"@id":"https:\/\/sey.fi\/urjala\/2026\/02\/03\/loput-elainystavamme-2026-kalenterit-50\/#primaryimage"},"thumbnailUrl":"https:\/\/sey.fi\/wp-content\/uploads\/sites\/32\/2026\/02\/Kalenteri2026_nettipuffi_vaaka.jpg","articleSection":["Ajankohtaista"],"inLanguage":"fi"},{"@type":"WebPage","@id":"https:\/\/sey.fi\/urjala\/2026\/02\/03\/loput-elainystavamme-2026-kalenterit-50\/","url":"https:\/\/sey.fi\/urjala\/2026\/02\/03\/loput-elainystavamme-2026-kalenterit-50\/","name":"Loput El\u00e4inyst\u00e4v\u00e4mme 2026 -kalenterit -50% - Urjalan el\u00e4insuojeluyhdistys","isPartOf":{"@id":"https:\/\/sey.fi\/urjala\/#website"},"primaryImageOfPage":{"@id":"https:\/\/sey.fi\/urjala\/2026\/02\/03\/loput-elainystavamme-2026-kalenterit-50\/#primaryimage"},"image":{"@id":"https:\/\/sey.fi\/urjala\/2026\/02\/03\/loput-elainystavamme-2026-kalenterit-50\/#primaryimage"},"thumbnailUrl":"https:\/\/sey.fi\/wp-content\/uploads\/sites\/32\/2026\/02\/Kalenteri2026_nettipuffi_vaaka.jpg","datePublished":"2026-02-03T20:23:05+00:00","dateModified":"2026-02-03T20:29:10+00:00","author":{"@id":"https:\/\/sey.fi\/urjala\/#\/schema\/person\/4e5321343dcea3ef45009bae2ff89a09"},"breadcrumb":{"@id":"https:\/\/sey.fi\/urjala\/2026\/02\/03\/loput-elainystavamme-2026-kalenterit-50\/#breadcrumb"},"inLanguage":"fi","potentialAction":[{"@type":"ReadAction","target":["https:\/\/sey.fi\/urjala\/2026\/02\/03\/loput-elainystavamme-2026-kalenterit-50\/"]}]},{"@type":"ImageObject","inLanguage":"fi","@id":"https:\/\/sey.fi\/urjala\/2026\/02\/03\/loput-elainystavamme-2026-kalenterit-50\/#primaryimage","url":"https:\/\/sey.fi\/wp-content\/uploads\/sites\/32\/2026\/02\/Kalenteri2026_nettipuffi_vaaka.jpg","contentUrl":"https:\/\/sey.fi\/wp-content\/uploads\/sites\/32\/2026\/02\/Kalenteri2026_nettipuffi_vaaka.jpg","width":2500,"height":1875},{"@type":"BreadcrumbList","@id":"https:\/\/sey.fi\/urjala\/2026\/02\/03\/loput-elainystavamme-2026-kalenterit-50\/#breadcrumb","itemListElement":[{"@type":"ListItem","position":1,"name":"Home","item":"https:\/\/sey.fi\/urjala\/"},{"@type":"ListItem","position":2,"name":"Loput El\u00e4inyst\u00e4v\u00e4mme 2026 -kalenterit -50%"}]},{"@type":"WebSite","@id":"https:\/\/sey.fi\/urjala\/#website","url":"https:\/\/sey.fi\/urjala\/","name":"Urjalan el\u00e4insuojeluyhdistys","description":"Uusi SEY J\u00e4senyhdistykset -sivusto","potentialAction":[{"@type":"SearchAction","target":{"@type":"EntryPoint","urlTemplate":"https:\/\/sey.fi\/urjala\/?s={search_term_string}"},"query-input":{"@type":"PropertyValueSpecification","valueRequired":true,"valueName":"search_term_string"}}],"inLanguage":"fi"},{"@type":"Person","@id":"https:\/\/sey.fi\/urjala\/#\/schema\/person\/4e5321343dcea3ef45009bae2ff89a09","name":"urjala","image":{"@type":"ImageObject","inLanguage":"fi","@id":"https:\/\/sey.fi\/urjala\/#\/schema\/person\/image\/","url":"https:\/\/secure.gravatar.com\/avatar\/8237b92c4ca680127cb8099f3830dad29cfc2eb90bb72832e62c00feee924f7c?s=96&d=mm&r=g","contentUrl":"https:\/\/secure.gravatar.com\/avatar\/8237b92c4ca680127cb8099f3830dad29cfc2eb90bb72832e62c00feee924f7c?s=96&d=mm&r=g","caption":"urjala"},"url":"https:\/\/sey.fi\/urjala\/author\/urjala\/"}]}},"_links":{"self":[{"href":"https:\/\/sey.fi\/urjala\/wp-json\/wp\/v2\/posts\/200","targetHints":{"allow":["GET"]}}],"collection":[{"href":"https:\/\/sey.fi\/urjala\/wp-json\/wp\/v2\/posts"}],"about":[{"href":"https:\/\/sey.fi\/urjala\/wp-json\/wp\/v2\/types\/post"}],"author":[{"embeddable":true,"href":"https:\/\/sey.fi\/urjala\/wp-json\/wp\/v2\/users\/29"}],"replies":[{"embeddable":true,"href":"https:\/\/sey.fi\/urjala\/wp-json\/wp\/v2\/comments?post=200"}],"version-history":[{"count":2,"href":"https:\/\/sey.fi\/urjala\/wp-json\/wp\/v2\/posts\/200\/revisions"}],"predecessor-version":[{"id":205,"href":"https:\/\/sey.fi\/urjala\/wp-json\/wp\/v2\/posts\/200\/revisions\/205"}],"wp:featuredmedia":[{"embeddable":true,"href":"https:\/\/sey.fi\/urjala\/wp-json\/wp\/v2\/media\/201"}],"wp:attachment":[{"href":"https:\/\/sey.fi\/urjala\/wp-json\/wp\/v2\/media?parent=200"}],"wp:term":[{"taxonomy":"category","embeddable":true,"href":"https:\/\/sey.fi\/urjala\/wp-json\/wp\/v2\/categories?post=200"}],"curies":[{"name":"wp","href":"https:\/\/api.w.org\/{rel}","templated":true}]}}