{"id":220,"date":"2026-02-18T21:32:41","date_gmt":"2026-02-18T19:32:41","guid":{"rendered":"https:\/\/sey.fi\/urjala\/?p=220"},"modified":"2026-02-18T21:32:42","modified_gmt":"2026-02-18T19:32:42","slug":"tule-mukaan-toimintaan","status":"publish","type":"post","link":"https:\/\/sey.fi\/urjala\/2026\/02\/18\/tule-mukaan-toimintaan\/","title":{"rendered":"Tule mukaan toimintaan!"},"content":{"rendered":"<div class=\"wp-block-image\">\n<figure class=\"alignleft size-medium\"><img loading=\"lazy\" decoding=\"async\" width=\"240\" height=\"300\" src=\"https:\/\/sey.fi\/wp-content\/uploads\/sites\/32\/2026\/02\/Vareka-stillmainos-2-4_5-240x300.png\" alt=\"\" class=\"wp-image-221\" srcset=\"https:\/\/sey.fi\/wp-content\/uploads\/sites\/32\/2026\/02\/Vareka-stillmainos-2-4_5-240x300.png 240w, https:\/\/sey.fi\/wp-content\/uploads\/sites\/32\/2026\/02\/Vareka-stillmainos-2-4_5-819x1024.png 819w, https:\/\/sey.fi\/wp-content\/uploads\/sites\/32\/2026\/02\/Vareka-stillmainos-2-4_5-768x960.png 768w, https:\/\/sey.fi\/wp-content\/uploads\/sites\/32\/2026\/02\/Vareka-stillmainos-2-4_5-1229x1536.png 1229w, https:\/\/sey.fi\/wp-content\/uploads\/sites\/32\/2026\/02\/Vareka-stillmainos-2-4_5.png 1440w\" sizes=\"auto, (max-width: 240px) 100vw, 240px\" \/><\/figure><\/div>\n\n\n<p>El\u00e4insuojeluyhdistyksest\u00e4 l\u00f6ytyy sopiva teht\u00e4v\u00e4 jokaiselle. Vapaaehtoiset muun muassa auttavat el\u00e4inten hoidossa, kuljetuksissa ja loukutuksissa, tekev\u00e4t someviestint\u00e4\u00e4 ja varainhankintaa, osallistuvat tapahtumiin ja py\u00f6ritt\u00e4v\u00e4t yhdistystoimintaa.<\/p>\n\n\n\n<p>Urjalan El\u00e4insuojeluyhdistys etsii mukaan uusia vapaaehtoisia. Tule mukaan toimintaan! Olisiko sinulla aikaa el\u00e4imille? \ud83d\udc31\ud83d\udc36<\/p>\n\n\n\n<p><a href=\"https:\/\/sey.fi\/osallistu-ja-vaikuta\/vapaaehtoistyo\/urjala\/\">Tutustu avoimiin teht\u00e4viin ja ryhdy vapaaehtoiseksi &#8211; ilmoittaudu t\u00e4st\u00e4!<\/a><\/p>\n","protected":false},"excerpt":{"rendered":"<p>El\u00e4insuojeluyhdistyksest\u00e4 l\u00f6ytyy sopiva teht\u00e4v\u00e4 jokaiselle. Vapaaehtoiset muun muassa auttavat el\u00e4inten hoidossa, kuljetuksissa ja loukutuksissa, tekev\u00e4t someviestint\u00e4\u00e4 ja varainhankintaa, osallistuvat tapahtumiin ja py\u00f6ritt\u00e4v\u00e4t yhdistystoimintaa. Urjalan El\u00e4insuojeluyhdistys etsii mukaan uusia vapaaehtoisia. Tule mukaan toimintaan! Olisiko sinulla aikaa el\u00e4imille? \ud83d\udc31\ud83d\udc36 Tutustu avoimiin teht\u00e4viin ja ryhdy vapaaehtoiseksi &#8211; ilmoittaudu t\u00e4st\u00e4!<\/p>\n","protected":false},"author":29,"featured_media":222,"comment_status":"closed","ping_status":"closed","sticky":false,"template":"","format":"standard","meta":{"_acf_changed":false,"footnotes":""},"categories":[1],"class_list":["post-220","post","type-post","status-publish","format-standard","has-post-thumbnail","hentry","category-ajankohtaista"],"acf":[],"yoast_head":"<!-- This site is optimized with the Yoast SEO plugin v27.1.1 - https:\/\/yoast.com\/product\/yoast-seo-wordpress\/ -->\n<title>Tule mukaan toimintaan! - Urjalan el\u00e4insuojeluyhdistys<\/title>\n<meta name=\"robots\" content=\"index, follow, max-snippet:-1, max-image-preview:large, max-video-preview:-1\" \/>\n<link rel=\"canonical\" href=\"https:\/\/sey.fi\/urjala\/2026\/02\/18\/tule-mukaan-toimintaan\/\" \/>\n<meta property=\"og:locale\" content=\"fi_FI\" \/>\n<meta property=\"og:type\" content=\"article\" \/>\n<meta property=\"og:title\" content=\"Tule mukaan toimintaan! - Urjalan el\u00e4insuojeluyhdistys\" \/>\n<meta property=\"og:description\" content=\"El\u00e4insuojeluyhdistyksest\u00e4 l\u00f6ytyy sopiva teht\u00e4v\u00e4 jokaiselle. Vapaaehtoiset muun muassa auttavat el\u00e4inten hoidossa, kuljetuksissa ja loukutuksissa, tekev\u00e4t someviestint\u00e4\u00e4 ja varainhankintaa, osallistuvat tapahtumiin ja py\u00f6ritt\u00e4v\u00e4t yhdistystoimintaa. Urjalan El\u00e4insuojeluyhdistys etsii mukaan uusia vapaaehtoisia. Tule mukaan toimintaan! Olisiko sinulla aikaa el\u00e4imille? \ud83d\udc31\ud83d\udc36 Tutustu avoimiin teht\u00e4viin ja ryhdy vapaaehtoiseksi &#8211; ilmoittaudu t\u00e4st\u00e4!\" \/>\n<meta property=\"og:url\" content=\"https:\/\/sey.fi\/urjala\/2026\/02\/18\/tule-mukaan-toimintaan\/\" \/>\n<meta property=\"og:site_name\" content=\"Urjalan el\u00e4insuojeluyhdistys\" \/>\n<meta property=\"article:published_time\" content=\"2026-02-18T19:32:41+00:00\" \/>\n<meta property=\"article:modified_time\" content=\"2026-02-18T19:32:42+00:00\" \/>\n<meta property=\"og:image\" content=\"https:\/\/sey.fi\/wp-content\/uploads\/sites\/32\/2026\/02\/Screenshot-2026-02-18-at-21.31.45.png\" \/>\n\t<meta property=\"og:image:width\" content=\"1062\" \/>\n\t<meta property=\"og:image:height\" content=\"778\" \/>\n\t<meta property=\"og:image:type\" content=\"image\/png\" \/>\n<meta name=\"author\" content=\"urjala\" \/>\n<meta name=\"twitter:card\" content=\"summary_large_image\" \/>\n<meta name=\"twitter:label1\" content=\"Kirjoittanut\" \/>\n\t<meta name=\"twitter:data1\" content=\"urjala\" \/>\n\t<meta name=\"twitter:label2\" content=\"Arvioitu lukuaika\" \/>\n\t<meta name=\"twitter:data2\" content=\"1 minuutti\" \/>\n<script type=\"application\/ld+json\" class=\"yoast-schema-graph\">{\"@context\":\"https:\/\/schema.org\",\"@graph\":[{\"@type\":\"Article\",\"@id\":\"https:\/\/sey.fi\/urjala\/2026\/02\/18\/tule-mukaan-toimintaan\/#article\",\"isPartOf\":{\"@id\":\"https:\/\/sey.fi\/urjala\/2026\/02\/18\/tule-mukaan-toimintaan\/\"},\"author\":{\"name\":\"urjala\",\"@id\":\"https:\/\/sey.fi\/urjala\/#\/schema\/person\/4e5321343dcea3ef45009bae2ff89a09\"},\"headline\":\"Tule mukaan toimintaan!\",\"datePublished\":\"2026-02-18T19:32:41+00:00\",\"dateModified\":\"2026-02-18T19:32:42+00:00\",\"mainEntityOfPage\":{\"@id\":\"https:\/\/sey.fi\/urjala\/2026\/02\/18\/tule-mukaan-toimintaan\/\"},\"wordCount\":60,\"image\":{\"@id\":\"https:\/\/sey.fi\/urjala\/2026\/02\/18\/tule-mukaan-toimintaan\/#primaryimage\"},\"thumbnailUrl\":\"https:\/\/sey.fi\/wp-content\/uploads\/sites\/32\/2026\/02\/Screenshot-2026-02-18-at-21.31.45.png\",\"articleSection\":[\"Ajankohtaista\"],\"inLanguage\":\"fi\"},{\"@type\":\"WebPage\",\"@id\":\"https:\/\/sey.fi\/urjala\/2026\/02\/18\/tule-mukaan-toimintaan\/\",\"url\":\"https:\/\/sey.fi\/urjala\/2026\/02\/18\/tule-mukaan-toimintaan\/\",\"name\":\"Tule mukaan toimintaan! - Urjalan el\u00e4insuojeluyhdistys\",\"isPartOf\":{\"@id\":\"https:\/\/sey.fi\/urjala\/#website\"},\"primaryImageOfPage\":{\"@id\":\"https:\/\/sey.fi\/urjala\/2026\/02\/18\/tule-mukaan-toimintaan\/#primaryimage\"},\"image\":{\"@id\":\"https:\/\/sey.fi\/urjala\/2026\/02\/18\/tule-mukaan-toimintaan\/#primaryimage\"},\"thumbnailUrl\":\"https:\/\/sey.fi\/wp-content\/uploads\/sites\/32\/2026\/02\/Screenshot-2026-02-18-at-21.31.45.png\",\"datePublished\":\"2026-02-18T19:32:41+00:00\",\"dateModified\":\"2026-02-18T19:32:42+00:00\",\"author\":{\"@id\":\"https:\/\/sey.fi\/urjala\/#\/schema\/person\/4e5321343dcea3ef45009bae2ff89a09\"},\"breadcrumb\":{\"@id\":\"https:\/\/sey.fi\/urjala\/2026\/02\/18\/tule-mukaan-toimintaan\/#breadcrumb\"},\"inLanguage\":\"fi\",\"potentialAction\":[{\"@type\":\"ReadAction\",\"target\":[\"https:\/\/sey.fi\/urjala\/2026\/02\/18\/tule-mukaan-toimintaan\/\"]}]},{\"@type\":\"ImageObject\",\"inLanguage\":\"fi\",\"@id\":\"https:\/\/sey.fi\/urjala\/2026\/02\/18\/tule-mukaan-toimintaan\/#primaryimage\",\"url\":\"https:\/\/sey.fi\/wp-content\/uploads\/sites\/32\/2026\/02\/Screenshot-2026-02-18-at-21.31.45.png\",\"contentUrl\":\"https:\/\/sey.fi\/wp-content\/uploads\/sites\/32\/2026\/02\/Screenshot-2026-02-18-at-21.31.45.png\",\"width\":1062,\"height\":778},{\"@type\":\"BreadcrumbList\",\"@id\":\"https:\/\/sey.fi\/urjala\/2026\/02\/18\/tule-mukaan-toimintaan\/#breadcrumb\",\"itemListElement\":[{\"@type\":\"ListItem\",\"position\":1,\"name\":\"Home\",\"item\":\"https:\/\/sey.fi\/urjala\/\"},{\"@type\":\"ListItem\",\"position\":2,\"name\":\"Tule mukaan toimintaan!\"}]},{\"@type\":\"WebSite\",\"@id\":\"https:\/\/sey.fi\/urjala\/#website\",\"url\":\"https:\/\/sey.fi\/urjala\/\",\"name\":\"Urjalan el\u00e4insuojeluyhdistys\",\"description\":\"Uusi SEY J\u00e4senyhdistykset -sivusto\",\"potentialAction\":[{\"@type\":\"SearchAction\",\"target\":{\"@type\":\"EntryPoint\",\"urlTemplate\":\"https:\/\/sey.fi\/urjala\/?s={search_term_string}\"},\"query-input\":{\"@type\":\"PropertyValueSpecification\",\"valueRequired\":true,\"valueName\":\"search_term_string\"}}],\"inLanguage\":\"fi\"},{\"@type\":\"Person\",\"@id\":\"https:\/\/sey.fi\/urjala\/#\/schema\/person\/4e5321343dcea3ef45009bae2ff89a09\",\"name\":\"urjala\",\"image\":{\"@type\":\"ImageObject\",\"inLanguage\":\"fi\",\"@id\":\"https:\/\/sey.fi\/urjala\/#\/schema\/person\/image\/\",\"url\":\"https:\/\/secure.gravatar.com\/avatar\/8237b92c4ca680127cb8099f3830dad29cfc2eb90bb72832e62c00feee924f7c?s=96&d=mm&r=g\",\"contentUrl\":\"https:\/\/secure.gravatar.com\/avatar\/8237b92c4ca680127cb8099f3830dad29cfc2eb90bb72832e62c00feee924f7c?s=96&d=mm&r=g\",\"caption\":\"urjala\"},\"url\":\"https:\/\/sey.fi\/urjala\/author\/urjala\/\"}]}<\/script>\n<!-- \/ Yoast SEO plugin. -->","yoast_head_json":{"title":"Tule mukaan toimintaan! - Urjalan el\u00e4insuojeluyhdistys","robots":{"index":"index","follow":"follow","max-snippet":"max-snippet:-1","max-image-preview":"max-image-preview:large","max-video-preview":"max-video-preview:-1"},"canonical":"https:\/\/sey.fi\/urjala\/2026\/02\/18\/tule-mukaan-toimintaan\/","og_locale":"fi_FI","og_type":"article","og_title":"Tule mukaan toimintaan! - Urjalan el\u00e4insuojeluyhdistys","og_description":"El\u00e4insuojeluyhdistyksest\u00e4 l\u00f6ytyy sopiva teht\u00e4v\u00e4 jokaiselle. Vapaaehtoiset muun muassa auttavat el\u00e4inten hoidossa, kuljetuksissa ja loukutuksissa, tekev\u00e4t someviestint\u00e4\u00e4 ja varainhankintaa, osallistuvat tapahtumiin ja py\u00f6ritt\u00e4v\u00e4t yhdistystoimintaa. Urjalan El\u00e4insuojeluyhdistys etsii mukaan uusia vapaaehtoisia. Tule mukaan toimintaan! Olisiko sinulla aikaa el\u00e4imille? \ud83d\udc31\ud83d\udc36 Tutustu avoimiin teht\u00e4viin ja ryhdy vapaaehtoiseksi &#8211; ilmoittaudu t\u00e4st\u00e4!","og_url":"https:\/\/sey.fi\/urjala\/2026\/02\/18\/tule-mukaan-toimintaan\/","og_site_name":"Urjalan el\u00e4insuojeluyhdistys","article_published_time":"2026-02-18T19:32:41+00:00","article_modified_time":"2026-02-18T19:32:42+00:00","og_image":[{"width":1062,"height":778,"url":"https:\/\/sey.fi\/wp-content\/uploads\/sites\/32\/2026\/02\/Screenshot-2026-02-18-at-21.31.45.png","type":"image\/png"}],"author":"urjala","twitter_card":"summary_large_image","twitter_misc":{"Kirjoittanut":"urjala","Arvioitu lukuaika":"1 minuutti"},"schema":{"@context":"https:\/\/schema.org","@graph":[{"@type":"Article","@id":"https:\/\/sey.fi\/urjala\/2026\/02\/18\/tule-mukaan-toimintaan\/#article","isPartOf":{"@id":"https:\/\/sey.fi\/urjala\/2026\/02\/18\/tule-mukaan-toimintaan\/"},"author":{"name":"urjala","@id":"https:\/\/sey.fi\/urjala\/#\/schema\/person\/4e5321343dcea3ef45009bae2ff89a09"},"headline":"Tule mukaan toimintaan!","datePublished":"2026-02-18T19:32:41+00:00","dateModified":"2026-02-18T19:32:42+00:00","mainEntityOfPage":{"@id":"https:\/\/sey.fi\/urjala\/2026\/02\/18\/tule-mukaan-toimintaan\/"},"wordCount":60,"image":{"@id":"https:\/\/sey.fi\/urjala\/2026\/02\/18\/tule-mukaan-toimintaan\/#primaryimage"},"thumbnailUrl":"https:\/\/sey.fi\/wp-content\/uploads\/sites\/32\/2026\/02\/Screenshot-2026-02-18-at-21.31.45.png","articleSection":["Ajankohtaista"],"inLanguage":"fi"},{"@type":"WebPage","@id":"https:\/\/sey.fi\/urjala\/2026\/02\/18\/tule-mukaan-toimintaan\/","url":"https:\/\/sey.fi\/urjala\/2026\/02\/18\/tule-mukaan-toimintaan\/","name":"Tule mukaan toimintaan! - Urjalan el\u00e4insuojeluyhdistys","isPartOf":{"@id":"https:\/\/sey.fi\/urjala\/#website"},"primaryImageOfPage":{"@id":"https:\/\/sey.fi\/urjala\/2026\/02\/18\/tule-mukaan-toimintaan\/#primaryimage"},"image":{"@id":"https:\/\/sey.fi\/urjala\/2026\/02\/18\/tule-mukaan-toimintaan\/#primaryimage"},"thumbnailUrl":"https:\/\/sey.fi\/wp-content\/uploads\/sites\/32\/2026\/02\/Screenshot-2026-02-18-at-21.31.45.png","datePublished":"2026-02-18T19:32:41+00:00","dateModified":"2026-02-18T19:32:42+00:00","author":{"@id":"https:\/\/sey.fi\/urjala\/#\/schema\/person\/4e5321343dcea3ef45009bae2ff89a09"},"breadcrumb":{"@id":"https:\/\/sey.fi\/urjala\/2026\/02\/18\/tule-mukaan-toimintaan\/#breadcrumb"},"inLanguage":"fi","potentialAction":[{"@type":"ReadAction","target":["https:\/\/sey.fi\/urjala\/2026\/02\/18\/tule-mukaan-toimintaan\/"]}]},{"@type":"ImageObject","inLanguage":"fi","@id":"https:\/\/sey.fi\/urjala\/2026\/02\/18\/tule-mukaan-toimintaan\/#primaryimage","url":"https:\/\/sey.fi\/wp-content\/uploads\/sites\/32\/2026\/02\/Screenshot-2026-02-18-at-21.31.45.png","contentUrl":"https:\/\/sey.fi\/wp-content\/uploads\/sites\/32\/2026\/02\/Screenshot-2026-02-18-at-21.31.45.png","width":1062,"height":778},{"@type":"BreadcrumbList","@id":"https:\/\/sey.fi\/urjala\/2026\/02\/18\/tule-mukaan-toimintaan\/#breadcrumb","itemListElement":[{"@type":"ListItem","position":1,"name":"Home","item":"https:\/\/sey.fi\/urjala\/"},{"@type":"ListItem","position":2,"name":"Tule mukaan toimintaan!"}]},{"@type":"WebSite","@id":"https:\/\/sey.fi\/urjala\/#website","url":"https:\/\/sey.fi\/urjala\/","name":"Urjalan el\u00e4insuojeluyhdistys","description":"Uusi SEY J\u00e4senyhdistykset -sivusto","potentialAction":[{"@type":"SearchAction","target":{"@type":"EntryPoint","urlTemplate":"https:\/\/sey.fi\/urjala\/?s={search_term_string}"},"query-input":{"@type":"PropertyValueSpecification","valueRequired":true,"valueName":"search_term_string"}}],"inLanguage":"fi"},{"@type":"Person","@id":"https:\/\/sey.fi\/urjala\/#\/schema\/person\/4e5321343dcea3ef45009bae2ff89a09","name":"urjala","image":{"@type":"ImageObject","inLanguage":"fi","@id":"https:\/\/sey.fi\/urjala\/#\/schema\/person\/image\/","url":"https:\/\/secure.gravatar.com\/avatar\/8237b92c4ca680127cb8099f3830dad29cfc2eb90bb72832e62c00feee924f7c?s=96&d=mm&r=g","contentUrl":"https:\/\/secure.gravatar.com\/avatar\/8237b92c4ca680127cb8099f3830dad29cfc2eb90bb72832e62c00feee924f7c?s=96&d=mm&r=g","caption":"urjala"},"url":"https:\/\/sey.fi\/urjala\/author\/urjala\/"}]}},"_links":{"self":[{"href":"https:\/\/sey.fi\/urjala\/wp-json\/wp\/v2\/posts\/220","targetHints":{"allow":["GET"]}}],"collection":[{"href":"https:\/\/sey.fi\/urjala\/wp-json\/wp\/v2\/posts"}],"about":[{"href":"https:\/\/sey.fi\/urjala\/wp-json\/wp\/v2\/types\/post"}],"author":[{"embeddable":true,"href":"https:\/\/sey.fi\/urjala\/wp-json\/wp\/v2\/users\/29"}],"replies":[{"embeddable":true,"href":"https:\/\/sey.fi\/urjala\/wp-json\/wp\/v2\/comments?post=220"}],"version-history":[{"count":1,"href":"https:\/\/sey.fi\/urjala\/wp-json\/wp\/v2\/posts\/220\/revisions"}],"predecessor-version":[{"id":223,"href":"https:\/\/sey.fi\/urjala\/wp-json\/wp\/v2\/posts\/220\/revisions\/223"}],"wp:featuredmedia":[{"embeddable":true,"href":"https:\/\/sey.fi\/urjala\/wp-json\/wp\/v2\/media\/222"}],"wp:attachment":[{"href":"https:\/\/sey.fi\/urjala\/wp-json\/wp\/v2\/media?parent=220"}],"wp:term":[{"taxonomy":"category","embeddable":true,"href":"https:\/\/sey.fi\/urjala\/wp-json\/wp\/v2\/categories?post=220"}],"curies":[{"name":"wp","href":"https:\/\/api.w.org\/{rel}","templated":true}]}}