{"id":232,"date":"2026-02-21T09:10:25","date_gmt":"2026-02-21T07:10:25","guid":{"rendered":"https:\/\/sey.fi\/urjala\/?p=232"},"modified":"2026-02-21T09:10:26","modified_gmt":"2026-02-21T07:10:26","slug":"urjalan-seudun-elaimet-tarvitsevat-omat-elainlaakarinsa","status":"publish","type":"post","link":"https:\/\/sey.fi\/urjala\/2026\/02\/21\/urjalan-seudun-elaimet-tarvitsevat-omat-elainlaakarinsa\/","title":{"rendered":"Urjalan seudun el\u00e4imet tarvitsevat omat el\u00e4inl\u00e4\u00e4k\u00e4rins\u00e4"},"content":{"rendered":"\n<figure class=\"wp-block-image size-large\"><img loading=\"lazy\" decoding=\"async\" width=\"1024\" height=\"769\" src=\"https:\/\/sey.fi\/wp-content\/uploads\/sites\/32\/2026\/02\/619442352_1206012935056531_7070595570931879541_n-1024x769.jpg\" alt=\"\" class=\"wp-image-233\" srcset=\"https:\/\/sey.fi\/wp-content\/uploads\/sites\/32\/2026\/02\/619442352_1206012935056531_7070595570931879541_n-1024x769.jpg 1024w, https:\/\/sey.fi\/wp-content\/uploads\/sites\/32\/2026\/02\/619442352_1206012935056531_7070595570931879541_n-300x225.jpg 300w, https:\/\/sey.fi\/wp-content\/uploads\/sites\/32\/2026\/02\/619442352_1206012935056531_7070595570931879541_n-768x577.jpg 768w, https:\/\/sey.fi\/wp-content\/uploads\/sites\/32\/2026\/02\/619442352_1206012935056531_7070595570931879541_n-1536x1154.jpg 1536w, https:\/\/sey.fi\/wp-content\/uploads\/sites\/32\/2026\/02\/619442352_1206012935056531_7070595570931879541_n.jpg 2048w\" sizes=\"auto, (max-width: 1024px) 100vw, 1024px\" \/><\/figure>\n\n\n\n<p>Urjalan El\u00e4insuojeluyhdistyksen hallituksen mielipidekirjoitus julkaistiin <a href=\"https:\/\/urjalansanomat.fi\/2026\/01\/13\/urjalan-seudun-elaimet-tarvitsevat-omat-elainlaakarinsa\/\">Urjalan Sanomissa<\/a> 13.1.2026. Urjalan uuden ja tilavan kunnanel\u00e4inl\u00e4\u00e4k\u00e4rien vastaanoton avajaisia vietettiin 28.1.2026. Urjalan El\u00e4insuojeluyhdistys sai kutsun olla mukana ja k\u00e4vi monia antoisia keskusteluja k\u00e4vij\u00f6iden kanssa.<\/p>\n\n\n\n<h2 class=\"wp-block-heading\">Mielipide: Urjalan seudun el\u00e4imet tarvitsevat omat el\u00e4inl\u00e4\u00e4k\u00e4rins\u00e4<\/h2>\n\n\n\n<p>Urjalalalaisilla on paljon monenlaisia tuotanto-, harraste- ja lemmikkiel\u00e4imi\u00e4. El\u00e4inten omistajat arvostavat hyvin toimivia kunnallisia el\u00e4inl\u00e4\u00e4k\u00e4ripalveluja.<\/p>\n\n\n\n<p>Kunnanel\u00e4inl\u00e4\u00e4k\u00e4rit ovat t\u00e4h\u00e4n asti pystyneet auttamaan h\u00e4d\u00e4ss\u00e4 olevia el\u00e4imi\u00e4 l\u00e4hipalveluna kohtuullisilla kustannuksilla.<\/p>\n\n\n\n<p>Uusi El\u00e4inhuoltolaki heikent\u00e4\u00e4 kunnanel\u00e4inl\u00e4\u00e4k\u00e4ripalveluja ja verkostoa valtakunnallisestikin. Virkoja v\u00e4hennet\u00e4\u00e4n, vastaanottoja suljetaan tai keskitet\u00e4\u00e4n ja hintoja nostetaan, kun yksityiset el\u00e4inl\u00e4\u00e4k\u00e4riasemat ovat painostaneet hallitusta korjaamaan ep\u00e4reilua hinnoittelua. T\u00e4m\u00e4 on el\u00e4insuojelullisesti suuri taka-askel varsinkin haja-asutusalueilla, kun avun saanti viiv\u00e4styy ja monimutkaistuu. My\u00f6s monen v\u00e4h\u00e4varaisen ihmisen mahdollisuus hoidattaa el\u00e4imi\u00e4 heikkenee. El\u00e4insuojelutoimijat ovat jo pitk\u00e4\u00e4n olleet huolissaan nykyisist\u00e4kin el\u00e4inl\u00e4\u00e4k\u00e4rimaksuista.<\/p>\n\n\n\n<p>Paikallisen el\u00e4insuojeluyhdistyksen yhteisty\u00f6 el\u00e4inl\u00e4\u00e4k\u00e4riemme kanssa on aina ollut joustavaa ja edullista. Yhdess\u00e4 on j\u00e4rjestetty kissojen leikkauskampanjoita ja el\u00e4inl\u00e4\u00e4k\u00e4rit ovat laittaneet lemmikeille meid\u00e4n lahjoittamia mikrosiruja muun k\u00e4ynnin yhteydess\u00e4 jo useita vuosia. Yhdistyksen kodittomia kissoja on hoidettu Urjalassa ja on my\u00f6s saatu el\u00e4inl\u00e4\u00e4ketieteellinen arvio luonnonvaraisten el\u00e4inten vammoista erilaisissa tilanteissa.<\/p>\n\n\n\n<p>Urjalan el\u00e4insuojeluyhdistys vetoaa el\u00e4inten puolesta Urjalan kunnanel\u00e4inl\u00e4\u00e4k\u00e4reiden vastaanoton ja nykyisten virkojen s\u00e4ilytt\u00e4misest\u00e4 .<\/p>\n\n\n\n<p>Urjalan el\u00e4insuojeluyhdistyksen hallitus<\/p>\n","protected":false},"excerpt":{"rendered":"<p>Urjalan El\u00e4insuojeluyhdistyksen hallituksen mielipidekirjoitus julkaistiin Urjalan Sanomissa 13.1.2026. Urjalan uuden ja tilavan kunnanel\u00e4inl\u00e4\u00e4k\u00e4rien vastaanoton avajaisia vietettiin 28.1.2026. Urjalan El\u00e4insuojeluyhdistys sai kutsun olla mukana ja k\u00e4vi monia antoisia keskusteluja k\u00e4vij\u00f6iden kanssa. Mielipide: Urjalan seudun el\u00e4imet tarvitsevat omat el\u00e4inl\u00e4\u00e4k\u00e4rins\u00e4 Urjalalalaisilla on paljon monenlaisia tuotanto-, harraste- ja lemmikkiel\u00e4imi\u00e4. El\u00e4inten omistajat arvostavat hyvin toimivia kunnallisia el\u00e4inl\u00e4\u00e4k\u00e4ripalveluja. Kunnanel\u00e4inl\u00e4\u00e4k\u00e4rit ovat t\u00e4h\u00e4n [&hellip;]<\/p>\n","protected":false},"author":29,"featured_media":0,"comment_status":"closed","ping_status":"closed","sticky":false,"template":"","format":"standard","meta":{"_acf_changed":false,"footnotes":""},"categories":[1],"class_list":["post-232","post","type-post","status-publish","format-standard","hentry","category-ajankohtaista"],"acf":[],"yoast_head":"<!-- This site is optimized with the Yoast SEO plugin v27.1.1 - https:\/\/yoast.com\/product\/yoast-seo-wordpress\/ -->\n<title>Urjalan seudun el\u00e4imet tarvitsevat omat el\u00e4inl\u00e4\u00e4k\u00e4rins\u00e4 - Urjalan el\u00e4insuojeluyhdistys<\/title>\n<meta name=\"robots\" content=\"index, follow, max-snippet:-1, max-image-preview:large, max-video-preview:-1\" \/>\n<link rel=\"canonical\" href=\"https:\/\/sey.fi\/urjala\/2026\/02\/21\/urjalan-seudun-elaimet-tarvitsevat-omat-elainlaakarinsa\/\" \/>\n<meta property=\"og:locale\" content=\"fi_FI\" \/>\n<meta property=\"og:type\" content=\"article\" \/>\n<meta property=\"og:title\" content=\"Urjalan seudun el\u00e4imet tarvitsevat omat el\u00e4inl\u00e4\u00e4k\u00e4rins\u00e4 - Urjalan el\u00e4insuojeluyhdistys\" \/>\n<meta property=\"og:description\" content=\"Urjalan El\u00e4insuojeluyhdistyksen hallituksen mielipidekirjoitus julkaistiin Urjalan Sanomissa 13.1.2026. Urjalan uuden ja tilavan kunnanel\u00e4inl\u00e4\u00e4k\u00e4rien vastaanoton avajaisia vietettiin 28.1.2026. Urjalan El\u00e4insuojeluyhdistys sai kutsun olla mukana ja k\u00e4vi monia antoisia keskusteluja k\u00e4vij\u00f6iden kanssa. Mielipide: Urjalan seudun el\u00e4imet tarvitsevat omat el\u00e4inl\u00e4\u00e4k\u00e4rins\u00e4 Urjalalalaisilla on paljon monenlaisia tuotanto-, harraste- ja lemmikkiel\u00e4imi\u00e4. El\u00e4inten omistajat arvostavat hyvin toimivia kunnallisia el\u00e4inl\u00e4\u00e4k\u00e4ripalveluja. Kunnanel\u00e4inl\u00e4\u00e4k\u00e4rit ovat t\u00e4h\u00e4n [&hellip;]\" \/>\n<meta property=\"og:url\" content=\"https:\/\/sey.fi\/urjala\/2026\/02\/21\/urjalan-seudun-elaimet-tarvitsevat-omat-elainlaakarinsa\/\" \/>\n<meta property=\"og:site_name\" content=\"Urjalan el\u00e4insuojeluyhdistys\" \/>\n<meta property=\"article:published_time\" content=\"2026-02-21T07:10:25+00:00\" \/>\n<meta property=\"article:modified_time\" content=\"2026-02-21T07:10:26+00:00\" \/>\n<meta property=\"og:image\" content=\"https:\/\/sey.fi\/wp-content\/uploads\/sites\/32\/2026\/02\/619442352_1206012935056531_7070595570931879541_n.jpg\" \/>\n\t<meta property=\"og:image:width\" content=\"2048\" \/>\n\t<meta property=\"og:image:height\" content=\"1538\" \/>\n\t<meta property=\"og:image:type\" content=\"image\/jpeg\" \/>\n<meta name=\"author\" content=\"urjala\" \/>\n<meta name=\"twitter:card\" content=\"summary_large_image\" \/>\n<meta name=\"twitter:label1\" content=\"Kirjoittanut\" \/>\n\t<meta name=\"twitter:data1\" content=\"urjala\" \/>\n\t<meta name=\"twitter:label2\" content=\"Arvioitu lukuaika\" \/>\n\t<meta name=\"twitter:data2\" content=\"2 minuuttia\" \/>\n<script type=\"application\/ld+json\" class=\"yoast-schema-graph\">{\"@context\":\"https:\/\/schema.org\",\"@graph\":[{\"@type\":\"Article\",\"@id\":\"https:\/\/sey.fi\/urjala\/2026\/02\/21\/urjalan-seudun-elaimet-tarvitsevat-omat-elainlaakarinsa\/#article\",\"isPartOf\":{\"@id\":\"https:\/\/sey.fi\/urjala\/2026\/02\/21\/urjalan-seudun-elaimet-tarvitsevat-omat-elainlaakarinsa\/\"},\"author\":{\"name\":\"urjala\",\"@id\":\"https:\/\/sey.fi\/urjala\/#\/schema\/person\/4e5321343dcea3ef45009bae2ff89a09\"},\"headline\":\"Urjalan seudun el\u00e4imet tarvitsevat omat el\u00e4inl\u00e4\u00e4k\u00e4rins\u00e4\",\"datePublished\":\"2026-02-21T07:10:25+00:00\",\"dateModified\":\"2026-02-21T07:10:26+00:00\",\"mainEntityOfPage\":{\"@id\":\"https:\/\/sey.fi\/urjala\/2026\/02\/21\/urjalan-seudun-elaimet-tarvitsevat-omat-elainlaakarinsa\/\"},\"wordCount\":260,\"image\":{\"@id\":\"https:\/\/sey.fi\/urjala\/2026\/02\/21\/urjalan-seudun-elaimet-tarvitsevat-omat-elainlaakarinsa\/#primaryimage\"},\"thumbnailUrl\":\"https:\/\/sey.fi\/wp-content\/uploads\/sites\/32\/2026\/02\/619442352_1206012935056531_7070595570931879541_n-1024x769.jpg\",\"articleSection\":[\"Ajankohtaista\"],\"inLanguage\":\"fi\"},{\"@type\":\"WebPage\",\"@id\":\"https:\/\/sey.fi\/urjala\/2026\/02\/21\/urjalan-seudun-elaimet-tarvitsevat-omat-elainlaakarinsa\/\",\"url\":\"https:\/\/sey.fi\/urjala\/2026\/02\/21\/urjalan-seudun-elaimet-tarvitsevat-omat-elainlaakarinsa\/\",\"name\":\"Urjalan seudun el\u00e4imet tarvitsevat omat el\u00e4inl\u00e4\u00e4k\u00e4rins\u00e4 - Urjalan el\u00e4insuojeluyhdistys\",\"isPartOf\":{\"@id\":\"https:\/\/sey.fi\/urjala\/#website\"},\"primaryImageOfPage\":{\"@id\":\"https:\/\/sey.fi\/urjala\/2026\/02\/21\/urjalan-seudun-elaimet-tarvitsevat-omat-elainlaakarinsa\/#primaryimage\"},\"image\":{\"@id\":\"https:\/\/sey.fi\/urjala\/2026\/02\/21\/urjalan-seudun-elaimet-tarvitsevat-omat-elainlaakarinsa\/#primaryimage\"},\"thumbnailUrl\":\"https:\/\/sey.fi\/wp-content\/uploads\/sites\/32\/2026\/02\/619442352_1206012935056531_7070595570931879541_n-1024x769.jpg\",\"datePublished\":\"2026-02-21T07:10:25+00:00\",\"dateModified\":\"2026-02-21T07:10:26+00:00\",\"author\":{\"@id\":\"https:\/\/sey.fi\/urjala\/#\/schema\/person\/4e5321343dcea3ef45009bae2ff89a09\"},\"breadcrumb\":{\"@id\":\"https:\/\/sey.fi\/urjala\/2026\/02\/21\/urjalan-seudun-elaimet-tarvitsevat-omat-elainlaakarinsa\/#breadcrumb\"},\"inLanguage\":\"fi\",\"potentialAction\":[{\"@type\":\"ReadAction\",\"target\":[\"https:\/\/sey.fi\/urjala\/2026\/02\/21\/urjalan-seudun-elaimet-tarvitsevat-omat-elainlaakarinsa\/\"]}]},{\"@type\":\"ImageObject\",\"inLanguage\":\"fi\",\"@id\":\"https:\/\/sey.fi\/urjala\/2026\/02\/21\/urjalan-seudun-elaimet-tarvitsevat-omat-elainlaakarinsa\/#primaryimage\",\"url\":\"https:\/\/sey.fi\/wp-content\/uploads\/sites\/32\/2026\/02\/619442352_1206012935056531_7070595570931879541_n-1024x769.jpg\",\"contentUrl\":\"https:\/\/sey.fi\/wp-content\/uploads\/sites\/32\/2026\/02\/619442352_1206012935056531_7070595570931879541_n-1024x769.jpg\"},{\"@type\":\"BreadcrumbList\",\"@id\":\"https:\/\/sey.fi\/urjala\/2026\/02\/21\/urjalan-seudun-elaimet-tarvitsevat-omat-elainlaakarinsa\/#breadcrumb\",\"itemListElement\":[{\"@type\":\"ListItem\",\"position\":1,\"name\":\"Home\",\"item\":\"https:\/\/sey.fi\/urjala\/\"},{\"@type\":\"ListItem\",\"position\":2,\"name\":\"Urjalan seudun el\u00e4imet tarvitsevat omat el\u00e4inl\u00e4\u00e4k\u00e4rins\u00e4\"}]},{\"@type\":\"WebSite\",\"@id\":\"https:\/\/sey.fi\/urjala\/#website\",\"url\":\"https:\/\/sey.fi\/urjala\/\",\"name\":\"Urjalan el\u00e4insuojeluyhdistys\",\"description\":\"Uusi SEY J\u00e4senyhdistykset -sivusto\",\"potentialAction\":[{\"@type\":\"SearchAction\",\"target\":{\"@type\":\"EntryPoint\",\"urlTemplate\":\"https:\/\/sey.fi\/urjala\/?s={search_term_string}\"},\"query-input\":{\"@type\":\"PropertyValueSpecification\",\"valueRequired\":true,\"valueName\":\"search_term_string\"}}],\"inLanguage\":\"fi\"},{\"@type\":\"Person\",\"@id\":\"https:\/\/sey.fi\/urjala\/#\/schema\/person\/4e5321343dcea3ef45009bae2ff89a09\",\"name\":\"urjala\",\"image\":{\"@type\":\"ImageObject\",\"inLanguage\":\"fi\",\"@id\":\"https:\/\/sey.fi\/urjala\/#\/schema\/person\/image\/\",\"url\":\"https:\/\/secure.gravatar.com\/avatar\/8237b92c4ca680127cb8099f3830dad29cfc2eb90bb72832e62c00feee924f7c?s=96&d=mm&r=g\",\"contentUrl\":\"https:\/\/secure.gravatar.com\/avatar\/8237b92c4ca680127cb8099f3830dad29cfc2eb90bb72832e62c00feee924f7c?s=96&d=mm&r=g\",\"caption\":\"urjala\"},\"url\":\"https:\/\/sey.fi\/urjala\/author\/urjala\/\"}]}<\/script>\n<!-- \/ Yoast SEO plugin. -->","yoast_head_json":{"title":"Urjalan seudun el\u00e4imet tarvitsevat omat el\u00e4inl\u00e4\u00e4k\u00e4rins\u00e4 - Urjalan el\u00e4insuojeluyhdistys","robots":{"index":"index","follow":"follow","max-snippet":"max-snippet:-1","max-image-preview":"max-image-preview:large","max-video-preview":"max-video-preview:-1"},"canonical":"https:\/\/sey.fi\/urjala\/2026\/02\/21\/urjalan-seudun-elaimet-tarvitsevat-omat-elainlaakarinsa\/","og_locale":"fi_FI","og_type":"article","og_title":"Urjalan seudun el\u00e4imet tarvitsevat omat el\u00e4inl\u00e4\u00e4k\u00e4rins\u00e4 - Urjalan el\u00e4insuojeluyhdistys","og_description":"Urjalan El\u00e4insuojeluyhdistyksen hallituksen mielipidekirjoitus julkaistiin Urjalan Sanomissa 13.1.2026. Urjalan uuden ja tilavan kunnanel\u00e4inl\u00e4\u00e4k\u00e4rien vastaanoton avajaisia vietettiin 28.1.2026. Urjalan El\u00e4insuojeluyhdistys sai kutsun olla mukana ja k\u00e4vi monia antoisia keskusteluja k\u00e4vij\u00f6iden kanssa. Mielipide: Urjalan seudun el\u00e4imet tarvitsevat omat el\u00e4inl\u00e4\u00e4k\u00e4rins\u00e4 Urjalalalaisilla on paljon monenlaisia tuotanto-, harraste- ja lemmikkiel\u00e4imi\u00e4. El\u00e4inten omistajat arvostavat hyvin toimivia kunnallisia el\u00e4inl\u00e4\u00e4k\u00e4ripalveluja. Kunnanel\u00e4inl\u00e4\u00e4k\u00e4rit ovat t\u00e4h\u00e4n [&hellip;]","og_url":"https:\/\/sey.fi\/urjala\/2026\/02\/21\/urjalan-seudun-elaimet-tarvitsevat-omat-elainlaakarinsa\/","og_site_name":"Urjalan el\u00e4insuojeluyhdistys","article_published_time":"2026-02-21T07:10:25+00:00","article_modified_time":"2026-02-21T07:10:26+00:00","og_image":[{"width":2048,"height":1538,"url":"https:\/\/sey.fi\/wp-content\/uploads\/sites\/32\/2026\/02\/619442352_1206012935056531_7070595570931879541_n.jpg","type":"image\/jpeg"}],"author":"urjala","twitter_card":"summary_large_image","twitter_misc":{"Kirjoittanut":"urjala","Arvioitu lukuaika":"2 minuuttia"},"schema":{"@context":"https:\/\/schema.org","@graph":[{"@type":"Article","@id":"https:\/\/sey.fi\/urjala\/2026\/02\/21\/urjalan-seudun-elaimet-tarvitsevat-omat-elainlaakarinsa\/#article","isPartOf":{"@id":"https:\/\/sey.fi\/urjala\/2026\/02\/21\/urjalan-seudun-elaimet-tarvitsevat-omat-elainlaakarinsa\/"},"author":{"name":"urjala","@id":"https:\/\/sey.fi\/urjala\/#\/schema\/person\/4e5321343dcea3ef45009bae2ff89a09"},"headline":"Urjalan seudun el\u00e4imet tarvitsevat omat el\u00e4inl\u00e4\u00e4k\u00e4rins\u00e4","datePublished":"2026-02-21T07:10:25+00:00","dateModified":"2026-02-21T07:10:26+00:00","mainEntityOfPage":{"@id":"https:\/\/sey.fi\/urjala\/2026\/02\/21\/urjalan-seudun-elaimet-tarvitsevat-omat-elainlaakarinsa\/"},"wordCount":260,"image":{"@id":"https:\/\/sey.fi\/urjala\/2026\/02\/21\/urjalan-seudun-elaimet-tarvitsevat-omat-elainlaakarinsa\/#primaryimage"},"thumbnailUrl":"https:\/\/sey.fi\/wp-content\/uploads\/sites\/32\/2026\/02\/619442352_1206012935056531_7070595570931879541_n-1024x769.jpg","articleSection":["Ajankohtaista"],"inLanguage":"fi"},{"@type":"WebPage","@id":"https:\/\/sey.fi\/urjala\/2026\/02\/21\/urjalan-seudun-elaimet-tarvitsevat-omat-elainlaakarinsa\/","url":"https:\/\/sey.fi\/urjala\/2026\/02\/21\/urjalan-seudun-elaimet-tarvitsevat-omat-elainlaakarinsa\/","name":"Urjalan seudun el\u00e4imet tarvitsevat omat el\u00e4inl\u00e4\u00e4k\u00e4rins\u00e4 - Urjalan el\u00e4insuojeluyhdistys","isPartOf":{"@id":"https:\/\/sey.fi\/urjala\/#website"},"primaryImageOfPage":{"@id":"https:\/\/sey.fi\/urjala\/2026\/02\/21\/urjalan-seudun-elaimet-tarvitsevat-omat-elainlaakarinsa\/#primaryimage"},"image":{"@id":"https:\/\/sey.fi\/urjala\/2026\/02\/21\/urjalan-seudun-elaimet-tarvitsevat-omat-elainlaakarinsa\/#primaryimage"},"thumbnailUrl":"https:\/\/sey.fi\/wp-content\/uploads\/sites\/32\/2026\/02\/619442352_1206012935056531_7070595570931879541_n-1024x769.jpg","datePublished":"2026-02-21T07:10:25+00:00","dateModified":"2026-02-21T07:10:26+00:00","author":{"@id":"https:\/\/sey.fi\/urjala\/#\/schema\/person\/4e5321343dcea3ef45009bae2ff89a09"},"breadcrumb":{"@id":"https:\/\/sey.fi\/urjala\/2026\/02\/21\/urjalan-seudun-elaimet-tarvitsevat-omat-elainlaakarinsa\/#breadcrumb"},"inLanguage":"fi","potentialAction":[{"@type":"ReadAction","target":["https:\/\/sey.fi\/urjala\/2026\/02\/21\/urjalan-seudun-elaimet-tarvitsevat-omat-elainlaakarinsa\/"]}]},{"@type":"ImageObject","inLanguage":"fi","@id":"https:\/\/sey.fi\/urjala\/2026\/02\/21\/urjalan-seudun-elaimet-tarvitsevat-omat-elainlaakarinsa\/#primaryimage","url":"https:\/\/sey.fi\/wp-content\/uploads\/sites\/32\/2026\/02\/619442352_1206012935056531_7070595570931879541_n-1024x769.jpg","contentUrl":"https:\/\/sey.fi\/wp-content\/uploads\/sites\/32\/2026\/02\/619442352_1206012935056531_7070595570931879541_n-1024x769.jpg"},{"@type":"BreadcrumbList","@id":"https:\/\/sey.fi\/urjala\/2026\/02\/21\/urjalan-seudun-elaimet-tarvitsevat-omat-elainlaakarinsa\/#breadcrumb","itemListElement":[{"@type":"ListItem","position":1,"name":"Home","item":"https:\/\/sey.fi\/urjala\/"},{"@type":"ListItem","position":2,"name":"Urjalan seudun el\u00e4imet tarvitsevat omat el\u00e4inl\u00e4\u00e4k\u00e4rins\u00e4"}]},{"@type":"WebSite","@id":"https:\/\/sey.fi\/urjala\/#website","url":"https:\/\/sey.fi\/urjala\/","name":"Urjalan el\u00e4insuojeluyhdistys","description":"Uusi SEY J\u00e4senyhdistykset -sivusto","potentialAction":[{"@type":"SearchAction","target":{"@type":"EntryPoint","urlTemplate":"https:\/\/sey.fi\/urjala\/?s={search_term_string}"},"query-input":{"@type":"PropertyValueSpecification","valueRequired":true,"valueName":"search_term_string"}}],"inLanguage":"fi"},{"@type":"Person","@id":"https:\/\/sey.fi\/urjala\/#\/schema\/person\/4e5321343dcea3ef45009bae2ff89a09","name":"urjala","image":{"@type":"ImageObject","inLanguage":"fi","@id":"https:\/\/sey.fi\/urjala\/#\/schema\/person\/image\/","url":"https:\/\/secure.gravatar.com\/avatar\/8237b92c4ca680127cb8099f3830dad29cfc2eb90bb72832e62c00feee924f7c?s=96&d=mm&r=g","contentUrl":"https:\/\/secure.gravatar.com\/avatar\/8237b92c4ca680127cb8099f3830dad29cfc2eb90bb72832e62c00feee924f7c?s=96&d=mm&r=g","caption":"urjala"},"url":"https:\/\/sey.fi\/urjala\/author\/urjala\/"}]}},"_links":{"self":[{"href":"https:\/\/sey.fi\/urjala\/wp-json\/wp\/v2\/posts\/232","targetHints":{"allow":["GET"]}}],"collection":[{"href":"https:\/\/sey.fi\/urjala\/wp-json\/wp\/v2\/posts"}],"about":[{"href":"https:\/\/sey.fi\/urjala\/wp-json\/wp\/v2\/types\/post"}],"author":[{"embeddable":true,"href":"https:\/\/sey.fi\/urjala\/wp-json\/wp\/v2\/users\/29"}],"replies":[{"embeddable":true,"href":"https:\/\/sey.fi\/urjala\/wp-json\/wp\/v2\/comments?post=232"}],"version-history":[{"count":1,"href":"https:\/\/sey.fi\/urjala\/wp-json\/wp\/v2\/posts\/232\/revisions"}],"predecessor-version":[{"id":234,"href":"https:\/\/sey.fi\/urjala\/wp-json\/wp\/v2\/posts\/232\/revisions\/234"}],"wp:attachment":[{"href":"https:\/\/sey.fi\/urjala\/wp-json\/wp\/v2\/media?parent=232"}],"wp:term":[{"taxonomy":"category","embeddable":true,"href":"https:\/\/sey.fi\/urjala\/wp-json\/wp\/v2\/categories?post=232"}],"curies":[{"name":"wp","href":"https:\/\/api.w.org\/{rel}","templated":true}]}}