{"id":261,"date":"2026-04-02T19:01:53","date_gmt":"2026-04-02T16:01:53","guid":{"rendered":"https:\/\/sey.fi\/urjala\/?p=261"},"modified":"2026-04-02T19:01:54","modified_gmt":"2026-04-02T16:01:54","slug":"kokouskutsu-urjalan-elainsuojeluyhdistys-ryn-vuosikokous-2026","status":"publish","type":"post","link":"https:\/\/sey.fi\/urjala\/2026\/04\/02\/kokouskutsu-urjalan-elainsuojeluyhdistys-ryn-vuosikokous-2026\/","title":{"rendered":"Kokouskutsu: Urjalan El\u00e4insuojeluyhdistys ry:n vuosikokous 2026"},"content":{"rendered":"\n<p>Hei j\u00e4sen ja el\u00e4inten yst\u00e4v\u00e4,<\/p>\n\n\n\n<p>Kev\u00e4t tekee tuloaan ja on aika kokoontua yhteen summaamaan edellinen vuosi ja keskustelemaan yhdistyksemme toiminnasta. Kutsumme teid\u00e4t l\u00e4mpim\u00e4sti s\u00e4\u00e4nt\u00f6m\u00e4\u00e4r\u00e4iseen&nbsp;<strong>vuosikokoukseen<\/strong>!<\/p>\n\n\n\n<p><strong>Paikka:<\/strong>\u00a0Kyl\u00e4kahvilan alakerta, Urjalantie 24, 31760 Urjala<\/p>\n\n\n\n<p><strong>Aika:<\/strong>\u00a0Tiistaina 14.4.2026 klo 18:00<\/p>\n\n\n\n<p><strong>Esityslista<\/strong><\/p>\n\n\n\n<p>Yhdistyksen vuosikokouksessa k\u00e4sitell\u00e4\u00e4n seuraavat asiat:<\/p>\n\n\n\n<ol class=\"wp-block-list\">\n<li>Kokouksen avaus<\/li>\n\n\n\n<li>Valitaan kokouksen puheenjohtaja, sihteeri, kaksi p\u00f6yt\u00e4kirjantarkastajaa ja tarvittaessa kaksi \u00e4\u00e4ntenlaskijaa<\/li>\n\n\n\n<li>Todetaan kokouksen laillisuus ja p\u00e4\u00e4t\u00f6svaltaisuus<\/li>\n\n\n\n<li>Hyv\u00e4ksyt\u00e4\u00e4n kokouksen ty\u00f6j\u00e4rjestys<\/li>\n\n\n\n<li>Esitet\u00e4\u00e4n tilinp\u00e4\u00e4t\u00f6s, vuosikertomus ja tilintarkastajien lausunto vuodelta 2025<\/li>\n\n\n\n<li>P\u00e4\u00e4tet\u00e4\u00e4n tilinp\u00e4\u00e4t\u00f6ksen vahvistamisesta ja vastuuvapauden my\u00f6nt\u00e4misest\u00e4 hallitukselle ja muille vastuuvelvollisille<\/li>\n\n\n\n<li>Vahvistetaan toimintasuunnitelma, tulo- ja menoarvio sek\u00e4 liittymis- ja j\u00e4senmaksujen suuruudet<\/li>\n\n\n\n<li>Valitaan hallituksen puheenjohtaja ja muut j\u00e4senet<\/li>\n\n\n\n<li>Valitaan yksi tai kaksi tilintarkastajaa ja heille varatilintarkastajat<\/li>\n\n\n\n<li>Kokouksen p\u00e4\u00e4tt\u00e4minen<\/li>\n<\/ol>\n\n\n\n<p>L\u00e4mpim\u00e4sti tervetuloa mukaan vaikuttamaan ja kuulemaan el\u00e4insuojeluty\u00f6mme kuulumisia!<\/p>\n\n\n\n<p>Kahvitarjoilu<\/p>\n\n\n\n<p><strong>Kev\u00e4isin terveisin,<\/strong>&nbsp;Urjalan El\u00e4insuojeluyhdistys ry:n hallitus<\/p>\n\n\n\n<h2 class=\"wp-block-heading\">Hallitus 2025<\/h2>\n\n\n\n<p>Johanna Elonheimo &#8211; Puheenjohtaja ja j\u00e4sensihteeri<\/p>\n\n\n\n<p><em>Varsinaiset j\u00e4senet:<\/em><\/p>\n\n\n\n<p>Tiuku Puro, varapuheenjohtaja<\/p>\n\n\n\n<p>Sirpa Maunuksela<\/p>\n\n\n\n<p>Mira Nieminen<\/p>\n\n\n\n<p>Sara Puro<\/p>\n\n\n\n<p>Arja Tonteri, sihteeri<\/p>\n\n\n\n<p><em>Varaj\u00e4senet:<\/em><\/p>\n\n\n\n<p>Heli Kurkisuo<\/p>\n\n\n\n<p>Tapani Tuovinen<\/p>\n","protected":false},"excerpt":{"rendered":"<p>Hei j\u00e4sen ja el\u00e4inten yst\u00e4v\u00e4, Kev\u00e4t tekee tuloaan ja on aika kokoontua yhteen summaamaan edellinen vuosi ja keskustelemaan yhdistyksemme toiminnasta. Kutsumme teid\u00e4t l\u00e4mpim\u00e4sti s\u00e4\u00e4nt\u00f6m\u00e4\u00e4r\u00e4iseen&nbsp;vuosikokoukseen! Paikka:\u00a0Kyl\u00e4kahvilan alakerta, Urjalantie 24, 31760 Urjala Aika:\u00a0Tiistaina 14.4.2026 klo 18:00 Esityslista Yhdistyksen vuosikokouksessa k\u00e4sitell\u00e4\u00e4n seuraavat asiat: L\u00e4mpim\u00e4sti tervetuloa mukaan vaikuttamaan ja kuulemaan el\u00e4insuojeluty\u00f6mme kuulumisia! Kahvitarjoilu Kev\u00e4isin terveisin,&nbsp;Urjalan El\u00e4insuojeluyhdistys ry:n hallitus Hallitus [&hellip;]<\/p>\n","protected":false},"author":29,"featured_media":0,"comment_status":"closed","ping_status":"closed","sticky":false,"template":"","format":"standard","meta":{"_acf_changed":false,"footnotes":""},"categories":[1],"class_list":["post-261","post","type-post","status-publish","format-standard","hentry","category-ajankohtaista"],"acf":[],"yoast_head":"<!-- This site is optimized with the Yoast SEO plugin v27.1.1 - https:\/\/yoast.com\/product\/yoast-seo-wordpress\/ -->\n<title>Kokouskutsu: Urjalan El\u00e4insuojeluyhdistys ry:n vuosikokous 2026 - Urjalan el\u00e4insuojeluyhdistys<\/title>\n<meta name=\"robots\" content=\"index, follow, max-snippet:-1, max-image-preview:large, max-video-preview:-1\" \/>\n<link rel=\"canonical\" href=\"https:\/\/sey.fi\/urjala\/2026\/04\/02\/kokouskutsu-urjalan-elainsuojeluyhdistys-ryn-vuosikokous-2026\/\" \/>\n<meta property=\"og:locale\" content=\"fi_FI\" \/>\n<meta property=\"og:type\" content=\"article\" \/>\n<meta property=\"og:title\" content=\"Kokouskutsu: Urjalan El\u00e4insuojeluyhdistys ry:n vuosikokous 2026 - Urjalan el\u00e4insuojeluyhdistys\" \/>\n<meta property=\"og:description\" content=\"Hei j\u00e4sen ja el\u00e4inten yst\u00e4v\u00e4, Kev\u00e4t tekee tuloaan ja on aika kokoontua yhteen summaamaan edellinen vuosi ja keskustelemaan yhdistyksemme toiminnasta. Kutsumme teid\u00e4t l\u00e4mpim\u00e4sti s\u00e4\u00e4nt\u00f6m\u00e4\u00e4r\u00e4iseen&nbsp;vuosikokoukseen! Paikka:\u00a0Kyl\u00e4kahvilan alakerta, Urjalantie 24, 31760 Urjala Aika:\u00a0Tiistaina 14.4.2026 klo 18:00 Esityslista Yhdistyksen vuosikokouksessa k\u00e4sitell\u00e4\u00e4n seuraavat asiat: L\u00e4mpim\u00e4sti tervetuloa mukaan vaikuttamaan ja kuulemaan el\u00e4insuojeluty\u00f6mme kuulumisia! Kahvitarjoilu Kev\u00e4isin terveisin,&nbsp;Urjalan El\u00e4insuojeluyhdistys ry:n hallitus Hallitus [&hellip;]\" \/>\n<meta property=\"og:url\" content=\"https:\/\/sey.fi\/urjala\/2026\/04\/02\/kokouskutsu-urjalan-elainsuojeluyhdistys-ryn-vuosikokous-2026\/\" \/>\n<meta property=\"og:site_name\" content=\"Urjalan el\u00e4insuojeluyhdistys\" \/>\n<meta property=\"article:published_time\" content=\"2026-04-02T16:01:53+00:00\" \/>\n<meta property=\"article:modified_time\" content=\"2026-04-02T16:01:54+00:00\" \/>\n<meta name=\"author\" content=\"urjala\" \/>\n<meta name=\"twitter:card\" content=\"summary_large_image\" \/>\n<meta name=\"twitter:label1\" content=\"Kirjoittanut\" \/>\n\t<meta name=\"twitter:data1\" content=\"urjala\" \/>\n\t<meta name=\"twitter:label2\" content=\"Arvioitu lukuaika\" \/>\n\t<meta name=\"twitter:data2\" content=\"1 minuutti\" \/>\n<script type=\"application\/ld+json\" class=\"yoast-schema-graph\">{\"@context\":\"https:\/\/schema.org\",\"@graph\":[{\"@type\":\"Article\",\"@id\":\"https:\/\/sey.fi\/urjala\/2026\/04\/02\/kokouskutsu-urjalan-elainsuojeluyhdistys-ryn-vuosikokous-2026\/#article\",\"isPartOf\":{\"@id\":\"https:\/\/sey.fi\/urjala\/2026\/04\/02\/kokouskutsu-urjalan-elainsuojeluyhdistys-ryn-vuosikokous-2026\/\"},\"author\":{\"name\":\"urjala\",\"@id\":\"https:\/\/sey.fi\/urjala\/#\/schema\/person\/4e5321343dcea3ef45009bae2ff89a09\"},\"headline\":\"Kokouskutsu: Urjalan El\u00e4insuojeluyhdistys ry:n vuosikokous 2026\",\"datePublished\":\"2026-04-02T16:01:53+00:00\",\"dateModified\":\"2026-04-02T16:01:54+00:00\",\"mainEntityOfPage\":{\"@id\":\"https:\/\/sey.fi\/urjala\/2026\/04\/02\/kokouskutsu-urjalan-elainsuojeluyhdistys-ryn-vuosikokous-2026\/\"},\"wordCount\":197,\"articleSection\":[\"Ajankohtaista\"],\"inLanguage\":\"fi\"},{\"@type\":\"WebPage\",\"@id\":\"https:\/\/sey.fi\/urjala\/2026\/04\/02\/kokouskutsu-urjalan-elainsuojeluyhdistys-ryn-vuosikokous-2026\/\",\"url\":\"https:\/\/sey.fi\/urjala\/2026\/04\/02\/kokouskutsu-urjalan-elainsuojeluyhdistys-ryn-vuosikokous-2026\/\",\"name\":\"Kokouskutsu: Urjalan El\u00e4insuojeluyhdistys ry:n vuosikokous 2026 - Urjalan el\u00e4insuojeluyhdistys\",\"isPartOf\":{\"@id\":\"https:\/\/sey.fi\/urjala\/#website\"},\"datePublished\":\"2026-04-02T16:01:53+00:00\",\"dateModified\":\"2026-04-02T16:01:54+00:00\",\"author\":{\"@id\":\"https:\/\/sey.fi\/urjala\/#\/schema\/person\/4e5321343dcea3ef45009bae2ff89a09\"},\"breadcrumb\":{\"@id\":\"https:\/\/sey.fi\/urjala\/2026\/04\/02\/kokouskutsu-urjalan-elainsuojeluyhdistys-ryn-vuosikokous-2026\/#breadcrumb\"},\"inLanguage\":\"fi\",\"potentialAction\":[{\"@type\":\"ReadAction\",\"target\":[\"https:\/\/sey.fi\/urjala\/2026\/04\/02\/kokouskutsu-urjalan-elainsuojeluyhdistys-ryn-vuosikokous-2026\/\"]}]},{\"@type\":\"BreadcrumbList\",\"@id\":\"https:\/\/sey.fi\/urjala\/2026\/04\/02\/kokouskutsu-urjalan-elainsuojeluyhdistys-ryn-vuosikokous-2026\/#breadcrumb\",\"itemListElement\":[{\"@type\":\"ListItem\",\"position\":1,\"name\":\"Home\",\"item\":\"https:\/\/sey.fi\/urjala\/\"},{\"@type\":\"ListItem\",\"position\":2,\"name\":\"Kokouskutsu: Urjalan El\u00e4insuojeluyhdistys ry:n vuosikokous 2026\"}]},{\"@type\":\"WebSite\",\"@id\":\"https:\/\/sey.fi\/urjala\/#website\",\"url\":\"https:\/\/sey.fi\/urjala\/\",\"name\":\"Urjalan el\u00e4insuojeluyhdistys\",\"description\":\"Uusi SEY J\u00e4senyhdistykset -sivusto\",\"potentialAction\":[{\"@type\":\"SearchAction\",\"target\":{\"@type\":\"EntryPoint\",\"urlTemplate\":\"https:\/\/sey.fi\/urjala\/?s={search_term_string}\"},\"query-input\":{\"@type\":\"PropertyValueSpecification\",\"valueRequired\":true,\"valueName\":\"search_term_string\"}}],\"inLanguage\":\"fi\"},{\"@type\":\"Person\",\"@id\":\"https:\/\/sey.fi\/urjala\/#\/schema\/person\/4e5321343dcea3ef45009bae2ff89a09\",\"name\":\"urjala\",\"image\":{\"@type\":\"ImageObject\",\"inLanguage\":\"fi\",\"@id\":\"https:\/\/sey.fi\/urjala\/#\/schema\/person\/image\/\",\"url\":\"https:\/\/secure.gravatar.com\/avatar\/8237b92c4ca680127cb8099f3830dad29cfc2eb90bb72832e62c00feee924f7c?s=96&d=mm&r=g\",\"contentUrl\":\"https:\/\/secure.gravatar.com\/avatar\/8237b92c4ca680127cb8099f3830dad29cfc2eb90bb72832e62c00feee924f7c?s=96&d=mm&r=g\",\"caption\":\"urjala\"},\"url\":\"https:\/\/sey.fi\/urjala\/author\/urjala\/\"}]}<\/script>\n<!-- \/ Yoast SEO plugin. -->","yoast_head_json":{"title":"Kokouskutsu: Urjalan El\u00e4insuojeluyhdistys ry:n vuosikokous 2026 - Urjalan el\u00e4insuojeluyhdistys","robots":{"index":"index","follow":"follow","max-snippet":"max-snippet:-1","max-image-preview":"max-image-preview:large","max-video-preview":"max-video-preview:-1"},"canonical":"https:\/\/sey.fi\/urjala\/2026\/04\/02\/kokouskutsu-urjalan-elainsuojeluyhdistys-ryn-vuosikokous-2026\/","og_locale":"fi_FI","og_type":"article","og_title":"Kokouskutsu: Urjalan El\u00e4insuojeluyhdistys ry:n vuosikokous 2026 - Urjalan el\u00e4insuojeluyhdistys","og_description":"Hei j\u00e4sen ja el\u00e4inten yst\u00e4v\u00e4, Kev\u00e4t tekee tuloaan ja on aika kokoontua yhteen summaamaan edellinen vuosi ja keskustelemaan yhdistyksemme toiminnasta. Kutsumme teid\u00e4t l\u00e4mpim\u00e4sti s\u00e4\u00e4nt\u00f6m\u00e4\u00e4r\u00e4iseen&nbsp;vuosikokoukseen! Paikka:\u00a0Kyl\u00e4kahvilan alakerta, Urjalantie 24, 31760 Urjala Aika:\u00a0Tiistaina 14.4.2026 klo 18:00 Esityslista Yhdistyksen vuosikokouksessa k\u00e4sitell\u00e4\u00e4n seuraavat asiat: L\u00e4mpim\u00e4sti tervetuloa mukaan vaikuttamaan ja kuulemaan el\u00e4insuojeluty\u00f6mme kuulumisia! Kahvitarjoilu Kev\u00e4isin terveisin,&nbsp;Urjalan El\u00e4insuojeluyhdistys ry:n hallitus Hallitus [&hellip;]","og_url":"https:\/\/sey.fi\/urjala\/2026\/04\/02\/kokouskutsu-urjalan-elainsuojeluyhdistys-ryn-vuosikokous-2026\/","og_site_name":"Urjalan el\u00e4insuojeluyhdistys","article_published_time":"2026-04-02T16:01:53+00:00","article_modified_time":"2026-04-02T16:01:54+00:00","author":"urjala","twitter_card":"summary_large_image","twitter_misc":{"Kirjoittanut":"urjala","Arvioitu lukuaika":"1 minuutti"},"schema":{"@context":"https:\/\/schema.org","@graph":[{"@type":"Article","@id":"https:\/\/sey.fi\/urjala\/2026\/04\/02\/kokouskutsu-urjalan-elainsuojeluyhdistys-ryn-vuosikokous-2026\/#article","isPartOf":{"@id":"https:\/\/sey.fi\/urjala\/2026\/04\/02\/kokouskutsu-urjalan-elainsuojeluyhdistys-ryn-vuosikokous-2026\/"},"author":{"name":"urjala","@id":"https:\/\/sey.fi\/urjala\/#\/schema\/person\/4e5321343dcea3ef45009bae2ff89a09"},"headline":"Kokouskutsu: Urjalan El\u00e4insuojeluyhdistys ry:n vuosikokous 2026","datePublished":"2026-04-02T16:01:53+00:00","dateModified":"2026-04-02T16:01:54+00:00","mainEntityOfPage":{"@id":"https:\/\/sey.fi\/urjala\/2026\/04\/02\/kokouskutsu-urjalan-elainsuojeluyhdistys-ryn-vuosikokous-2026\/"},"wordCount":197,"articleSection":["Ajankohtaista"],"inLanguage":"fi"},{"@type":"WebPage","@id":"https:\/\/sey.fi\/urjala\/2026\/04\/02\/kokouskutsu-urjalan-elainsuojeluyhdistys-ryn-vuosikokous-2026\/","url":"https:\/\/sey.fi\/urjala\/2026\/04\/02\/kokouskutsu-urjalan-elainsuojeluyhdistys-ryn-vuosikokous-2026\/","name":"Kokouskutsu: Urjalan El\u00e4insuojeluyhdistys ry:n vuosikokous 2026 - Urjalan el\u00e4insuojeluyhdistys","isPartOf":{"@id":"https:\/\/sey.fi\/urjala\/#website"},"datePublished":"2026-04-02T16:01:53+00:00","dateModified":"2026-04-02T16:01:54+00:00","author":{"@id":"https:\/\/sey.fi\/urjala\/#\/schema\/person\/4e5321343dcea3ef45009bae2ff89a09"},"breadcrumb":{"@id":"https:\/\/sey.fi\/urjala\/2026\/04\/02\/kokouskutsu-urjalan-elainsuojeluyhdistys-ryn-vuosikokous-2026\/#breadcrumb"},"inLanguage":"fi","potentialAction":[{"@type":"ReadAction","target":["https:\/\/sey.fi\/urjala\/2026\/04\/02\/kokouskutsu-urjalan-elainsuojeluyhdistys-ryn-vuosikokous-2026\/"]}]},{"@type":"BreadcrumbList","@id":"https:\/\/sey.fi\/urjala\/2026\/04\/02\/kokouskutsu-urjalan-elainsuojeluyhdistys-ryn-vuosikokous-2026\/#breadcrumb","itemListElement":[{"@type":"ListItem","position":1,"name":"Home","item":"https:\/\/sey.fi\/urjala\/"},{"@type":"ListItem","position":2,"name":"Kokouskutsu: Urjalan El\u00e4insuojeluyhdistys ry:n vuosikokous 2026"}]},{"@type":"WebSite","@id":"https:\/\/sey.fi\/urjala\/#website","url":"https:\/\/sey.fi\/urjala\/","name":"Urjalan el\u00e4insuojeluyhdistys","description":"Uusi SEY J\u00e4senyhdistykset -sivusto","potentialAction":[{"@type":"SearchAction","target":{"@type":"EntryPoint","urlTemplate":"https:\/\/sey.fi\/urjala\/?s={search_term_string}"},"query-input":{"@type":"PropertyValueSpecification","valueRequired":true,"valueName":"search_term_string"}}],"inLanguage":"fi"},{"@type":"Person","@id":"https:\/\/sey.fi\/urjala\/#\/schema\/person\/4e5321343dcea3ef45009bae2ff89a09","name":"urjala","image":{"@type":"ImageObject","inLanguage":"fi","@id":"https:\/\/sey.fi\/urjala\/#\/schema\/person\/image\/","url":"https:\/\/secure.gravatar.com\/avatar\/8237b92c4ca680127cb8099f3830dad29cfc2eb90bb72832e62c00feee924f7c?s=96&d=mm&r=g","contentUrl":"https:\/\/secure.gravatar.com\/avatar\/8237b92c4ca680127cb8099f3830dad29cfc2eb90bb72832e62c00feee924f7c?s=96&d=mm&r=g","caption":"urjala"},"url":"https:\/\/sey.fi\/urjala\/author\/urjala\/"}]}},"_links":{"self":[{"href":"https:\/\/sey.fi\/urjala\/wp-json\/wp\/v2\/posts\/261","targetHints":{"allow":["GET"]}}],"collection":[{"href":"https:\/\/sey.fi\/urjala\/wp-json\/wp\/v2\/posts"}],"about":[{"href":"https:\/\/sey.fi\/urjala\/wp-json\/wp\/v2\/types\/post"}],"author":[{"embeddable":true,"href":"https:\/\/sey.fi\/urjala\/wp-json\/wp\/v2\/users\/29"}],"replies":[{"embeddable":true,"href":"https:\/\/sey.fi\/urjala\/wp-json\/wp\/v2\/comments?post=261"}],"version-history":[{"count":1,"href":"https:\/\/sey.fi\/urjala\/wp-json\/wp\/v2\/posts\/261\/revisions"}],"predecessor-version":[{"id":262,"href":"https:\/\/sey.fi\/urjala\/wp-json\/wp\/v2\/posts\/261\/revisions\/262"}],"wp:attachment":[{"href":"https:\/\/sey.fi\/urjala\/wp-json\/wp\/v2\/media?parent=261"}],"wp:term":[{"taxonomy":"category","embeddable":true,"href":"https:\/\/sey.fi\/urjala\/wp-json\/wp\/v2\/categories?post=261"}],"curies":[{"name":"wp","href":"https:\/\/api.w.org\/{rel}","templated":true}]}}