{"id":266,"date":"2026-04-16T08:43:23","date_gmt":"2026-04-16T05:43:23","guid":{"rendered":"https:\/\/sey.fi\/urjala\/?p=266"},"modified":"2026-04-16T08:44:45","modified_gmt":"2026-04-16T05:44:45","slug":"elainruokakerays-paikallisen-perheen-lemmikkien-hyvaksi","status":"publish","type":"post","link":"https:\/\/sey.fi\/urjala\/2026\/04\/16\/elainruokakerays-paikallisen-perheen-lemmikkien-hyvaksi\/","title":{"rendered":"El\u00e4inruokaker\u00e4ys paikallisen perheen lemmikkien hyv\u00e4ksi"},"content":{"rendered":"<div class=\"wp-block-image\">\n<figure class=\"alignleft size-medium\"><img loading=\"lazy\" decoding=\"async\" width=\"212\" height=\"300\" src=\"https:\/\/sey.fi\/wp-content\/uploads\/sites\/32\/2026\/04\/Elainruokakerays-4-2026-sivu-1-1-212x300.png\" alt=\"\" class=\"wp-image-268\" srcset=\"https:\/\/sey.fi\/wp-content\/uploads\/sites\/32\/2026\/04\/Elainruokakerays-4-2026-sivu-1-1-212x300.png 212w, https:\/\/sey.fi\/wp-content\/uploads\/sites\/32\/2026\/04\/Elainruokakerays-4-2026-sivu-1-1-724x1024.png 724w, https:\/\/sey.fi\/wp-content\/uploads\/sites\/32\/2026\/04\/Elainruokakerays-4-2026-sivu-1-1-768x1086.png 768w, https:\/\/sey.fi\/wp-content\/uploads\/sites\/32\/2026\/04\/Elainruokakerays-4-2026-sivu-1-1-1086x1536.png 1086w, https:\/\/sey.fi\/wp-content\/uploads\/sites\/32\/2026\/04\/Elainruokakerays-4-2026-sivu-1-1-1448x2048.png 1448w, https:\/\/sey.fi\/wp-content\/uploads\/sites\/32\/2026\/04\/Elainruokakerays-4-2026-sivu-1-1.png 1587w\" sizes=\"auto, (max-width: 212px) 100vw, 212px\" \/><\/figure><\/div>\n\n\n<p>Urjalan El\u00e4insuojeluyhdistys j\u00e4rjest\u00e4\u00e4 <strong>el\u00e4inruokaker\u00e4yksen 21.-26.4.2026<\/strong> <a href=\"https:\/\/www.k-ruoka.fi\/kauppa\/k-supermarket-mari\" id=\"https:\/\/www.k-ruoka.fi\/kauppa\/k-supermarket-mari\">K-Supermarket Marissa<\/a> ja <a href=\"https:\/\/www.s-kanava.fi\/toimipaikka\/s-market-urjala\/685835472\">S-market Urjalassa<\/a>. Lahjoitukset menev\u00e4t tulipalon kokeneen paikallisen perheen lemmikkien auttamiseen sek\u00e4 yhdistyksen muuhun avustustoimintaan \ud83d\udc36\ud83d\udc31\ud83d\udc30<\/p>\n\n\n\n<h2 class=\"wp-block-heading\">Osallistu ker\u00e4ykseen n\u00e4in<\/h2>\n\n\n\n<p>Osta haluamasi kissan-, koiran- tai kaninruoka kaupasta ja tuo se ulko-oven l\u00e4heisyydest\u00e4 l\u00f6ytyv\u00e4\u00e4n ostosk\u00e4rryyn. Jokainen lahjoitus on t\u00e4rke\u00e4, ja auttaa perheen lemmikkej\u00e4 sek\u00e4 muita apua tarvitsevien el\u00e4inten kanssa toimijoita. <\/p>\n\n\n\n<p><strong>Kiitos, kun autat!<\/strong><\/p>\n\n\n\n<h2 class=\"wp-block-heading\">Auta jakamalla tietoa ruokaker\u00e4yksest\u00e4!<\/h2>\n\n\n\n<p>Oletko valmis auttamaan jakamalla tietoa ruokaker\u00e4yksest\u00e4mme? Kiitos! \ud83d\ude3b Lataa alta kuvatiedostot somessa jaettavaksi tai pdf tulostettavaksi ja jaa tietoa omalle verkostollesi. Voit my\u00f6s merkit\u00e4 Urjalan El\u00e4insuojeluyhdistyksen some-kanavan omaan julkaisuusi.<\/p>\n\n\n\n<p><strong>Materiaalit<\/strong><\/p>\n\n\n\n<p><a href=\"https:\/\/sey.fi\/wp-content\/uploads\/sites\/32\/2026\/04\/Elainruokakerays-4-2026-sivu-1-1.png\" id=\"268\">El\u00e4inruokaker\u00e4ys 4-2026, kuva, sivu 1<\/a><br><a href=\"https:\/\/sey.fi\/wp-content\/uploads\/sites\/32\/2026\/04\/Elainruokakerays-4-2026-sivu-2.png\" id=\"269\">El\u00e4inruokaker\u00e4ys 4-2026, kuva, sivu 2<\/a><br><a href=\"https:\/\/sey.fi\/wp-content\/uploads\/sites\/32\/2026\/04\/Elainruokakerays-4-2026.pdf\" id=\"270\">El\u00e4inruokaker\u00e4ys 4-2025, pdf-tiedosto<\/a><\/p>\n\n\n\n<p><strong>Urjalan El\u00e4insuojeluyhdistykset some-kanavat<\/strong><\/p>\n\n\n\n<p><a href=\"https:\/\/www.facebook.com\/urjalaesy\">Facebook<\/a> \/ @urjalanesy<br><a href=\"https:\/\/www.instagram.com\/urjalanelainsuojeluyhdistys\/\">Instagram<\/a> \/ @urjalanelainsuojeluyhdistys<br><a href=\"https:\/\/www.tiktok.com\/@urjalan.elinsuojel\">TikTok<\/a> \/ @urjalan.elinsuojel<br><a href=\"https:\/\/x.com\/UrjalanESY\">X<\/a> \/ @UrjalanESY<\/p>\n","protected":false},"excerpt":{"rendered":"<p>Urjalan El\u00e4insuojeluyhdistys j\u00e4rjest\u00e4\u00e4 el\u00e4inruokaker\u00e4yksen 21.-26.4.2026 K-Supermarket Marissa ja S-market Urjalassa. Lahjoitukset menev\u00e4t tulipalon kokeneen paikallisen perheen lemmikkien auttamiseen sek\u00e4 yhdistyksen muuhun avustustoimintaan \ud83d\udc36\ud83d\udc31\ud83d\udc30 Osallistu ker\u00e4ykseen n\u00e4in Osta haluamasi kissan-, koiran- tai kaninruoka kaupasta ja tuo se ulko-oven l\u00e4heisyydest\u00e4 l\u00f6ytyv\u00e4\u00e4n ostosk\u00e4rryyn. Jokainen lahjoitus on t\u00e4rke\u00e4, ja auttaa perheen lemmikkej\u00e4 sek\u00e4 muita apua tarvitsevien el\u00e4inten kanssa toimijoita. [&hellip;]<\/p>\n","protected":false},"author":29,"featured_media":0,"comment_status":"closed","ping_status":"closed","sticky":false,"template":"","format":"standard","meta":{"_acf_changed":false,"footnotes":""},"categories":[1],"class_list":["post-266","post","type-post","status-publish","format-standard","hentry","category-ajankohtaista"],"acf":[],"yoast_head":"<!-- This site is optimized with the Yoast SEO plugin v27.1.1 - https:\/\/yoast.com\/product\/yoast-seo-wordpress\/ -->\n<title>El\u00e4inruokaker\u00e4ys paikallisen perheen lemmikkien hyv\u00e4ksi - Urjalan el\u00e4insuojeluyhdistys<\/title>\n<meta name=\"robots\" content=\"index, follow, max-snippet:-1, max-image-preview:large, max-video-preview:-1\" \/>\n<link rel=\"canonical\" href=\"https:\/\/sey.fi\/urjala\/2026\/04\/16\/elainruokakerays-paikallisen-perheen-lemmikkien-hyvaksi\/\" \/>\n<meta property=\"og:locale\" content=\"fi_FI\" \/>\n<meta property=\"og:type\" content=\"article\" \/>\n<meta property=\"og:title\" content=\"El\u00e4inruokaker\u00e4ys paikallisen perheen lemmikkien hyv\u00e4ksi - Urjalan el\u00e4insuojeluyhdistys\" \/>\n<meta property=\"og:description\" content=\"Urjalan El\u00e4insuojeluyhdistys j\u00e4rjest\u00e4\u00e4 el\u00e4inruokaker\u00e4yksen 21.-26.4.2026 K-Supermarket Marissa ja S-market Urjalassa. Lahjoitukset menev\u00e4t tulipalon kokeneen paikallisen perheen lemmikkien auttamiseen sek\u00e4 yhdistyksen muuhun avustustoimintaan \ud83d\udc36\ud83d\udc31\ud83d\udc30 Osallistu ker\u00e4ykseen n\u00e4in Osta haluamasi kissan-, koiran- tai kaninruoka kaupasta ja tuo se ulko-oven l\u00e4heisyydest\u00e4 l\u00f6ytyv\u00e4\u00e4n ostosk\u00e4rryyn. Jokainen lahjoitus on t\u00e4rke\u00e4, ja auttaa perheen lemmikkej\u00e4 sek\u00e4 muita apua tarvitsevien el\u00e4inten kanssa toimijoita. [&hellip;]\" \/>\n<meta property=\"og:url\" content=\"https:\/\/sey.fi\/urjala\/2026\/04\/16\/elainruokakerays-paikallisen-perheen-lemmikkien-hyvaksi\/\" \/>\n<meta property=\"og:site_name\" content=\"Urjalan el\u00e4insuojeluyhdistys\" \/>\n<meta property=\"article:published_time\" content=\"2026-04-16T05:43:23+00:00\" \/>\n<meta property=\"article:modified_time\" content=\"2026-04-16T05:44:45+00:00\" \/>\n<meta property=\"og:image\" content=\"https:\/\/sey.fi\/wp-content\/uploads\/sites\/32\/2026\/04\/Elainruokakerays-4-2026-sivu-1-1.png\" \/>\n\t<meta property=\"og:image:width\" content=\"1587\" \/>\n\t<meta property=\"og:image:height\" content=\"2245\" \/>\n\t<meta property=\"og:image:type\" content=\"image\/png\" \/>\n<meta name=\"author\" content=\"urjala\" \/>\n<meta name=\"twitter:card\" content=\"summary_large_image\" \/>\n<meta name=\"twitter:label1\" content=\"Kirjoittanut\" \/>\n\t<meta name=\"twitter:data1\" content=\"urjala\" \/>\n\t<meta name=\"twitter:label2\" content=\"Arvioitu lukuaika\" \/>\n\t<meta name=\"twitter:data2\" content=\"1 minuutti\" \/>\n<script type=\"application\/ld+json\" class=\"yoast-schema-graph\">{\"@context\":\"https:\/\/schema.org\",\"@graph\":[{\"@type\":\"Article\",\"@id\":\"https:\/\/sey.fi\/urjala\/2026\/04\/16\/elainruokakerays-paikallisen-perheen-lemmikkien-hyvaksi\/#article\",\"isPartOf\":{\"@id\":\"https:\/\/sey.fi\/urjala\/2026\/04\/16\/elainruokakerays-paikallisen-perheen-lemmikkien-hyvaksi\/\"},\"author\":{\"name\":\"urjala\",\"@id\":\"https:\/\/sey.fi\/urjala\/#\/schema\/person\/4e5321343dcea3ef45009bae2ff89a09\"},\"headline\":\"El\u00e4inruokaker\u00e4ys paikallisen perheen lemmikkien hyv\u00e4ksi\",\"datePublished\":\"2026-04-16T05:43:23+00:00\",\"dateModified\":\"2026-04-16T05:44:45+00:00\",\"mainEntityOfPage\":{\"@id\":\"https:\/\/sey.fi\/urjala\/2026\/04\/16\/elainruokakerays-paikallisen-perheen-lemmikkien-hyvaksi\/\"},\"wordCount\":146,\"image\":{\"@id\":\"https:\/\/sey.fi\/urjala\/2026\/04\/16\/elainruokakerays-paikallisen-perheen-lemmikkien-hyvaksi\/#primaryimage\"},\"thumbnailUrl\":\"https:\/\/sey.fi\/wp-content\/uploads\/sites\/32\/2026\/04\/Elainruokakerays-4-2026-sivu-1-1-212x300.png\",\"articleSection\":[\"Ajankohtaista\"],\"inLanguage\":\"fi\"},{\"@type\":\"WebPage\",\"@id\":\"https:\/\/sey.fi\/urjala\/2026\/04\/16\/elainruokakerays-paikallisen-perheen-lemmikkien-hyvaksi\/\",\"url\":\"https:\/\/sey.fi\/urjala\/2026\/04\/16\/elainruokakerays-paikallisen-perheen-lemmikkien-hyvaksi\/\",\"name\":\"El\u00e4inruokaker\u00e4ys paikallisen perheen lemmikkien hyv\u00e4ksi - Urjalan el\u00e4insuojeluyhdistys\",\"isPartOf\":{\"@id\":\"https:\/\/sey.fi\/urjala\/#website\"},\"primaryImageOfPage\":{\"@id\":\"https:\/\/sey.fi\/urjala\/2026\/04\/16\/elainruokakerays-paikallisen-perheen-lemmikkien-hyvaksi\/#primaryimage\"},\"image\":{\"@id\":\"https:\/\/sey.fi\/urjala\/2026\/04\/16\/elainruokakerays-paikallisen-perheen-lemmikkien-hyvaksi\/#primaryimage\"},\"thumbnailUrl\":\"https:\/\/sey.fi\/wp-content\/uploads\/sites\/32\/2026\/04\/Elainruokakerays-4-2026-sivu-1-1-212x300.png\",\"datePublished\":\"2026-04-16T05:43:23+00:00\",\"dateModified\":\"2026-04-16T05:44:45+00:00\",\"author\":{\"@id\":\"https:\/\/sey.fi\/urjala\/#\/schema\/person\/4e5321343dcea3ef45009bae2ff89a09\"},\"breadcrumb\":{\"@id\":\"https:\/\/sey.fi\/urjala\/2026\/04\/16\/elainruokakerays-paikallisen-perheen-lemmikkien-hyvaksi\/#breadcrumb\"},\"inLanguage\":\"fi\",\"potentialAction\":[{\"@type\":\"ReadAction\",\"target\":[\"https:\/\/sey.fi\/urjala\/2026\/04\/16\/elainruokakerays-paikallisen-perheen-lemmikkien-hyvaksi\/\"]}]},{\"@type\":\"ImageObject\",\"inLanguage\":\"fi\",\"@id\":\"https:\/\/sey.fi\/urjala\/2026\/04\/16\/elainruokakerays-paikallisen-perheen-lemmikkien-hyvaksi\/#primaryimage\",\"url\":\"https:\/\/sey.fi\/wp-content\/uploads\/sites\/32\/2026\/04\/Elainruokakerays-4-2026-sivu-1-1-212x300.png\",\"contentUrl\":\"https:\/\/sey.fi\/wp-content\/uploads\/sites\/32\/2026\/04\/Elainruokakerays-4-2026-sivu-1-1-212x300.png\"},{\"@type\":\"BreadcrumbList\",\"@id\":\"https:\/\/sey.fi\/urjala\/2026\/04\/16\/elainruokakerays-paikallisen-perheen-lemmikkien-hyvaksi\/#breadcrumb\",\"itemListElement\":[{\"@type\":\"ListItem\",\"position\":1,\"name\":\"Home\",\"item\":\"https:\/\/sey.fi\/urjala\/\"},{\"@type\":\"ListItem\",\"position\":2,\"name\":\"El\u00e4inruokaker\u00e4ys paikallisen perheen lemmikkien hyv\u00e4ksi\"}]},{\"@type\":\"WebSite\",\"@id\":\"https:\/\/sey.fi\/urjala\/#website\",\"url\":\"https:\/\/sey.fi\/urjala\/\",\"name\":\"Urjalan el\u00e4insuojeluyhdistys\",\"description\":\"Uusi SEY J\u00e4senyhdistykset -sivusto\",\"potentialAction\":[{\"@type\":\"SearchAction\",\"target\":{\"@type\":\"EntryPoint\",\"urlTemplate\":\"https:\/\/sey.fi\/urjala\/?s={search_term_string}\"},\"query-input\":{\"@type\":\"PropertyValueSpecification\",\"valueRequired\":true,\"valueName\":\"search_term_string\"}}],\"inLanguage\":\"fi\"},{\"@type\":\"Person\",\"@id\":\"https:\/\/sey.fi\/urjala\/#\/schema\/person\/4e5321343dcea3ef45009bae2ff89a09\",\"name\":\"urjala\",\"image\":{\"@type\":\"ImageObject\",\"inLanguage\":\"fi\",\"@id\":\"https:\/\/sey.fi\/urjala\/#\/schema\/person\/image\/\",\"url\":\"https:\/\/secure.gravatar.com\/avatar\/8237b92c4ca680127cb8099f3830dad29cfc2eb90bb72832e62c00feee924f7c?s=96&d=mm&r=g\",\"contentUrl\":\"https:\/\/secure.gravatar.com\/avatar\/8237b92c4ca680127cb8099f3830dad29cfc2eb90bb72832e62c00feee924f7c?s=96&d=mm&r=g\",\"caption\":\"urjala\"},\"url\":\"https:\/\/sey.fi\/urjala\/author\/urjala\/\"}]}<\/script>\n<!-- \/ Yoast SEO plugin. -->","yoast_head_json":{"title":"El\u00e4inruokaker\u00e4ys paikallisen perheen lemmikkien hyv\u00e4ksi - Urjalan el\u00e4insuojeluyhdistys","robots":{"index":"index","follow":"follow","max-snippet":"max-snippet:-1","max-image-preview":"max-image-preview:large","max-video-preview":"max-video-preview:-1"},"canonical":"https:\/\/sey.fi\/urjala\/2026\/04\/16\/elainruokakerays-paikallisen-perheen-lemmikkien-hyvaksi\/","og_locale":"fi_FI","og_type":"article","og_title":"El\u00e4inruokaker\u00e4ys paikallisen perheen lemmikkien hyv\u00e4ksi - Urjalan el\u00e4insuojeluyhdistys","og_description":"Urjalan El\u00e4insuojeluyhdistys j\u00e4rjest\u00e4\u00e4 el\u00e4inruokaker\u00e4yksen 21.-26.4.2026 K-Supermarket Marissa ja S-market Urjalassa. Lahjoitukset menev\u00e4t tulipalon kokeneen paikallisen perheen lemmikkien auttamiseen sek\u00e4 yhdistyksen muuhun avustustoimintaan \ud83d\udc36\ud83d\udc31\ud83d\udc30 Osallistu ker\u00e4ykseen n\u00e4in Osta haluamasi kissan-, koiran- tai kaninruoka kaupasta ja tuo se ulko-oven l\u00e4heisyydest\u00e4 l\u00f6ytyv\u00e4\u00e4n ostosk\u00e4rryyn. Jokainen lahjoitus on t\u00e4rke\u00e4, ja auttaa perheen lemmikkej\u00e4 sek\u00e4 muita apua tarvitsevien el\u00e4inten kanssa toimijoita. [&hellip;]","og_url":"https:\/\/sey.fi\/urjala\/2026\/04\/16\/elainruokakerays-paikallisen-perheen-lemmikkien-hyvaksi\/","og_site_name":"Urjalan el\u00e4insuojeluyhdistys","article_published_time":"2026-04-16T05:43:23+00:00","article_modified_time":"2026-04-16T05:44:45+00:00","og_image":[{"width":1587,"height":2245,"url":"https:\/\/sey.fi\/wp-content\/uploads\/sites\/32\/2026\/04\/Elainruokakerays-4-2026-sivu-1-1.png","type":"image\/png"}],"author":"urjala","twitter_card":"summary_large_image","twitter_misc":{"Kirjoittanut":"urjala","Arvioitu lukuaika":"1 minuutti"},"schema":{"@context":"https:\/\/schema.org","@graph":[{"@type":"Article","@id":"https:\/\/sey.fi\/urjala\/2026\/04\/16\/elainruokakerays-paikallisen-perheen-lemmikkien-hyvaksi\/#article","isPartOf":{"@id":"https:\/\/sey.fi\/urjala\/2026\/04\/16\/elainruokakerays-paikallisen-perheen-lemmikkien-hyvaksi\/"},"author":{"name":"urjala","@id":"https:\/\/sey.fi\/urjala\/#\/schema\/person\/4e5321343dcea3ef45009bae2ff89a09"},"headline":"El\u00e4inruokaker\u00e4ys paikallisen perheen lemmikkien hyv\u00e4ksi","datePublished":"2026-04-16T05:43:23+00:00","dateModified":"2026-04-16T05:44:45+00:00","mainEntityOfPage":{"@id":"https:\/\/sey.fi\/urjala\/2026\/04\/16\/elainruokakerays-paikallisen-perheen-lemmikkien-hyvaksi\/"},"wordCount":146,"image":{"@id":"https:\/\/sey.fi\/urjala\/2026\/04\/16\/elainruokakerays-paikallisen-perheen-lemmikkien-hyvaksi\/#primaryimage"},"thumbnailUrl":"https:\/\/sey.fi\/wp-content\/uploads\/sites\/32\/2026\/04\/Elainruokakerays-4-2026-sivu-1-1-212x300.png","articleSection":["Ajankohtaista"],"inLanguage":"fi"},{"@type":"WebPage","@id":"https:\/\/sey.fi\/urjala\/2026\/04\/16\/elainruokakerays-paikallisen-perheen-lemmikkien-hyvaksi\/","url":"https:\/\/sey.fi\/urjala\/2026\/04\/16\/elainruokakerays-paikallisen-perheen-lemmikkien-hyvaksi\/","name":"El\u00e4inruokaker\u00e4ys paikallisen perheen lemmikkien hyv\u00e4ksi - Urjalan el\u00e4insuojeluyhdistys","isPartOf":{"@id":"https:\/\/sey.fi\/urjala\/#website"},"primaryImageOfPage":{"@id":"https:\/\/sey.fi\/urjala\/2026\/04\/16\/elainruokakerays-paikallisen-perheen-lemmikkien-hyvaksi\/#primaryimage"},"image":{"@id":"https:\/\/sey.fi\/urjala\/2026\/04\/16\/elainruokakerays-paikallisen-perheen-lemmikkien-hyvaksi\/#primaryimage"},"thumbnailUrl":"https:\/\/sey.fi\/wp-content\/uploads\/sites\/32\/2026\/04\/Elainruokakerays-4-2026-sivu-1-1-212x300.png","datePublished":"2026-04-16T05:43:23+00:00","dateModified":"2026-04-16T05:44:45+00:00","author":{"@id":"https:\/\/sey.fi\/urjala\/#\/schema\/person\/4e5321343dcea3ef45009bae2ff89a09"},"breadcrumb":{"@id":"https:\/\/sey.fi\/urjala\/2026\/04\/16\/elainruokakerays-paikallisen-perheen-lemmikkien-hyvaksi\/#breadcrumb"},"inLanguage":"fi","potentialAction":[{"@type":"ReadAction","target":["https:\/\/sey.fi\/urjala\/2026\/04\/16\/elainruokakerays-paikallisen-perheen-lemmikkien-hyvaksi\/"]}]},{"@type":"ImageObject","inLanguage":"fi","@id":"https:\/\/sey.fi\/urjala\/2026\/04\/16\/elainruokakerays-paikallisen-perheen-lemmikkien-hyvaksi\/#primaryimage","url":"https:\/\/sey.fi\/wp-content\/uploads\/sites\/32\/2026\/04\/Elainruokakerays-4-2026-sivu-1-1-212x300.png","contentUrl":"https:\/\/sey.fi\/wp-content\/uploads\/sites\/32\/2026\/04\/Elainruokakerays-4-2026-sivu-1-1-212x300.png"},{"@type":"BreadcrumbList","@id":"https:\/\/sey.fi\/urjala\/2026\/04\/16\/elainruokakerays-paikallisen-perheen-lemmikkien-hyvaksi\/#breadcrumb","itemListElement":[{"@type":"ListItem","position":1,"name":"Home","item":"https:\/\/sey.fi\/urjala\/"},{"@type":"ListItem","position":2,"name":"El\u00e4inruokaker\u00e4ys paikallisen perheen lemmikkien hyv\u00e4ksi"}]},{"@type":"WebSite","@id":"https:\/\/sey.fi\/urjala\/#website","url":"https:\/\/sey.fi\/urjala\/","name":"Urjalan el\u00e4insuojeluyhdistys","description":"Uusi SEY J\u00e4senyhdistykset -sivusto","potentialAction":[{"@type":"SearchAction","target":{"@type":"EntryPoint","urlTemplate":"https:\/\/sey.fi\/urjala\/?s={search_term_string}"},"query-input":{"@type":"PropertyValueSpecification","valueRequired":true,"valueName":"search_term_string"}}],"inLanguage":"fi"},{"@type":"Person","@id":"https:\/\/sey.fi\/urjala\/#\/schema\/person\/4e5321343dcea3ef45009bae2ff89a09","name":"urjala","image":{"@type":"ImageObject","inLanguage":"fi","@id":"https:\/\/sey.fi\/urjala\/#\/schema\/person\/image\/","url":"https:\/\/secure.gravatar.com\/avatar\/8237b92c4ca680127cb8099f3830dad29cfc2eb90bb72832e62c00feee924f7c?s=96&d=mm&r=g","contentUrl":"https:\/\/secure.gravatar.com\/avatar\/8237b92c4ca680127cb8099f3830dad29cfc2eb90bb72832e62c00feee924f7c?s=96&d=mm&r=g","caption":"urjala"},"url":"https:\/\/sey.fi\/urjala\/author\/urjala\/"}]}},"_links":{"self":[{"href":"https:\/\/sey.fi\/urjala\/wp-json\/wp\/v2\/posts\/266","targetHints":{"allow":["GET"]}}],"collection":[{"href":"https:\/\/sey.fi\/urjala\/wp-json\/wp\/v2\/posts"}],"about":[{"href":"https:\/\/sey.fi\/urjala\/wp-json\/wp\/v2\/types\/post"}],"author":[{"embeddable":true,"href":"https:\/\/sey.fi\/urjala\/wp-json\/wp\/v2\/users\/29"}],"replies":[{"embeddable":true,"href":"https:\/\/sey.fi\/urjala\/wp-json\/wp\/v2\/comments?post=266"}],"version-history":[{"count":3,"href":"https:\/\/sey.fi\/urjala\/wp-json\/wp\/v2\/posts\/266\/revisions"}],"predecessor-version":[{"id":273,"href":"https:\/\/sey.fi\/urjala\/wp-json\/wp\/v2\/posts\/266\/revisions\/273"}],"wp:attachment":[{"href":"https:\/\/sey.fi\/urjala\/wp-json\/wp\/v2\/media?parent=266"}],"wp:term":[{"taxonomy":"category","embeddable":true,"href":"https:\/\/sey.fi\/urjala\/wp-json\/wp\/v2\/categories?post=266"}],"curies":[{"name":"wp","href":"https:\/\/api.w.org\/{rel}","templated":true}]}}